{"id":103794,"date":"2025-12-04T08:15:39","date_gmt":"2025-12-04T08:15:39","guid":{"rendered":"https:\/\/www.europesays.com\/no\/103794\/"},"modified":"2025-12-04T08:15:39","modified_gmt":"2025-12-04T08:15:39","slug":"fhi-spiserorskreft-oker-i-norge","status":"publish","type":"post","link":"https:\/\/www.europesays.com\/no\/103794\/","title":{"rendered":"FHI: Spiser\u00f8rskreft \u00f8ker i Norge"},"content":{"rendered":"<p class=\"extendedContent hyperion-css-eyn926\" data-test-tag=\"lead-text\">En ny studie fra kreftregisteret viser en \u00f8kning av spiser\u00f8rskreft i Norge, s\u00e6rlig hos menn, if\u00f8lge FHI.<\/p>\n<p><img decoding=\"async\" class=\"image-asset hyperion-css-u06ts1\" data-test-tag=\"image-asset\" src=\"https:\/\/www.europesays.com\/no\/wp-content\/uploads\/2025\/12\/10cac0cc-e35a-40d9-ad13-798f72392b19\"  alt=\"En ny studie fra Kreftregisteret viser en \u00f8kning av kreft i spiser\u00f8ret, s\u00e6rlig hos menn.&#10;Foto: Gorm Kallestad \/ NTB\"  loading=\"eager\" fetchpriority=\"high\" style=\"aspect-ratio:2048 \/ 1365\"\/>En ny studie fra Kreftregisteret viser en \u00f8kning av kreft i spiser\u00f8ret, s\u00e6rlig hos menn.<br \/>\nFoto: Gorm Kallestad \/ NTB<\/p>\n<p>Publisert: 04.12.2025 07:27<\/p>\n<p class=\"paywall hyperion-css-1j42uic\">Forekomsten har \u00f8kt fra 146 tilfeller tidlig p\u00e5 1990-tallet til rundt 360 tilfeller i gjennomsnitt de siste fem \u00e5rene.<\/p>\n<p class=\"paywall hyperion-css-1j42uic\"> Studien gir et detaljert innblikk i utviklingen av kreft i spiser\u00f8r og magesekk gjennom de siste 30 \u00e5rene, opplyser <a aria-label=\" Folkehelseinstituttet (FHI).\" class=\"default hyperion-css-1raymq9\" href=\"https:\/\/www.fhi.no\/nyheter\/2025\/spiserorskreft-oker-i-norge\/\" target=\"_blank\" rel=\"noopener nofollow noreferrer\" data-test-tag=\"external-link\"> Folkehelseinstituttet (FHI).<\/a><\/p>\n<p class=\"paywall hyperion-css-1j42uic\">\u2013 Vi har funnet at forekomsten av spiser\u00f8rskreft totalt har \u00f8kt med over 50 prosent i perioden, og menn rammes oftere enn kvinner, sier Trude Eid Robsahm, forsker ved Kreftregisteret og sisteforfatter av studien.<\/p>\n<p class=\"paywall hyperion-css-1j42uic\">Spiser\u00f8rskreft er blant kreftformene der forskjellene mellom menn og kvinner er st\u00f8rst. \u00c5rlig f\u00e5r om lag 360 personer kreft i spiser\u00f8ret, ca. 270 menn og 90 kvinner.<\/p>\n<p class=\"paywall hyperion-css-1j42uic\">Hovedsakelig er det to ulike typer kreft i spiser\u00f8ret; adenokarsinom, der kreftcellene utg\u00e5r fra kjertelvevet i spiser\u00f8ret, og plateepitelkarsinom, som starter i slimhinnene. <\/p>\n<p class=\"paywall hyperion-css-1j42uic\">Den mest markante \u00f8kningen har v\u00e6rt for adenokarsinom, som n\u00e5 utgj\u00f8r over 70 prosent av alle tilfeller av spiser\u00f8rskreft. Denne kreftformen er knyttet til overvekt og reflukssykdom, ogs\u00e5 kjent som halsbrann. <\/p>\n<p class=\"paywall hyperion-css-1j42uic\">Plateepitelkarsinom har g\u00e5tt ned med omtrent 40 prosent i l\u00f8pet av perioden forskerne har unders\u00f8kt. <\/p>\n<p class=\"paywall hyperion-css-1j42uic\">For magesekkreft viser studien ogs\u00e5 en betydelig nedgang i forekomst. <\/p>\n","protected":false},"excerpt":{"rendered":"En ny studie fra kreftregisteret viser en \u00f8kning av spiser\u00f8rskreft i Norge, s\u00e6rlig hos menn, if\u00f8lge FHI. En&hellip;\n","protected":false},"author":2,"featured_media":103795,"comment_status":"","ping_status":"","sticky":false,"template":"","format":"standard","meta":{"footnotes":""},"categories":[10],"tags":[20,21,24,25,15,22,23,13,30,28,29,14,16,26,27],"class_list":{"0":"post-103794","1":"post","2":"type-post","3":"status-publish","4":"format-standard","5":"has-post-thumbnail","7":"category-norge","8":"tag-breaking-news","9":"tag-breakingnews","10":"tag-featured-news","11":"tag-featurednews","12":"tag-headlines","13":"tag-latest-news","14":"tag-latestnews","15":"tag-news","16":"tag-no","17":"tag-norge","18":"tag-norway","19":"tag-nyheter","20":"tag-overskrifter","21":"tag-top-stories","22":"tag-topstories"},"share_on_mastodon":{"url":"https:\/\/pubeurope.com\/@no\/115660306930272921","error":""},"_links":{"self":[{"href":"https:\/\/www.europesays.com\/no\/wp-json\/wp\/v2\/posts\/103794","targetHints":{"allow":["GET"]}}],"collection":[{"href":"https:\/\/www.europesays.com\/no\/wp-json\/wp\/v2\/posts"}],"about":[{"href":"https:\/\/www.europesays.com\/no\/wp-json\/wp\/v2\/types\/post"}],"author":[{"embeddable":true,"href":"https:\/\/www.europesays.com\/no\/wp-json\/wp\/v2\/users\/2"}],"replies":[{"embeddable":true,"href":"https:\/\/www.europesays.com\/no\/wp-json\/wp\/v2\/comments?post=103794"}],"version-history":[{"count":0,"href":"https:\/\/www.europesays.com\/no\/wp-json\/wp\/v2\/posts\/103794\/revisions"}],"wp:featuredmedia":[{"embeddable":true,"href":"https:\/\/www.europesays.com\/no\/wp-json\/wp\/v2\/media\/103795"}],"wp:attachment":[{"href":"https:\/\/www.europesays.com\/no\/wp-json\/wp\/v2\/media?parent=103794"}],"wp:term":[{"taxonomy":"category","embeddable":true,"href":"https:\/\/www.europesays.com\/no\/wp-json\/wp\/v2\/categories?post=103794"},{"taxonomy":"post_tag","embeddable":true,"href":"https:\/\/www.europesays.com\/no\/wp-json\/wp\/v2\/tags?post=103794"}],"curies":[{"name":"wp","href":"https:\/\/api.w.org\/{rel}","templated":true}]}}