{"id":103801,"date":"2025-12-04T08:23:35","date_gmt":"2025-12-04T08:23:35","guid":{"rendered":"https:\/\/www.europesays.com\/no\/103801\/"},"modified":"2025-12-04T08:23:35","modified_gmt":"2025-12-04T08:23:35","slug":"sjafor-domt-til-fengsel-etter-at-bita-22-dode","status":"publish","type":"post","link":"https:\/\/www.europesays.com\/no\/103801\/","title":{"rendered":"Sj\u00e5f\u00f8r d\u00f8mt til fengsel etter at Bita (22) d\u00f8de"},"content":{"rendered":"\n<p>Bita Azizi (22) d\u00f8de i en trafikkulykke i Heggedal, der en bil med fire kvinner kolliderte med en lyktestolpe<\/p>\n<p>Sj\u00e5f\u00f8ren av bilen ble i etterkant tiltalt for uaktsomt drap, da tre av kvinnene fikk sitte med overkroppen ut av vinduet.<\/p>\n<p>  <a href=\"https:\/\/www.nettavisen.no\/5-95-2748541\" class=\"related-teaser has-image nettavisen-story-teaser article--c-eRUmMG article--c-eRUmMG-fZoQSp-design-nettavisen article--c-eRUmMG-eTlODu-cv\" rel=\"nofollow noopener\" target=\"_blank\"><\/p>\n<p>    <img decoding=\"async\" loading=\"lazy\"  src=\"https:\/\/www.europesays.com\/no\/wp-content\/uploads\/2025\/12\/IMG_6807.JPG\" alt=\"\" class=\"brick-c-cFOWSL\" style=\"\"\/><\/p>\n<p>\n            Les ogs\u00e5<\/p>\n<p>              Bita Azizi (22) omkom \u2013 sj\u00e5f\u00f8ren (25) erkjenner straffskyld\n        <\/p>\n<p>  <\/a><\/p>\n<p>Les ogs\u00e5: <\/p>\n<p>N\u00e5 melder <a href=\"https:\/\/www.vg.no\/nyheter\/i\/gkaVb9\/doemt-til-aatte-maaneders-fengsel-etter-bita-azizis-doed\" rel=\"Follow nofollow noopener\" target=\"_blank\">VG <\/a>at sj\u00e5f\u00f8ren er d\u00f8mt til 8 m\u00e5neder fengsel, mister f\u00f8rerkortet i fire \u00e5r og m\u00e5 betale 390.000 kroner i oppreisning til foreldrene.<\/p>\n<p>\u2013 Etter rettens syn gj\u00f8r allmennpreventive hensyn seg gjeldende med tyngde i forhold til unge og uerfarne sj\u00e5f\u00f8rer som p\u00e5 denne m\u00e5ten opptrer grovt uaktsomt i trafikken. Strenge reaksjoner er n\u00f8dvendige for \u00e5 motvirke slik farlig adferd, skriver retten.<\/p>\n<p>Kvinnens advokat sier at det ikke er tatt stilling til om saken vil ankes.<\/p>\n<p>Bitas foreldre skriver i en uttalelse at de er glad for at det sl\u00e5s fast at Bita ikke hadde gjort noe galt.<\/p>\n","protected":false},"excerpt":{"rendered":"Bita Azizi (22) d\u00f8de i en trafikkulykke i Heggedal, der en bil med fire kvinner kolliderte med en&hellip;\n","protected":false},"author":2,"featured_media":97130,"comment_status":"","ping_status":"","sticky":false,"template":"","format":"standard","meta":{"footnotes":""},"categories":[10],"tags":[20,21,24,25,15,22,23,13,30,28,29,14,16,26,27],"class_list":{"0":"post-103801","1":"post","2":"type-post","3":"status-publish","4":"format-standard","5":"has-post-thumbnail","7":"category-norge","8":"tag-breaking-news","9":"tag-breakingnews","10":"tag-featured-news","11":"tag-featurednews","12":"tag-headlines","13":"tag-latest-news","14":"tag-latestnews","15":"tag-news","16":"tag-no","17":"tag-norge","18":"tag-norway","19":"tag-nyheter","20":"tag-overskrifter","21":"tag-top-stories","22":"tag-topstories"},"share_on_mastodon":{"url":"https:\/\/pubeurope.com\/@no\/115660338562402731","error":""},"_links":{"self":[{"href":"https:\/\/www.europesays.com\/no\/wp-json\/wp\/v2\/posts\/103801","targetHints":{"allow":["GET"]}}],"collection":[{"href":"https:\/\/www.europesays.com\/no\/wp-json\/wp\/v2\/posts"}],"about":[{"href":"https:\/\/www.europesays.com\/no\/wp-json\/wp\/v2\/types\/post"}],"author":[{"embeddable":true,"href":"https:\/\/www.europesays.com\/no\/wp-json\/wp\/v2\/users\/2"}],"replies":[{"embeddable":true,"href":"https:\/\/www.europesays.com\/no\/wp-json\/wp\/v2\/comments?post=103801"}],"version-history":[{"count":0,"href":"https:\/\/www.europesays.com\/no\/wp-json\/wp\/v2\/posts\/103801\/revisions"}],"wp:featuredmedia":[{"embeddable":true,"href":"https:\/\/www.europesays.com\/no\/wp-json\/wp\/v2\/media\/97130"}],"wp:attachment":[{"href":"https:\/\/www.europesays.com\/no\/wp-json\/wp\/v2\/media?parent=103801"}],"wp:term":[{"taxonomy":"category","embeddable":true,"href":"https:\/\/www.europesays.com\/no\/wp-json\/wp\/v2\/categories?post=103801"},{"taxonomy":"post_tag","embeddable":true,"href":"https:\/\/www.europesays.com\/no\/wp-json\/wp\/v2\/tags?post=103801"}],"curies":[{"name":"wp","href":"https:\/\/api.w.org\/{rel}","templated":true}]}}