{"id":103806,"date":"2025-12-04T08:32:37","date_gmt":"2025-12-04T08:32:37","guid":{"rendered":"https:\/\/www.europesays.com\/no\/103806\/"},"modified":"2025-12-04T08:32:37","modified_gmt":"2025-12-04T08:32:37","slug":"fant-partert-kropp-i-fryseren","status":"publish","type":"post","link":"https:\/\/www.europesays.com\/no\/103806\/","title":{"rendered":"Fant partert kropp i fryseren"},"content":{"rendered":"<p>  En 26-\u00e5ring er tiltalt for drap i Sverige etter funn av kroppsdeler i fryseren hans.<\/p>\n<p>\n    REISTE: Den tiltalte mannen ble fanget p\u00e5 overv\u00e5kningskamera i Arlanda, hvor Sveriges st\u00f8rste internasjonale flyplass ligger. Foto: Svensk politi\n  <\/p>\n<p>En 26 \u00e5r gammel mann er tiltalt for \u00e5 ha drept, partert og lagt deler av kroppen til kollegaen sin i en fryser.<\/p>\n<p>Hendelsen fant sted i Oskarshamn i Sverige i januar i \u00e5r.<\/p>\n<p>S\u00f8kehistorikk fra tiltaltes telefon skal vise s\u00f8k etter blant annet \u00abh\u00e5ndsag\u00bb og \u00abliten elektrisk sag\u00bb, skriver <a href=\"https:\/\/www.expressen.se\/nyheter\/krim\/misstanken-styckmordade-kollegan-i-oskarshamn-lade-honom-i-frysen-\/\" rel=\"nofollow noopener\" target=\"_blank\">Expressen<\/a>.<\/p>\n<p class=\"font-weight-bold m-font-weight-bold\" data-lab-font_weight=\"font-weight-bold\">Mannen nekter straffskyld og hevder at en tredje person var til stede i leiligheten da drapet skjedde.<\/p>\n<p>&#8211; Forn\u00e6rmede kom hjem til leiligheten hans sammen med en bekjent. P\u00e5 et tidspunkt d\u00f8de forn\u00e6rmede. Min klient vet ikke hvordan det har skjedd, sier mannens forsvarer Maria Robinson til <a href=\"https:\/\/www.svt.se\/nyheter\/lokalt\/smaland\/forsvaret-om-misstankta-styckmordet-i-oskarshamn-pekar-ut-en-annan-person\" rel=\"nofollow noopener\" target=\"_blank\">SVT<\/a>.<\/p>\n<p>Forn\u00e6rmede ble sist sett kvelden 2. januar i \u00e5r da han gikk fra jobb.<\/p>\n<p>If\u00f8lge svensk politi skal han deretter ha dratt hjem til sin 26 \u00e5r gamle kollega.<\/p>\n<p>        D\u00d8D: Arnfinn Nesset er d\u00f8d. Han ble 89 \u00e5r gammel. Politisk redakt\u00f8r Lars Helle omtaler saken han ble d\u00f8mt for som en av de mest sjokkerende i sin tid. Video: NTB. Reporter: Silja Furset<\/p>\n<p>Betydelig spillegjeld\t<\/p>\n<p>Aktor Emma Olsson sier til avisa <a href=\"https:\/\/www.barometern.se\/oskarshamn\/hypotesen-sharif-mordades-sedan-tomdes-hans-konton-BD7f-\/\" rel=\"nofollow noopener\" target=\"_blank\">Barometern<\/a> at hun mener det er et klart \u00f8konomisk motiv bak drapet.<\/p>\n<p> I ettertid skal mannen ha brukt kollegaens identitet til \u00e5 ta opp l\u00e5n og overf\u00f8re penger fra kollegaens konto til sin egen, if\u00f8lge tiltalen.<\/p>\n<p>          <img loading=\"lazy\" decoding=\"async\" src=\"https:\/\/www.europesays.com\/no\/wp-content\/uploads\/2025\/12\/83935371.webp\" width=\"686\" height=\"536\" title=\"MAKABERT FUNN: I denne fryseren oppdaget politiet kroppsdeler da de ransaket tiltaltes leilighet. Foto: Svensk politi\" alt=\"\" class=\"\" style=\"--aspect-ratio-image: 1.28; \"\/><\/p>\n<p>\n          MAKABERT FUNN: I denne fryseren oppdaget politiet kroppsdeler da de ransaket tiltaltes leilighet. Foto: Svensk politi\n      <\/p>\n<p>Til sammen dreier det seg om over 200 000 svenske kroner.<\/p>\n<p>If\u00f8lge vitner politiet har pratet med hadde tiltalte betydelig gjeld som stammer fra spill p\u00e5 nettkasinoer. Tiltalte skal ha pratet om pengeproblemene sine med flere kollegaer og ogs\u00e5 l\u00e5nt penger av noen av dem.<\/p>\n<p>    <a itemprop=\"url\" href=\"https:\/\/www.dagbladet.no\/nyheter\/inger-91-dode-dager-etter-voldshendelse\/83927845\" rel=\"nofollow noopener\" target=\"_blank\"><\/p>\n<p>      <img loading=\"lazy\" decoding=\"async\" src=\"https:\/\/www.europesays.com\/no\/wp-content\/uploads\/2025\/12\/83929234.webp\" width=\"980\" height=\"441\" title=\"Inger (91) d\u00f8de dager etter voldshendelse\" alt=\"\" class=\"lazyload\" style=\"--aspect-ratio-image: 2.22; \"\/><\/p>\n<p>        Inger (91) d\u00f8de dager etter voldshendelse<\/p>\n<p>    <\/a><\/p>\n<p>Reiste til utlandet\t<\/p>\n<p>Dagen etter drapet m\u00f8tte tiltalte p\u00e5 jobb og fortalte at forn\u00e6rmede var for syk til \u00e5 komme p\u00e5 jobb.<\/p>\n<p class=\"font-weight-bold m-font-weight-bold\" data-lab-font_weight=\"font-weight-bold\">Noen uker seinere reiste mannen til utlandet. Mens han var borte begynte politiet \u00e5 fatte mistanke, og ransaket 26-\u00e5ringens leilighet.<\/p>\n<p>Der fant politiet blodspor, verkt\u00f8y og en fryser med flere svarte poser som skal ha inneholdt kroppsdeler. Det er ikke kjent hvilke kroppsdeler som ble funnet.<\/p>\n<p> I tiltalen st\u00e5r det at 26-\u00e5ringen skal ha kvittet seg med resten av kroppen p\u00e5 ett eller flere ukjente steder. <\/p>\n","protected":false},"excerpt":{"rendered":"En 26-\u00e5ring er tiltalt for drap i Sverige etter funn av kroppsdeler i fryseren hans. REISTE: Den tiltalte&hellip;\n","protected":false},"author":2,"featured_media":103807,"comment_status":"","ping_status":"","sticky":false,"template":"","format":"standard","meta":{"footnotes":""},"categories":[10],"tags":[20,21,24,25,15,22,23,13,30,28,29,14,16,26,27,412],"class_list":{"0":"post-103806","1":"post","2":"type-post","3":"status-publish","4":"format-standard","5":"has-post-thumbnail","7":"category-norge","8":"tag-breaking-news","9":"tag-breakingnews","10":"tag-featured-news","11":"tag-featurednews","12":"tag-headlines","13":"tag-latest-news","14":"tag-latestnews","15":"tag-news","16":"tag-no","17":"tag-norge","18":"tag-norway","19":"tag-nyheter","20":"tag-overskrifter","21":"tag-top-stories","22":"tag-topstories","23":"tag-utenriks"},"share_on_mastodon":{"url":"https:\/\/pubeurope.com\/@no\/115660373785037935","error":""},"_links":{"self":[{"href":"https:\/\/www.europesays.com\/no\/wp-json\/wp\/v2\/posts\/103806","targetHints":{"allow":["GET"]}}],"collection":[{"href":"https:\/\/www.europesays.com\/no\/wp-json\/wp\/v2\/posts"}],"about":[{"href":"https:\/\/www.europesays.com\/no\/wp-json\/wp\/v2\/types\/post"}],"author":[{"embeddable":true,"href":"https:\/\/www.europesays.com\/no\/wp-json\/wp\/v2\/users\/2"}],"replies":[{"embeddable":true,"href":"https:\/\/www.europesays.com\/no\/wp-json\/wp\/v2\/comments?post=103806"}],"version-history":[{"count":0,"href":"https:\/\/www.europesays.com\/no\/wp-json\/wp\/v2\/posts\/103806\/revisions"}],"wp:featuredmedia":[{"embeddable":true,"href":"https:\/\/www.europesays.com\/no\/wp-json\/wp\/v2\/media\/103807"}],"wp:attachment":[{"href":"https:\/\/www.europesays.com\/no\/wp-json\/wp\/v2\/media?parent=103806"}],"wp:term":[{"taxonomy":"category","embeddable":true,"href":"https:\/\/www.europesays.com\/no\/wp-json\/wp\/v2\/categories?post=103806"},{"taxonomy":"post_tag","embeddable":true,"href":"https:\/\/www.europesays.com\/no\/wp-json\/wp\/v2\/tags?post=103806"}],"curies":[{"name":"wp","href":"https:\/\/api.w.org\/{rel}","templated":true}]}}