{"id":103808,"date":"2025-12-04T08:35:10","date_gmt":"2025-12-04T08:35:10","guid":{"rendered":"https:\/\/www.europesays.com\/no\/103808\/"},"modified":"2025-12-04T08:35:10","modified_gmt":"2025-12-04T08:35:10","slug":"therese-johaug-langrenn-therese-johaug-reagerer-sterkt-pa-russisk-comeback-i-skisporten-det-blir-helt-feil","status":"publish","type":"post","link":"https:\/\/www.europesays.com\/no\/103808\/","title":{"rendered":"Therese johaug, Langrenn | Therese Johaug reagerer sterkt p\u00e5 russisk comeback i skisporten: \u2013 Det blir helt feil"},"content":{"rendered":"\n<p>Johaug kommer med uttalelsene i en fersk episode av <a href=\"https:\/\/podcasts.apple.com\/no\/podcast\/gukild-johaug\/id1843034649\" rel=\"nofollow noopener\" target=\"_blank\">podkasten Gukild &amp; Johaug<\/a>, som hun har sammen med tidligere NRK-programleder Emil Gukild.<\/p>\n<p>\u2013 Man blir p\u00e5 en m\u00e5te skuffet over at man endrer det regelverket som var, at man slipper opp p\u00e5 det. Jeg f\u00f8ler at et land som er i krig, ikke har noe \u00e5 gj\u00f8re p\u00e5 en idrettsarena, sier Johaug og legger til:<\/p>\n<p>\u2013 Jeg f\u00f8ler at det blir helt feil.<\/p>\n<p>    Vil du se neste video?<\/p>\n<p>    <a href=\"https:\/\/www.nettavisen.no\/fredrik-solvang\/jonas-gahr-store\/debatten\/fredrik-solvang-himler-av-jonas-gahr-store-men-i-alle\/v\/5-95-2751917\" class=\"recommend-poster\" data-adp-clicklabel=\"video-recommend\" data-adp-clickvalue=\"poster\" rel=\"nofollow noopener\" target=\"_blank\"><br \/>\n      <img decoding=\"async\" width=\"200\" height=\"200\" loading=\"lazy\" src=\"https:\/\/www.europesays.com\/no\/wp-content\/uploads\/2025\/11\/Solvang+bredde.jpg\" alt=\"\" class=\"brick-c-cFOWSL\" style=\"--brick-image-ratio: 200 \/ 200;\"\/><\/p>\n<p>Himler av St\u00f8re: \u2013 Men i alle\u20261:06<\/p>\n<p>    <\/a><\/p>\n<p>        Mandag annonserte Therese Johaug at langrennskarrieren er over og at hun ikke satser mot OL neste \u00e5r.<br \/>\n        Tviler p\u00e5 boikott<\/p>\n<p>Det internasjonale ski- og sn\u00f8brettforbundet (FIS) besluttet tidligere i oktober \u00e5 opprettholde utestengelsen av russere og belarusere. Vedtaket ble anket til Idrettens voldgiftsrett (CAS).<\/p>\n<p>Tidligere denne uken satte CAS FIS-vedtaket til side.<\/p>\n<p>Johaug presiserer at hun ikke har noe imot russiske skil\u00f8pere, men at comebacket er d\u00e5rlig timet. Hun tviler samtidig p\u00e5 at noen ut\u00f8vere eller ledere velger \u00e5 boikotte som f\u00f8lge av Russlands comeback.<\/p>\n<p><b>Les ogs\u00e5: <a href=\"https:\/\/www.nettavisen.no\/sport\/therese-johaug-hardt-ut-mot-ny-slankemedisin-trend-ber-om-forbud\/s\/5-95-2727612\" rel=\"Follow nofollow noopener\" target=\"_blank\">Johaug hardt ut mot ny slankemedisin-trend \u2013 ber om forbud<\/a><\/b><\/p>\n<p>Ikke konkurrert p\u00e5 lenge<\/p>\n<p>Det hadde hun ikke gjort selv.<\/p>\n<p>\u2013 Jeg f\u00e5r jo ikke gjort noe med hva andre bestemmer over meg, men jeg kan fronte det jeg selv st\u00e5r for. N\u00e5r man kommer til konkurransen, hadde man g\u00e5tt inn i sonen og fokusert p\u00e5 det man kan fokusere p\u00e5: \u00c5 g\u00e5 fort p\u00e5 ski.<\/p>\n<p>Johaug tror ikke Russland har mange som kan hevde seg i toppen.<\/p>\n<p>\u2013 Vi mangler stjernene, hvert fall p\u00e5 langrenn \u2026 Det er lenge siden de har konkurrert og kjent p\u00e5 niv\u00e5et. De har jo bare holdt p\u00e5 for seg selv, s\u00e5 man er usikker p\u00e5 hvor de ligger i landet, sier hun.<\/p>\n","protected":false},"excerpt":{"rendered":"Johaug kommer med uttalelsene i en fersk episode av podkasten Gukild &amp; Johaug, som hun har sammen med&hellip;\n","protected":false},"author":2,"featured_media":103809,"comment_status":"","ping_status":"","sticky":false,"template":"","format":"standard","meta":{"footnotes":""},"categories":[59],"tags":[30,28,29,83,82],"class_list":{"0":"post-103808","1":"post","2":"type-post","3":"status-publish","4":"format-standard","5":"has-post-thumbnail","7":"category-sport","8":"tag-no","9":"tag-norge","10":"tag-norway","11":"tag-sport","12":"tag-sports"},"share_on_mastodon":{"url":"https:\/\/pubeurope.com\/@no\/115660385764797557","error":""},"_links":{"self":[{"href":"https:\/\/www.europesays.com\/no\/wp-json\/wp\/v2\/posts\/103808","targetHints":{"allow":["GET"]}}],"collection":[{"href":"https:\/\/www.europesays.com\/no\/wp-json\/wp\/v2\/posts"}],"about":[{"href":"https:\/\/www.europesays.com\/no\/wp-json\/wp\/v2\/types\/post"}],"author":[{"embeddable":true,"href":"https:\/\/www.europesays.com\/no\/wp-json\/wp\/v2\/users\/2"}],"replies":[{"embeddable":true,"href":"https:\/\/www.europesays.com\/no\/wp-json\/wp\/v2\/comments?post=103808"}],"version-history":[{"count":0,"href":"https:\/\/www.europesays.com\/no\/wp-json\/wp\/v2\/posts\/103808\/revisions"}],"wp:featuredmedia":[{"embeddable":true,"href":"https:\/\/www.europesays.com\/no\/wp-json\/wp\/v2\/media\/103809"}],"wp:attachment":[{"href":"https:\/\/www.europesays.com\/no\/wp-json\/wp\/v2\/media?parent=103808"}],"wp:term":[{"taxonomy":"category","embeddable":true,"href":"https:\/\/www.europesays.com\/no\/wp-json\/wp\/v2\/categories?post=103808"},{"taxonomy":"post_tag","embeddable":true,"href":"https:\/\/www.europesays.com\/no\/wp-json\/wp\/v2\/tags?post=103808"}],"curies":[{"name":"wp","href":"https:\/\/api.w.org\/{rel}","templated":true}]}}