{"id":103818,"date":"2025-12-04T08:44:11","date_gmt":"2025-12-04T08:44:11","guid":{"rendered":"https:\/\/www.europesays.com\/no\/103818\/"},"modified":"2025-12-04T08:44:11","modified_gmt":"2025-12-04T08:44:11","slug":"reagerer-pa-veteranens-prisdryss-altfor-god-til-a-gi-seg","status":"publish","type":"post","link":"https:\/\/www.europesays.com\/no\/103818\/","title":{"rendered":"Reagerer p\u00e5 veteranens prisdryss: \u2013 Altfor god til \u00e5 gi seg"},"content":{"rendered":"<p>Lunde har dominert voldsomt i sitt 25. og aller siste mesterskap. Onsdag kveld holdt hun et nytt show og reddet 50 prosent av de svenske avslutningene.<\/p>\n<p>Prosenten for banens beste-prisen i VM, derimot: 100.<\/p>\n<p>\u2013 Hun kan bare fortsette \u00e5 h\u00f8ste inn de bestemannspremiene, for det er veldig fortjent, sier Henny Reistad til NTB.<\/p>\n<p>Lunde selv var ydmyk da NTB spurte henne om hvor god hun er akkurat n\u00e5 etter kalasseieren mot Sverige.<\/p>\n<p>\u2013 Jeg synes selv det var en god kamp. Jeg er godt forn\u00f8yd. Jeg var bra i dag, men man er ikke bedre enn det man presterer neste gang, sa Lunde.<\/p>\n<p>Roses<\/p>\n<p>Landslagssjef Ole Gustav Gjekstad mener Lundes prestasjon s\u00e5 langt er helt der oppe av hva hun har gjort tidligere i karrieren som har gitt henne 383 landskamper.<\/p>\n<p>\u2013 Det er vel opp mot det beste niv\u00e5et jeg har sett henne p\u00e5. Det er veldig solid, sier Gjekstad.<\/p>\n<p>Snart er det slutt. For to uker siden kunngjorde hun at verdensmesterskapet i Tyskland og Nederland blir hennes siste p\u00e5 landslaget.<\/p>\n<p>\u2013 Det pr\u00f8ver jeg \u00e5 ikke tenke s\u00e5 mye p\u00e5. Det er ikke noe vi skal bruke tid p\u00e5 \u00e5 snakke om n\u00e5. Vi skal la henne f\u00e5 st\u00e5 i m\u00e5l, og s\u00e5 skal vi fokusere p\u00e5 kampene. S\u00e5 f\u00e5r vi ta det n\u00e5r mesterskapet er over, sier Gjekstad.<\/p>\n<p>Stine Ruscetta Skogrand m\u00e5 ta seg tid n\u00e5r hun blir spurt om keeperveteranen.<\/p>\n<p>\u2013 Man er nesten tom for ord. Det er s\u00e5 imponerende at hun kamp etter kamp etter kamp leverer s\u00e5nne store prestasjoner. Vi kan ikke forvente at hun tar s\u00e5 mange 100 prosent-sjanser, men hun gj\u00f8r det likevel.<\/p>\n<p>\u2013 Jeg tenker jo at hun er altfor god til \u00e5 gi seg p\u00e5 landslaget. Det er vi alle sammen enig om. Men det er en tid for alt, og vi har full respekt for den avgj\u00f8relsen.<\/p>\n<p>\u2013 \u00d8mt tema<\/p>\n<p>Hennes siste landskamp kan bli finalen i Rotterdam om Norge fortsetter som i 39-26-seieren over Sverige. Det blir trolig en emosjonell kveld.<\/p>\n<p>\u2013 Jeg har ikke snakket med henne om det \u2013 det er jo et \u00f8mt tema for oss andre ogs\u00e5, sier Ingvild Bakkerud.<\/p>\n<p>Norge st\u00e5r med full pott s\u00e5 langt i mesterskapet og har allerede en fot i kvartfinalen. Neste oppgave er mot Tsjekkia fredag. Deretter fullf\u00f8res hovedrunden mot Brasil s\u00f8ndag.<\/p>\n","protected":false},"excerpt":{"rendered":"Lunde har dominert voldsomt i sitt 25. og aller siste mesterskap. Onsdag kveld holdt hun et nytt show&hellip;\n","protected":false},"author":2,"featured_media":103819,"comment_status":"","ping_status":"","sticky":false,"template":"","format":"standard","meta":{"footnotes":""},"categories":[59],"tags":[967,30,28,29,83,82],"class_list":{"0":"post-103818","1":"post","2":"type-post","3":"status-publish","4":"format-standard","5":"has-post-thumbnail","7":"category-sport","8":"tag-artikler-fra-ntb","9":"tag-no","10":"tag-norge","11":"tag-norway","12":"tag-sport","13":"tag-sports"},"share_on_mastodon":{"url":"https:\/\/pubeurope.com\/@no\/115660420830335674","error":""},"_links":{"self":[{"href":"https:\/\/www.europesays.com\/no\/wp-json\/wp\/v2\/posts\/103818","targetHints":{"allow":["GET"]}}],"collection":[{"href":"https:\/\/www.europesays.com\/no\/wp-json\/wp\/v2\/posts"}],"about":[{"href":"https:\/\/www.europesays.com\/no\/wp-json\/wp\/v2\/types\/post"}],"author":[{"embeddable":true,"href":"https:\/\/www.europesays.com\/no\/wp-json\/wp\/v2\/users\/2"}],"replies":[{"embeddable":true,"href":"https:\/\/www.europesays.com\/no\/wp-json\/wp\/v2\/comments?post=103818"}],"version-history":[{"count":0,"href":"https:\/\/www.europesays.com\/no\/wp-json\/wp\/v2\/posts\/103818\/revisions"}],"wp:featuredmedia":[{"embeddable":true,"href":"https:\/\/www.europesays.com\/no\/wp-json\/wp\/v2\/media\/103819"}],"wp:attachment":[{"href":"https:\/\/www.europesays.com\/no\/wp-json\/wp\/v2\/media?parent=103818"}],"wp:term":[{"taxonomy":"category","embeddable":true,"href":"https:\/\/www.europesays.com\/no\/wp-json\/wp\/v2\/categories?post=103818"},{"taxonomy":"post_tag","embeddable":true,"href":"https:\/\/www.europesays.com\/no\/wp-json\/wp\/v2\/tags?post=103818"}],"curies":[{"name":"wp","href":"https:\/\/api.w.org\/{rel}","templated":true}]}}