{"id":103820,"date":"2025-12-04T08:45:13","date_gmt":"2025-12-04T08:45:13","guid":{"rendered":"https:\/\/www.europesays.com\/no\/103820\/"},"modified":"2025-12-04T08:45:13","modified_gmt":"2025-12-04T08:45:13","slug":"prinsesse-kate-i-sjelden-tiara-pa-storslatt-bankett-i-windsor-med-ektemannen-prins-william","status":"publish","type":"post","link":"https:\/\/www.europesays.com\/no\/103820\/","title":{"rendered":"Prinsesse Kate i sjelden tiara p\u00e5 storsl\u00e5tt bankett i Windsor med ektemannen prins William"},"content":{"rendered":"<p class=\"kicker \" style=\"\">Prinsesse Kate:\u00a0<\/p>\n<p>  Onsdag kveld var det duket for statsbankett i Windsor Castle. Det ble en historisk kveld av flere \u00e5rsaker.\u00a0<\/p>\n<p>\n    STR\u00c5LTE: William og Kate str\u00e5lte da de ledet an inn til kveldens statsbankett for Tysklands president. Foto: Aaron Chown \/ NTB\n  <\/p>\n<p> Kongelig glitter og juleglans fylte Windsor Castle i kveld da den britiske kongefamilien inviterte til en storsl\u00e5tt statsbankett onsdag kveld.\u00a0<\/p>\n<p>Anledningen er statsbes\u00f8ket fra Tysklands president, Frank-Walter Steinmeier og kona Eike B\u00fcdenbender.\u00a0<\/p>\n<p>    <a itemprop=\"url\" href=\"https:\/\/www.dagbladet.no\/kjendis\/vil-kaste-ham-ut\/83751281\" rel=\"nofollow noopener\" target=\"_blank\"><\/p>\n<p>      <img loading=\"lazy\" decoding=\"async\" src=\"https:\/\/www.europesays.com\/no\/wp-content\/uploads\/2025\/12\/83751359.webp\" width=\"980\" height=\"441\" title=\"Vil kaste ham ut\" alt=\"\" class=\"lazyload\" style=\"--aspect-ratio-image: 2.22; \"\/><\/p>\n<p>        Vil kaste ham ut<\/p>\n<p>    <\/a><\/p>\n<p class=\"font-weight-bold m-font-weight-bold\" data-lab-font_weight=\"font-weight-bold\">I forbindelse med statsbes\u00f8ket har kronprinsparet delt et glimt av seg selv til f\u00f8lgerne sine p\u00e5 Instagram.\u00a0<\/p>\n<p data-lab-font_weight=\"\"> \u00abSer fram til en spesiell bankett i Windsor i kveld\u00bb, skriver paret under bildet.\u00a0<\/p>\n<p>Ankom i sjelden tiara\t<\/p>\n<p>B\u00e5de prinsesse Kate (43) og prins William (43) str\u00e5lte under banketten, men flere bet seg merke i klesvalget til Kate.\u00a0<\/p>\n<p class=\"font-weight-bold m-font-weight-bold\" data-lab-font_weight=\"font-weight-bold\">P\u00e5 hodet bar hun et av kongehusets mest mytiske smykker, Queen Victoria\u2019s Oriental Circlet Tiara. Den ble opprinnelig designet av tyskf\u00f8dte prins Albert til sin elskede Victoria, og best\u00e5r av 2600 diamanter satt inn i elleve buer formet som lotusblader, skriver <a href=\"https:\/\/www.dailymail.co.uk\/news\/royals\/article-15349843\/Princess-Wales-looks-stunning-tiara-shimmering-gown-joins-Charles-Camilla-William-star-studded-state-banquet-German-president.html\" rel=\"nofollow noopener\" target=\"_blank\">Daily Mail<\/a>.\u00a0<\/p>\n<p>          <img loading=\"lazy\" decoding=\"async\" src=\"https:\/\/www.europesays.com\/no\/wp-content\/uploads\/2025\/12\/83935879.webp\" width=\"686\" height=\"927\" title=\"TILBAKEBLIKK: Dronningmoren med tiaraen under et bes\u00f8k p\u00e5 Portugals ambassade 16. november 1978. Foto: NTB\/PA Archives\" alt=\"\" class=\"\" style=\"--aspect-ratio-image: 0.74; \"\/><\/p>\n<p>\n          TILBAKEBLIKK: Dronningmoren med tiaraen under et bes\u00f8k p\u00e5 Portugals ambassade 16. november 1978. Foto: NTB\/PA Archives\n      <\/p>\n<p> Tiaraen har v\u00e6rt b\u00e5ret av b\u00e5de dronningmoren og dronning Elizabeth, men har knapt v\u00e6rt sett offentlig siden 2005.\u00a0<\/p>\n<p>Se og H\u00f8rs kongehusekspert, Caroline Vagle, mener at Kates valg av tiara og kjole er en innertier.\u00a0<\/p>\n<p>&#8211; Wow, dette kan Kate! Hun ser fantastisk ut i en glitrende dr\u00f8m av en kjole fra Jenny Packham, som er en av hennes absolutte favoritter n\u00e5r det kommer til kjoledesignere\u00a0gjennom mange \u00e5r, sier hun og fortsetter:\u00a0<\/p>\n<p>          <img loading=\"lazy\" decoding=\"async\" src=\"https:\/\/www.europesays.com\/no\/wp-content\/uploads\/2025\/12\/83935883.webp\" width=\"686\" height=\"824\" title=\"VAKKER: Prinsessen av Wales s\u00e5 aldeles nydelig ut p\u00e5 bildene fra kveldens bankett. Foto: Aaron Chown \/NTB\" alt=\"\" class=\"\" style=\"--aspect-ratio-image: 0.83; \"\/><\/p>\n<p>\n          VAKKER: Prinsessen av Wales s\u00e5 aldeles nydelig ut p\u00e5 bildene fra kveldens bankett. Foto: Aaron Chown \/NTB\n      <\/p>\n<p>&#8211; Hun topper det med en vakker tiara, som jeg tror vil skape jubel blant alle juvelelskere der ute. Kate har aldri brukt den f\u00f8r, og den har ikke v\u00e6rt sett siden dronning Elizabeth brukte den en gang i 2005. F\u00f8r den tid var det hennes mor som brukte den. En dronningtiara med andre ord!<\/p>\n<p>Julebord p\u00e5 kongelig vis\t<\/p>\n<p>Banketten ble holdt i St George\u2019s Hall, der det 45 meter lange bordet glitret under 158 stearinlys.\u00a0<\/p>\n<p>          <img loading=\"lazy\" decoding=\"async\" src=\"https:\/\/www.europesays.com\/no\/wp-content\/uploads\/2025\/12\/83935840.webp\" width=\"686\" height=\"460\" title=\"LANGBORD: St George\u2019s Hall i det historiske Windsor Castle glitret f\u00f8r kveldens statsbankett, og var pyntet med et massivt juletre. Foto: Aaron Chown\/POOL\/AFP\" alt=\"\" class=\"\" style=\"--aspect-ratio-image: 1.49; \"\/><\/p>\n<p>\n          LANGBORD: St George\u2019s Hall i det historiske Windsor Castle glitret f\u00f8r kveldens statsbankett, og var pyntet med et massivt juletre. Foto: Aaron Chown\/POOL\/AFP\n      <\/p>\n<p class=\"font-weight-bold m-font-weight-bold\" data-lab-font_weight=\"font-weight-bold\">Midt i salen stod et ti meter h\u00f8yt juletre pyntet med hele 15 000 lys. If\u00f8lge ansatte er dette f\u00f8rste gang i moderne tid at et statsm\u00e5ltid pyntes med juletre.<\/p>\n<p>Ingenting var overlatt til tilfeldighetene. Det var dekket til 152 gjester. P\u00e5 bordet stod 329 kniver, 320 gafler, 152 spiseskjeer og 760 glass.\u00a0<\/p>\n<p>          <img loading=\"lazy\" decoding=\"async\" src=\"https:\/\/www.europesays.com\/no\/wp-content\/uploads\/2025\/12\/83935868.webp\" width=\"686\" height=\"618\" title=\"WINDSOR: Kong Charles og dronning Camilla med Tysklands president Frank-Walter Steinmeier og kona Elke B\u00fcdenbender f\u00f8r kveldens statsbankett. Foto: Aaron Chown \/ NTB\" alt=\"\" class=\"\" style=\"--aspect-ratio-image: 1.11; \"\/><\/p>\n<p>\n          WINDSOR: Kong Charles og dronning Camilla med Tysklands president Frank-Walter Steinmeier og kona Elke B\u00fcdenbender f\u00f8r kveldens statsbankett. Foto: Aaron Chown \/ NTB\n      <\/p>\n<p>Antallet gjester var litt lavere enn vanlig for at det enorme juletreet skulle f\u00e5 plass, fortalte kilder fra hoffet til Daily Mail.\u00a0\u00a0<\/p>\n","protected":false},"excerpt":{"rendered":"Prinsesse Kate:\u00a0 Onsdag kveld var det duket for statsbankett i Windsor Castle. Det ble en historisk kveld av&hellip;\n","protected":false},"author":2,"featured_media":103821,"comment_status":"","ping_status":"","sticky":false,"template":"","format":"standard","meta":{"footnotes":""},"categories":[58],"tags":[71,479,30,28,29,4636,4387,13067,72,5920],"class_list":{"0":"post-103820","1":"post","2":"type-post","3":"status-publish","4":"format-standard","5":"has-post-thumbnail","7":"category-underholdning","8":"tag-entertainment","9":"tag-kjendis","10":"tag-no","11":"tag-norge","12":"tag-norway","13":"tag-prins-william","14":"tag-prinsesse-kate","15":"tag-tiara","16":"tag-underholdning","17":"tag-windsor"},"share_on_mastodon":{"url":"https:\/\/pubeurope.com\/@no\/115660424886016276","error":""},"_links":{"self":[{"href":"https:\/\/www.europesays.com\/no\/wp-json\/wp\/v2\/posts\/103820","targetHints":{"allow":["GET"]}}],"collection":[{"href":"https:\/\/www.europesays.com\/no\/wp-json\/wp\/v2\/posts"}],"about":[{"href":"https:\/\/www.europesays.com\/no\/wp-json\/wp\/v2\/types\/post"}],"author":[{"embeddable":true,"href":"https:\/\/www.europesays.com\/no\/wp-json\/wp\/v2\/users\/2"}],"replies":[{"embeddable":true,"href":"https:\/\/www.europesays.com\/no\/wp-json\/wp\/v2\/comments?post=103820"}],"version-history":[{"count":0,"href":"https:\/\/www.europesays.com\/no\/wp-json\/wp\/v2\/posts\/103820\/revisions"}],"wp:featuredmedia":[{"embeddable":true,"href":"https:\/\/www.europesays.com\/no\/wp-json\/wp\/v2\/media\/103821"}],"wp:attachment":[{"href":"https:\/\/www.europesays.com\/no\/wp-json\/wp\/v2\/media?parent=103820"}],"wp:term":[{"taxonomy":"category","embeddable":true,"href":"https:\/\/www.europesays.com\/no\/wp-json\/wp\/v2\/categories?post=103820"},{"taxonomy":"post_tag","embeddable":true,"href":"https:\/\/www.europesays.com\/no\/wp-json\/wp\/v2\/tags?post=103820"}],"curies":[{"name":"wp","href":"https:\/\/api.w.org\/{rel}","templated":true}]}}