{"id":103826,"date":"2025-12-04T08:48:13","date_gmt":"2025-12-04T08:48:13","guid":{"rendered":"https:\/\/www.europesays.com\/no\/103826\/"},"modified":"2025-12-04T08:48:13","modified_gmt":"2025-12-04T08:48:13","slug":"thomas-markle-innlagt-pa-intensivavdeling-etter-hasteoperasjon","status":"publish","type":"post","link":"https:\/\/www.europesays.com\/no\/103826\/","title":{"rendered":"Thomas Markle innlagt p\u00e5 intensivavdeling etter hasteoperasjon"},"content":{"rendered":"<p class=\"kicker \" style=\"\">Thomas Markle:\u00a0<\/p>\n<p>  Hertuginnens far kjemper for livet etter \u00e5 ha blitt akutt syk.\u00a0<\/p>\n<p>\n    SYK: Thomas Markle ble hastet til sykehus for en operasjon. Her er han med datteren Meghan, flere \u00e5r f\u00f8r de mistet kontakt. Foto:Tim Stewart \/ Splash News \/ NTB\n  <\/p>\n<p>Hertuginne Meghans (44) far, Thomas Markle (81), ble denne uka innlagt p\u00e5 intensivavdelingen etter \u00e5 ha gjennomg\u00e5tt en akutt operasjon.<\/p>\n<p>Det skriver flere medier, blant andre <a href=\"https:\/\/www.telegraph.co.uk\/us\/news\/2025\/12\/04\/thomas-markle-intensive-care-emergency-surgery\/\" rel=\"nofollow noopener\" target=\"_blank\">The Telegraph<\/a>.\u00a0<\/p>\n<p>    <a itemprop=\"url\" href=\"https:\/\/www.seher.no\/kjendis\/intens-misunnelse\/83344569\" rel=\"nofollow noopener\" target=\"_blank\"><\/p>\n<p>      <img loading=\"lazy\" decoding=\"async\" src=\"https:\/\/www.europesays.com\/no\/wp-content\/uploads\/2025\/12\/83344924.webp\" width=\"980\" height=\"441\" title=\"- Intens misunnelse\" alt=\"\" class=\"lazyload\" style=\"--aspect-ratio-image: 2.22; \"\/><\/p>\n<p>        &#8211; Intens misunnelse <\/p>\n<p>    <\/a><\/p>\n<p>Meghans bror, Thomas Markle Jr. (59), har bekreftet at faren ble fraktet til sykehus etter \u00e5 ha blitt syk hjemme i Filippinene tirsdag.\u00a0<\/p>\n<p>If\u00f8lge The Telegraph ble Markle opererert i tre timer p\u00e5 onsdag. Det er ikke kjent n\u00f8yaktig hva han ble operert for.\u00a0<\/p>\n<p>81-\u00e5ringen skal senere gjennomg\u00e5 enda en operasjon for \u00e5 fjerne en blodpropp.<\/p>\n<p>        NAVNETR\u00d8BBEL: Hertuginne Meghan f\u00e5r mye kritikk, men i sin nye Netflix-serie skaper hun full forvirring p\u00e5 sosiale medier allerede i episode 2. Video: Netflix \u00abWith Love, Meghan\u00bb \/ YouTube &#8211; @netflix \/\/ Reporter: H\u00e5vard Bj\u00f8rnerem og Caroline Vagle<\/p>\n<p>&#8211; Jeg tok med pappa til et sykehus n\u00e6r hjemmet v\u00e5rt, og de gjorde diverse tester. Legene sa at livet hans var i umiddelbar fare, og de hastet oss med ambulansen til et st\u00f8rre sykehus i byen, sier Thomas Jr. til <a href=\"https:\/\/www.dailymail.co.uk\/news\/article-15350373\/Meghan-Markle-father-Thomas-intensive-care-surgery.html\" rel=\"nofollow noopener\" target=\"_blank\">Daily Mail<\/a>, og fortsetter:<\/p>\n<p>&#8211; Mitt eneste \u00f8nske er at Meghan viser faren min litt medf\u00f8lelse. Han kjemper bokstavelig talt for livet sitt.<\/p>\n<p>    <a itemprop=\"url\" href=\"https:\/\/www.seher.no\/kjendis\/de-har-et-problem\/83921515\" rel=\"nofollow noopener\" target=\"_blank\"><\/p>\n<p>      <img loading=\"lazy\" decoding=\"async\" src=\"https:\/\/www.europesays.com\/no\/wp-content\/uploads\/2025\/12\/83921126.webp\" width=\"980\" height=\"441\" title=\"- De har et problem\" alt=\"\" class=\"lazyload\" style=\"--aspect-ratio-image: 2.22; \"\/><\/p>\n<p>        &#8211; De har et problem<\/p>\n<p>    <\/a><\/p>\n<p>Meghans halvs\u00f8ster, Samantha Markle (61), har ogs\u00e5 snakket med Daily Mail. Hun mener farens sykdom skyldes p\u00e5kjenningene han har opplevd de siste \u00e5rene.<\/p>\n<p>&#8211; Han er en sterk mann, men han har v\u00e6rt gjennom s\u00e5 mye. Jeg ber om at han er sterk nok til \u00e5 overleve dette, sier hun til Daily Mail.<\/p>\n<p>          <img loading=\"lazy\" decoding=\"async\" src=\"https:\/\/www.europesays.com\/no\/wp-content\/uploads\/2025\/12\/83936734.webp\" width=\"686\" height=\"385\" title=\"STEPPET INN: Kong Charles var den som fulgte Meghan i bryllupet, etter at hennes egen far hadde hatt hjerteinfarkt. Foto: AP\/NTB\" alt=\"\" class=\"\" style=\"--aspect-ratio-image: 1.78; \"\/><\/p>\n<p>\n          STEPPET INN: Kong Charles var den som fulgte Meghan i bryllupet, etter at hennes egen far hadde hatt hjerteinfarkt. Foto: AP\/NTB\n      <\/p>\n<p>Gjennom \u00e5rene har Markle slitt med en rekke helseproblemer. Han m\u00e5tte blant annet melde avbud til Meghans bryllup med prins Harry (41) i 2018 etter \u00e5 ha hatt to hjerteinfarkt.\u00a0<\/p>\n<p>Kong Charles (77) ble den som fulgte Meghan ned alteret.\u00a0<\/p>\n<p>        KRITIKK: Hertuginne Meghans nye serie \u00abWith Love, Meghan\u00bb slaktes av b\u00e5de anmeldere og publikum etter premieren. Video: Netflix \/ Sanne Holt<\/p>\n<p>I 2022 ble han rammet av et slag som gjorde at han ikke klarte \u00e5 prate p\u00e5 flere m\u00e5neder.\u00a0<\/p>\n<p>Hertuginnen og hennes far har i mange \u00e5r hatt et turbulent &#8211; faktisk iskaldt &#8211; forhold, men spikeren i kista kom i forbindelse med prinsebryllupet i 2018.<\/p>\n<p>Markle har derimot til stadighet uttalt seg om det \u00f8delagte forholdet med datteren og om at han f\u00f8ler seg urettferdig behandlet.<\/p>\n<p>    <a itemprop=\"url\" href=\"https:\/\/www.seher.no\/kongelig\/en-rar-ting-a-gjore\/83897025\" rel=\"nofollow noopener\" target=\"_blank\"><\/p>\n<p>      <img loading=\"lazy\" decoding=\"async\" src=\"https:\/\/www.europesays.com\/no\/wp-content\/uploads\/2025\/12\/83899636.webp\" width=\"980\" height=\"441\" title=\"Sjokkp\u00e5stand: - Stjal kjolen\" alt=\"\" class=\"lazyload\" style=\"--aspect-ratio-image: 2.22; \"\/><\/p>\n<p>        Sjokkp\u00e5stand: &#8211; Stjal kjolen<\/p>\n<p>    <\/a><\/p>\n<p>I det mye omtalte intervjuet hertugparet gjorde med Oprah Winfrey (71) i 2021, mente Meghan at faren har \u00abforr\u00e5dt\u00bb henne og at hun ans\u00e5 det som vanskelig med en forsoning, spesielt siden faren har opprettholdt kontakt og samarbeid med journalister og paparazzifotografer.<\/p>\n<p>B\u00e5de Markle og hertuginnens halvs\u00f8ster har gjennom \u00e5rene tjent fete summer p\u00e5 avsl\u00f8ringer og detaljer om den tidligere \u00abSuits\u00bb-stjernen.<\/p>\n<p>        &#8211; EKKELT: Bare dager etter at Meghan fikk nettet til \u00e5 koke, tr\u00e5kker hun i salaten igjen foran krigsveteraner i rullestol.<br \/>\nFoto: NTB \/ Se og H\u00f8r \/\/ Reporter: H\u00e5vard Bj\u00f8rnerem \/\/ Video: Instagram \/ @meghan<\/p>\n<p>I 2018 innr\u00f8mmet halvs\u00f8steren at hun f\u00e5r betalt for \u00e5 snakke om kongefamilien, skriver\u00a0<a href=\"https:\/\/www.thetimes.com\/world\/us-world\/article\/samantha-markle-meghans-half-sister-admits-being-paid-to-talk-about-royals-tnnxdz89s?region=global\" target=\"_blank\" rel=\"nofollow noopener\">The Times<\/a>. If\u00f8lge den britiske tabloidavisa\u00a0<a href=\"https:\/\/www.mirror.co.uk\/news\/uk-news\/meghan-markles-sister-samantha-earning-13977200\" target=\"_blank\" rel=\"nofollow noopener\">Mirror<\/a>\u00a0tar Samantha svimlende 2000 britiske pund per time om hun blir intervjuet, noe som tilsvarer over 27 000 norske kroner.<\/p>\n","protected":false},"excerpt":{"rendered":"Thomas Markle:\u00a0 Hertuginnens far kjemper for livet etter \u00e5 ha blitt akutt syk.\u00a0 SYK: Thomas Markle ble hastet&hellip;\n","protected":false},"author":2,"featured_media":103827,"comment_status":"","ping_status":"","sticky":false,"template":"","format":"standard","meta":{"footnotes":""},"categories":[12],"tags":[20,21,24,25,15,1299,2543,76,22,23,13,30,28,29,14,16,13069,13068,26,27,42,43,44,45],"class_list":{"0":"post-103826","1":"post","2":"type-post","3":"status-publish","4":"format-standard","5":"has-post-thumbnail","7":"category-verden","8":"tag-breaking-news","9":"tag-breakingnews","10":"tag-featured-news","11":"tag-featurednews","12":"tag-headlines","13":"tag-hertuginne-meghan","14":"tag-kjendisdesken","15":"tag-kongelig","16":"tag-latest-news","17":"tag-latestnews","18":"tag-news","19":"tag-no","20":"tag-norge","21":"tag-norway","22":"tag-nyheter","23":"tag-overskrifter","24":"tag-thomas-markle","25":"tag-thomas-markle-jr","26":"tag-top-stories","27":"tag-topstories","28":"tag-verden","29":"tag-world","30":"tag-world-news","31":"tag-worldnews"},"share_on_mastodon":{"url":"https:\/\/pubeurope.com\/@no\/115660436689798506","error":""},"_links":{"self":[{"href":"https:\/\/www.europesays.com\/no\/wp-json\/wp\/v2\/posts\/103826","targetHints":{"allow":["GET"]}}],"collection":[{"href":"https:\/\/www.europesays.com\/no\/wp-json\/wp\/v2\/posts"}],"about":[{"href":"https:\/\/www.europesays.com\/no\/wp-json\/wp\/v2\/types\/post"}],"author":[{"embeddable":true,"href":"https:\/\/www.europesays.com\/no\/wp-json\/wp\/v2\/users\/2"}],"replies":[{"embeddable":true,"href":"https:\/\/www.europesays.com\/no\/wp-json\/wp\/v2\/comments?post=103826"}],"version-history":[{"count":0,"href":"https:\/\/www.europesays.com\/no\/wp-json\/wp\/v2\/posts\/103826\/revisions"}],"wp:featuredmedia":[{"embeddable":true,"href":"https:\/\/www.europesays.com\/no\/wp-json\/wp\/v2\/media\/103827"}],"wp:attachment":[{"href":"https:\/\/www.europesays.com\/no\/wp-json\/wp\/v2\/media?parent=103826"}],"wp:term":[{"taxonomy":"category","embeddable":true,"href":"https:\/\/www.europesays.com\/no\/wp-json\/wp\/v2\/categories?post=103826"},{"taxonomy":"post_tag","embeddable":true,"href":"https:\/\/www.europesays.com\/no\/wp-json\/wp\/v2\/tags?post=103826"}],"curies":[{"name":"wp","href":"https:\/\/api.w.org\/{rel}","templated":true}]}}