{"id":103828,"date":"2025-12-04T08:51:14","date_gmt":"2025-12-04T08:51:14","guid":{"rendered":"https:\/\/www.europesays.com\/no\/103828\/"},"modified":"2025-12-04T08:51:14","modified_gmt":"2025-12-04T08:51:14","slug":"andfjord-salmon-krever-over-en-mrd-fra-leverandor-e24","status":"publish","type":"post","link":"https:\/\/www.europesays.com\/no\/103828\/","title":{"rendered":"Andfjord Salmon krever over \u00e9n mrd. fra leverand\u00f8r \u2013 E24"},"content":{"rendered":"<p class=\"fullWidthDesktop hyperion-css-71ztg2\" data-test-tag=\"lead-text\">Andfjord Salmon krever over \u00e9n milliard kroner fra en leverand\u00f8r. \u2013 Ikke hatt kontroll med prosjektet, hevder konsernsjef Martin Rasmussen.<\/p>\n<p><img decoding=\"async\" class=\"image-asset hyperion-css-u06ts1\" data-test-tag=\"image-asset\" src=\"https:\/\/www.europesays.com\/no\/wp-content\/uploads\/2025\/12\/eee0b11f-6ac6-4219-958d-83bc0cb45119\"  alt=\"Andfjord Salmon jobber med landbasert oppdrett p\u00e5 And\u00f8ya.\"  loading=\"eager\" fetchpriority=\"high\" style=\"aspect-ratio:1900 \/ 1067\"\/>Andfjord Salmon jobber med landbasert oppdrett p\u00e5 And\u00f8ya. Foto: Andfjord SalmonPublisert: <\/p>\n<p>I dag 19:39<\/p>\n<p>Oppdatert n\u00e5 nettopp<\/p>\n<ul class=\"hyperion-css-pte5x0\">\n<li aria-label=\"link\" class=\"narrow-button hyperion-css-1sz7d3n\">Kopier lenke<\/li>\n<li aria-label=\"link\" class=\"wide-button hyperion-css-1sz7d3n\">Kopier lenke<\/li>\n<li aria-label=\"facebook\" class=\"narrow-button hyperion-css-1sz7d3n\">Del p\u00e5 Facebook<\/li>\n<li aria-label=\"facebook\" class=\"wide-button hyperion-css-1sz7d3n\">Del p\u00e5 Facebook<\/li>\n<li aria-label=\"email\" class=\"narrow-button hyperion-css-1sz7d3n\">Del med e-post<\/li>\n<li aria-label=\"email\" class=\"wide-button hyperion-css-1sz7d3n\">Del med e-post<\/li>\n<\/ul>\n<p class=\"hyperion-css-1lemvax\">Andfjord Salmon bygger et landbasert oppdrettsanlegg p\u00e5 Kvalnes p\u00e5 And\u00f8ya i Nordland.<\/p>\n<p class=\"hyperion-css-1lemvax\">N\u00e5 har selskapet levert et krav p\u00e5 over \u00e9n milliard kroner til leverand\u00f8ren av anlegget, AF H\u00e6hre &amp; Contur Ans, if\u00f8lge en <a aria-label=\"melding\" class=\"default hyperion-css-1rezu2g\" href=\"https:\/\/newsweb.oslobors.no\/message\/661189\" rel=\"noopener nofollow noreferrer\" data-test-tag=\"external-link\" target=\"_blank\">melding<\/a>.<\/p>\n<p class=\"hyperion-css-1lemvax\">De hevder at entrepren\u00f8ren ikke har overholdt sine forpliktelser, og at vilk\u00e5rene i kontrakten er brutt.<\/p>\n<p class=\"hyperion-css-1lemvax\">Selskapet \u00f8nsker \u00e5 f\u00e5 tilbake penger fordi de mener at leverand\u00f8ren ikke har hatt god nok kontroll p\u00e5 kostnadene og prosjektet. Andfjord Salmon holder ogs\u00e5 tilbake betalingen av ytterligere fakturaer til leverand\u00f8ren, if\u00f8lge meldingen.<\/p>\n<p class=\"hyperion-css-1lemvax\">AF H\u00e6hre &amp; Contur bestrider kravet fra oppdrettsselskapet. Lenger nede i saken kan du lese svaret deres.<\/p>\n<p>\u2013 Kan havne i retten<\/p>\n<p class=\"hyperion-css-1lemvax\">Konsernsjef Martin Rasmussen i Andfjord Salmon begrunner kravet mot entrepren\u00f8ren slik:<\/p>\n<p class=\"hyperion-css-1lemvax\"><strong>\u2013 De har ikke hatt kontroll med prosjektet og ikke gjennomf\u00f8rt innenfor tid og budsjett, og vi mener de har opptr\u00e5dt grovt uaktsomt. Vi har ikke f\u00e5tt riktige kalkyler for sluttproduktet, og ikke f\u00e5tt riktig informasjon om de kostnadene som er p\u00e5l\u00f8pt. Det har ogs\u00e5 v\u00e6rt en del feilfakturering, som vi har sett omfanget av etter \u00e5 ha satt i gang en ekstern gransking.<\/strong><\/p>\n<p><img decoding=\"async\" class=\"image-asset hyperion-css-u06ts1\" data-test-tag=\"image-asset\" src=\"https:\/\/www.europesays.com\/no\/wp-content\/uploads\/2025\/12\/78f6b282-7dfb-4364-88fd-3bf1d2cf91a7\"  alt=\"Konsernsjef Martin Rasmussen i Andfjord Salmon.\"  loading=\"eager\" fetchpriority=\"high\" style=\"aspect-ratio:1392 \/ 906\"\/>Konsernsjef Martin Rasmussen i Andfjord Salmon. Foto: Andfjord Salmon<\/p>\n<p class=\"hyperion-css-1lemvax\">\u2013 Det er et stort bel\u00f8p, hvordan g\u00e5r dialogen n\u00e5?<\/p>\n<p class=\"hyperion-css-1lemvax\">\u2013 Vi har fors\u00f8kt \u00e5 komme til en l\u00f8sning hele veien, men har ikke evnet \u00e5 komme til enighet om noe vi kan akseptere basert p\u00e5 den situasjonen som de har satt oss i. Det er flere andre akt\u00f8rer som er egnet til \u00e5 ha denne jobben, for det avviket vi sett i prosjektkontrollen er ikke h\u00e5ndterbart, sier Rasmussen.<\/p>\n<p class=\"hyperion-css-1lemvax\">\u2013 Ligger det an til et rettslig oppgj\u00f8r i saken?<\/p>\n<p class=\"hyperion-css-1lemvax\">\u2013 V\u00e5rt krav og v\u00e5r begrunnelse st\u00f8ttes av eksterne r\u00e5dgivere, s\u00e5 det ligger i sakens natur at dette potensielt kan havne i retten. Vi er et b\u00f8rsnotert selskap, og da er vi pliktige til \u00e5 informere om at entrepren\u00f8ren har valgt \u00e5 heve kontrakten og at vi leter etter en ny.<\/p>\n<p>Entrepren\u00f8ren bestrider kravet<\/p>\n<p class=\"hyperion-css-1lemvax\">Entrepren\u00f8ren er uenige i kravet fra Andfjord Salmon, men bekrefter at de har hevet kontrakten for oppdrettsanlegget.<\/p>\n<p class=\"hyperion-css-1lemvax\">\u00abVi kan bekrefte at AF H\u00e6hre &amp; Contur ANS (AFHC) har hevet kontrakten med Andfjord Salmon for bygging av oppdrettsanlegget p\u00e5 And\u00f8ya. AFHC har bygget, levert og fakturert i henhold til kontrakt, men f\u00e5r fortsatt ikke betalt\u00bb, skriver selskapet i en e-post til E24.<\/p>\n<p class=\"hyperion-css-1lemvax\">\u00abDet var dermed ingen vei utenom \u00e5 heve kontrakten med byggherren og stoppe arbeidet. Andfjord Salmon hevder \u00e5 ha et krav mot AFHC som vi bestrider. Partene har de siste ukene forhandlet i et fors\u00f8k p\u00e5 \u00e5 unng\u00e5 stans i byggearbeidene. Vi vil n\u00e5 rigge ned og sikre anlegget p\u00e5 en forsvarlig m\u00e5te\u00bb, skriver H\u00e6hre.<\/p>\n<p>Oppjusterte kostnadene<\/p>\n<p class=\"hyperion-css-1lemvax\">I mai <a aria-label=\"meldte Andfjord Salmon\" class=\"default hyperion-css-1rezu2g\" href=\"https:\/\/newsweb.oslobors.no\/message\/647759\" rel=\"noopener nofollow noreferrer\" data-test-tag=\"external-link\" target=\"_blank\">meldte Andfjord Salmon<\/a> at investeringskostnadene p\u00e5 And\u00f8ya-anlegget var blitt oppjustert med 500 millioner kroner, hvorav 400 millioner var knyttet til p\u00e5g\u00e5ende bygging.<\/p>\n<p class=\"hyperion-css-1lemvax\">Selskapet pekte blant annet p\u00e5 produksjon av sement, behov for mer mannskap og utstyr, justeringer av designet og uheldig v\u00e6r.<\/p>\n<p class=\"hyperion-css-1lemvax\">Andfjord Salmon har tidligere oppgitt et m\u00e5l om \u00e5 oppskalere kapasiteten i anlegget gradvis frem mot 2030, til en \u00e5rlig slaktevekt p\u00e5 48.100 tonn.<\/p>\n<p class=\"hyperion-css-1lemvax\">Selskapet har blant annet jobbet med \u00e5 sikre vannforsyning til anlegget og havnekapasitet p\u00e5 Kvalnes.<\/p>\n<p>Jobber med sitt tredje basseng<\/p>\n<p class=\"hyperion-css-1lemvax\">Selskapet har snart bygget ut tre av fire planlagte bassenger i f\u00f8rste fase av det landbaserte oppdrettsprosjektet.<\/p>\n<p class=\"hyperion-css-1lemvax\">Bassenget K0 ble ferdigstilt i 2022, og K1 ble fullf\u00f8rt i september 2025. Basseng K3 er n\u00e6r ferdigstillelse, if\u00f8lge selskapet.<\/p>\n<p class=\"hyperion-css-1lemvax\">Neste basseng trengs ikke f\u00f8r v\u00e5ren\/sommeren 2026, if\u00f8lge Andfjord Salmon. De er i kontakt med mulige alternative leverand\u00f8rer for den videre utbyggingen, if\u00f8lge meldingen. De venter at det vil koste rundt 20 millioner \u00e5 erstatte dagens hovedleverand\u00f8r.<\/p>\n<p class=\"hyperion-css-1lemvax\">Disputten om kostnader har ikke noe \u00e5 si for selve driften av oppdrettsanlegget, opplyser Andfjord Salmon.<\/p>\n<p class=\"hyperion-css-1lemvax\">De mener smolten i anlegget har h\u00f8y overlevelse og solid vekst.<\/p>\n","protected":false},"excerpt":{"rendered":"Andfjord Salmon krever over \u00e9n milliard kroner fra en leverand\u00f8r. \u2013 Ikke hatt kontroll med prosjektet, hevder konsernsjef&hellip;\n","protected":false},"author":2,"featured_media":103829,"comment_status":"","ping_status":"","sticky":false,"template":"","format":"standard","meta":{"footnotes":""},"categories":[5],"tags":[20,21,24,25,15,19,22,23,17,18,13,30,28,29,14,16,26,27],"class_list":{"0":"post-103828","1":"post","2":"type-post","3":"status-publish","4":"format-standard","5":"has-post-thumbnail","7":"category-overskrifter","8":"tag-breaking-news","9":"tag-breakingnews","10":"tag-featured-news","11":"tag-featurednews","12":"tag-headlines","13":"tag-hovedoppslag","14":"tag-latest-news","15":"tag-latestnews","16":"tag-main-news","17":"tag-mainnews","18":"tag-news","19":"tag-no","20":"tag-norge","21":"tag-norway","22":"tag-nyheter","23":"tag-overskrifter","24":"tag-top-stories","25":"tag-topstories"},"share_on_mastodon":{"url":"https:\/\/pubeurope.com\/@no\/115660448575562269","error":""},"_links":{"self":[{"href":"https:\/\/www.europesays.com\/no\/wp-json\/wp\/v2\/posts\/103828","targetHints":{"allow":["GET"]}}],"collection":[{"href":"https:\/\/www.europesays.com\/no\/wp-json\/wp\/v2\/posts"}],"about":[{"href":"https:\/\/www.europesays.com\/no\/wp-json\/wp\/v2\/types\/post"}],"author":[{"embeddable":true,"href":"https:\/\/www.europesays.com\/no\/wp-json\/wp\/v2\/users\/2"}],"replies":[{"embeddable":true,"href":"https:\/\/www.europesays.com\/no\/wp-json\/wp\/v2\/comments?post=103828"}],"version-history":[{"count":0,"href":"https:\/\/www.europesays.com\/no\/wp-json\/wp\/v2\/posts\/103828\/revisions"}],"wp:featuredmedia":[{"embeddable":true,"href":"https:\/\/www.europesays.com\/no\/wp-json\/wp\/v2\/media\/103829"}],"wp:attachment":[{"href":"https:\/\/www.europesays.com\/no\/wp-json\/wp\/v2\/media?parent=103828"}],"wp:term":[{"taxonomy":"category","embeddable":true,"href":"https:\/\/www.europesays.com\/no\/wp-json\/wp\/v2\/categories?post=103828"},{"taxonomy":"post_tag","embeddable":true,"href":"https:\/\/www.europesays.com\/no\/wp-json\/wp\/v2\/tags?post=103828"}],"curies":[{"name":"wp","href":"https:\/\/api.w.org\/{rel}","templated":true}]}}