{"id":10383,"date":"2025-08-17T10:38:09","date_gmt":"2025-08-17T10:38:09","guid":{"rendered":"https:\/\/www.europesays.com\/no\/10383\/"},"modified":"2025-08-17T10:38:09","modified_gmt":"2025-08-17T10:38:09","slug":"sport-fotball-over-og-ut-i-viking","status":"publish","type":"post","link":"https:\/\/www.europesays.com\/no\/10383\/","title":{"rendered":"Sport, Fotball | Over og ut i Viking"},"content":{"rendered":"\n<p><b>FOTBALL: <\/b>I slutten av februar signerte Thomas Kinn overraskende en ett\u00e5rskontrakt med Viking, etter at kontrakten med Mj\u00f8ndalen gikk ut etter forrige sesong.<\/p>\n<p><b>\u2013 Dette f\u00f8les litt som en dr\u00f8mmedag p\u00e5 utplassering med NAV. Jeg brukte ikke langt tid p\u00e5 \u00e5 bestemme meg for \u00e5 si det slik, sa Kinn til Rogalands Avis da overgangen var i boks.<\/b><\/p>\n<p>  <a href=\"https:\/\/www.h-avis.no\/5-62-1855322\" class=\"related-teaser has-image default-story-teaser article--c-eRUmMG article--c-eRUmMG-jKCPdD-design-default\" rel=\"nofollow noopener\" target=\"_blank\"><\/p>\n<p>    <img decoding=\"async\" loading=\"lazy\"  src=\"https:\/\/www.europesays.com\/no\/wp-content\/uploads\/2025\/08\/ThomasKinnVikingNoytral.jpg\" alt=\"\" class=\"brick-c-cFOWSL\" style=\"\"\/><\/p>\n<p>\n            Les ogs\u00e5<\/p>\n<p>              Thomas (26) gleder seg til \u00e5 provosere haugesunderne\n        <\/p>\n<p>  <\/a><br \/>\n  Til Finland<\/p>\n<p>Kinn fikk sjansen i Eliteserien p\u00e5 grunn av flere skader i keeperrekkene til Viking. Og sveibuen fikk ogs\u00e5 tillit p\u00e5 laget i v\u00e5r. Totalt ble det fem kamper fra start i Eliteserien og to i cupen.<\/p>\n<p>Men den siste kampen Kinn startet var i cupen 7. mai. Siden har han blitt henvist til benken og tribunen. N\u00e5 er Viking-eventyret over for Kinn.<\/p>\n<p>Han fortsetter n\u00e5 karrieren i den finske toppserieklubben AC Oulo.<\/p>\n<p>If\u00f8lge Vikings nettside er valget tatt p\u00e5 eget initiativ fra Kinn.<\/p>\n<p><b>\u2013 Vi respekterer Thomas sitt \u00f8nske om \u00e5 pr\u00f8ve noe nytt, og \u00f8nsker han alt det beste videre i karrieren, <a href=\"https:\/\/www.vikingfotball.no\/nyheter\/kinn-forlater-viking-veldig-glad-for-a-ha-vaert-en-del-av-klubben\" rel=\"Follow nofollow noopener\" target=\"_blank\">sier sportssjef Erik Nevland til vikingfotball.no<\/a>.<\/b><\/p>\n<p>\u2013 Kunne ikke dr\u00f8mt om noe st\u00f8rre<\/p>\n<p>Kinn er forn\u00f8yd med oppholdet sitt i Stavanger. 26-\u00e5ringen har v\u00e6rt en sv\u00e6rt popul\u00e6r figur hos klubben supportere.<\/p>\n<p><b>\u2013 Jeg s\u00e5 fram til \u00e5 spille foran Felt O og Viking-supporterne da jeg kom til klubben, men jeg tror ikke jeg hadde forventet at det skulle v\u00e6re s\u00e5 bra trykk som det har v\u00e6rt. Jeg kunne ikke dr\u00f8mt om noe st\u00f8rre. Jeg er veldig glad for \u00e5 ha v\u00e6rt<a href=\"https:\/\/www.vikingfotball.no\/nyheter\/kinn-forlater-viking-veldig-glad-for-a-ha-vaert-en-del-av-klubben\" rel=\"Follow nofollow noopener\" target=\"_blank\"> en del av denne klubben,<\/a> sier Thomas Kinn til Vikings nettside. <\/b><\/p>\n<p>Les mer om: artikkelemnene<\/p>\n","protected":false},"excerpt":{"rendered":"FOTBALL: I slutten av februar signerte Thomas Kinn overraskende en ett\u00e5rskontrakt med Viking, etter at kontrakten med Mj\u00f8ndalen&hellip;\n","protected":false},"author":2,"featured_media":10384,"comment_status":"","ping_status":"","sticky":false,"template":"","format":"standard","meta":{"footnotes":""},"categories":[59],"tags":[36,92,30,28,29,83,82,1510,2160],"class_list":{"0":"post-10383","1":"post","2":"type-post","3":"status-publish","4":"format-standard","5":"has-post-thumbnail","7":"category-sport","8":"tag-art","9":"tag-fotball","10":"tag-no","11":"tag-norge","12":"tag-norway","13":"tag-sport","14":"tag-sports","15":"tag-story","16":"tag-sveio"},"share_on_mastodon":{"url":"","error":""},"_links":{"self":[{"href":"https:\/\/www.europesays.com\/no\/wp-json\/wp\/v2\/posts\/10383","targetHints":{"allow":["GET"]}}],"collection":[{"href":"https:\/\/www.europesays.com\/no\/wp-json\/wp\/v2\/posts"}],"about":[{"href":"https:\/\/www.europesays.com\/no\/wp-json\/wp\/v2\/types\/post"}],"author":[{"embeddable":true,"href":"https:\/\/www.europesays.com\/no\/wp-json\/wp\/v2\/users\/2"}],"replies":[{"embeddable":true,"href":"https:\/\/www.europesays.com\/no\/wp-json\/wp\/v2\/comments?post=10383"}],"version-history":[{"count":0,"href":"https:\/\/www.europesays.com\/no\/wp-json\/wp\/v2\/posts\/10383\/revisions"}],"wp:featuredmedia":[{"embeddable":true,"href":"https:\/\/www.europesays.com\/no\/wp-json\/wp\/v2\/media\/10384"}],"wp:attachment":[{"href":"https:\/\/www.europesays.com\/no\/wp-json\/wp\/v2\/media?parent=10383"}],"wp:term":[{"taxonomy":"category","embeddable":true,"href":"https:\/\/www.europesays.com\/no\/wp-json\/wp\/v2\/categories?post=10383"},{"taxonomy":"post_tag","embeddable":true,"href":"https:\/\/www.europesays.com\/no\/wp-json\/wp\/v2\/tags?post=10383"}],"curies":[{"name":"wp","href":"https:\/\/api.w.org\/{rel}","templated":true}]}}