{"id":103832,"date":"2025-12-04T08:53:12","date_gmt":"2025-12-04T08:53:12","guid":{"rendered":"https:\/\/www.europesays.com\/no\/103832\/"},"modified":"2025-12-04T08:53:12","modified_gmt":"2025-12-04T08:53:12","slug":"sabrina-carpenter-forklarer-omstridt-bilde","status":"publish","type":"post","link":"https:\/\/www.europesays.com\/no\/103832\/","title":{"rendered":"Sabrina Carpenter forklarer omstridt bilde"},"content":{"rendered":"\n<p class=\"_lead_o9xde_2 _lead_xtcu6_50 layout-component text-serif-m layout-normal text-serif-l layout-component layout-wide layout-padded _wide_17hqh_1 layout-padded\">Sabrina Carpenter (26) letter p\u00e5 sl\u00f8ret om det kontroversielle platecoveret p\u00e5 sitt ferskeste album.<\/p>\n<p><img alt=\"Sabrina Carpenter i New York i september. Foto: LEONARDO MUNOZ \/ AFP \/ NTB\" class=\"_image_qp4xg_65 layout-component layout-wide\" data-fullscreen- data-track-element-type=\"Article image fullscreen\" data-track-name=\"ImageFullscreen\" fetchpriority=\"high\" decoding=\"sync\" loading=\"eager\" height=\"1583\" itemprop=\"image\"  src=\"https:\/\/www.europesays.com\/no\/wp-content\/uploads\/2025\/12\/6a407f49-6231-4bb6-a8d6-9fb52108c71b\"  style=\"object-position:0% 0%\" width=\"2088\"\/>Sabrina Carpenter i New York i september. Foto: LEONARDO MUNOZ \/ AFP \/ NTB<\/p>\n<ul aria-hidden=\"true\" class=\"_images_1uft6_111\">\n<li><a class=\"_link_1uft6_116\" href=\"https:\/\/www.vg.no\/forfatter\/catherine-gonsholt-ighanian\" style=\"z-index:1\" title=\"Catherine Gonsholt Ighanian\" rel=\"nofollow noopener\" target=\"_blank\"><img alt=\"Bilde av Catherine Gonsholt Ighanian\" class=\"_image_1uft6_93\" fetchpriority=\"low\" loading=\"lazy\" decoding=\"async\" itemprop=\"image\"  src=\"https:\/\/www.europesays.com\/no\/wp-content\/uploads\/2025\/12\/1764838391_909_72dca32d-ee6f-474c-a50e-72a9bb49f38a\"  width=\"480\"\/><\/a><\/li>\n<\/ul>\n<p> Oppdatert torsdag 4. desember kl. 09:03    <\/p>\n<ul class=\"_list_o9xde_3 _list_64s2r_85 _unordered_o9xde_106 text-sans-m\">\n<li class=\"_item_o9xde_30\">Sabrina Carpenter tar opp kontroversene rundt albumcoveret til \u00abMan\u2019s Best Friend\u00bb.<\/li>\n<li class=\"_item_o9xde_30\">Det originale omslaget ble anklaget for \u00e5 v\u00e6re kvinneundertrykkende.<\/li>\n<\/ul>\n<p>Vis mer <\/p>\n<p class=\"_paragraph_o9xde_4 _paragraph_xtcu6_10 layout-component text-serif-m layout-normal text-serif-m layout-padded\">Reaksjonene uteble ikke da den amerikanske artisten i juni viste frem omslaget p\u00e5 \u00abMan\u2019s Best Friend\u00bb.<\/p>\n<p class=\"_paragraph_o9xde_4 _paragraph_xtcu6_10 layout-component text-serif-m layout-normal text-serif-m layout-padded\">Der poserte hun p\u00e5 kn\u00e6rne if\u00f8rt sort minikjole, mens en mann i dress lugget henne i h\u00e5ret.<\/p>\n<p class=\"_paragraph_o9xde_4 _paragraph_xtcu6_10 layout-component text-serif-m layout-normal text-serif-m layout-padded\">Mange hyllet bildet, mens andre <a href=\"https:\/\/www.vg.no\/rampelys\/i\/rP6PRl\/sabrina-carpenters-nye-bilder-vekker-oppsikt\" data-track-element-type=\"Link\" data-track-id=\"link:rP6PRl\" class=\"_link_o9xde_39\" rel=\"nofollow noopener\" target=\"_blank\">uttrykte stor misn\u00f8ye<\/a>, fordi de mente det fremsto kvinneundertrykkende.<\/p>\n<p class=\"_paragraph_o9xde_4 _paragraph_xtcu6_10 layout-component text-serif-m layout-normal text-serif-m layout-padded\"><strong class=\"_strong_o9xde_25\">Samfunnsdebattant :<a href=\"https:\/\/www.vg.no\/nyheter\/i\/73kxWv\/skjerp-deg-sabrina-carpenter\" data-track-element-type=\"Link\" data-track-id=\"link:73kxWv\" class=\"_link_o9xde_39\" rel=\"nofollow noopener\" target=\"_blank\"> <\/a><\/strong><a href=\"https:\/\/www.vg.no\/nyheter\/i\/73kxWv\/skjerp-deg-sabrina-carpenter\" data-track-element-type=\"Link\" data-track-id=\"link:73kxWv\" class=\"_link_o9xde_39\" rel=\"nofollow noopener\" target=\"_blank\">\u2013 Utrolig toned\u00f8vt<\/a><\/p>\n<p><img alt=\"Kommentarfeltet p\u00e5 Sabrinas Instagram kokte da hun la ut dette bildet av albumcoveret.  Foto: Faksimile: Instagram\" class=\"_image_qp4xg_65 layout-component layout-normal\" data-fullscreen- data-track-element-type=\"Article image fullscreen\" data-track-name=\"ImageFullscreen\" decoding=\"async\" loading=\"lazy\" height=\"289\" itemprop=\"image\"  src=\"https:\/\/www.europesays.com\/no\/wp-content\/uploads\/2025\/12\/97bdf8da-99a3-4302-8abc-9d4720be3bdc\"  style=\"object-position:0% 0%\" width=\"450\"\/>Kommentarfeltet p\u00e5 Sabrinas Instagram kokte da hun la ut dette bildet av albumcoveret.  Foto: Faksimile: Instagram<\/p>\n<p class=\"_paragraph_o9xde_4 _paragraph_xtcu6_10 layout-component text-serif-m layout-normal text-serif-m layout-padded\">Noen uker senere \u2013 f\u00f8r albumslippet \u2013 tok popstjernen grep og serverte et nytt cover, som hun sp\u00f8kefullt hevdet var <a href=\"https:\/\/www.vg.no\/rampelys\/i\/Gy7rjJ\/sabrina-med-nytt-platecover-godkjent-av-gud\" data-track-element-type=\"Link\" data-track-id=\"link:Gy7rjJ\" class=\"_link_o9xde_39\" rel=\"nofollow noopener\" target=\"_blank\">\u00abgodkjent av Gud\u00bb<\/a>.<\/p>\n<p class=\"_paragraph_o9xde_4 _paragraph_xtcu6_10 layout-component text-serif-m layout-normal text-serif-m layout-padded\">N\u00e5 har <a href=\"https:\/\/people.com\/sabrina-carpenter-reveals-meaning-behind-mans-best-friend-cover-art-11861442\" class=\"_link_o9xde_39\" rel=\"nofollow noopener\" target=\"_blank\">Variety<\/a> tatt \u00aben alvorsprat\u00bb med Carpenter, der hun utdyper hensikten med det opprinnelige omslaget.<\/p>\n<p class=\"_paragraph_o9xde_4 _paragraph_xtcu6_10 layout-component text-serif-m layout-normal text-serif-m layout-padded\">\u2013 Det handlet om hvordan folk pr\u00f8ver \u00e5 kontrollere kvinner, forklarer 26-\u00e5ringen og legger til:<\/p>\n<p class=\"_paragraph_o9xde_4 _paragraph_xtcu6_10 layout-component text-serif-m layout-normal text-serif-m layout-padded\">\u2013 Og det handlet om hvordan jeg selv f\u00f8lte meg f\u00f8lelsesmessig dratt rundt av forholdene jeg hadde, og om hvor mye makt man er villig til \u00e5 gi dem.<\/p>\n<p><img alt=\"Sabrina Carpenter med favnen full av priser under MTV Video Music Awards i New York i september.  Foto: Kylie Cooper \/ Reuters \/ NTB\" class=\"_image_qp4xg_65 layout-component layout-normal\" data-fullscreen- data-track-element-type=\"Article image fullscreen\" data-track-name=\"ImageFullscreen\" decoding=\"async\" loading=\"lazy\" height=\"2292\" itemprop=\"image\"  src=\"https:\/\/www.europesays.com\/no\/wp-content\/uploads\/2025\/12\/e23eb472-f7ed-49c4-822a-d1972956e4c0\"  style=\"object-position:0% 0%\" width=\"3439\"\/>Sabrina Carpenter med favnen full av priser under MTV Video Music Awards i New York i september.  Foto: Kylie Cooper \/ Reuters \/ NTB<\/p>\n<p class=\"_paragraph_o9xde_4 _paragraph_xtcu6_10 layout-component text-serif-m layout-normal text-serif-m layout-padded\">Carpenter erkjenner at kritikerne hadde noen gode poenger, men understreker at det aldri var hennes intensjon \u00e5 gi et kvinneundertrykkende budskap.<\/p>\n<p class=\"_paragraph_o9xde_4 _paragraph_xtcu6_10 layout-component text-serif-m layout-normal text-serif-m layout-padded\">\u2013 Coveret betydde \u00e9n ting for meg og 100 ting for andre. <\/p>\n<p class=\"_paragraph_o9xde_4 _paragraph_xtcu6_10 layout-component text-serif-m layout-normal text-serif-m layout-padded\">Superstjernen forteller ogs\u00e5 at hun som ung jente s\u00e5 opp til kvinner som sang om sex. <\/p>\n<p class=\"_paragraph_o9xde_4 _paragraph_xtcu6_10 layout-component text-serif-m layout-normal text-serif-m layout-padded\">\u2013 Jeg tenkte alltid at n\u00e5r jeg blir voksen, skal jeg omfavne min egen seksualitet mer. Men jeg vet fortsatt ikke helt hva det inneb\u00e6rer.<\/p>\n<p class=\"_paragraph_o9xde_4 _paragraph_xtcu6_10 layout-component text-serif-m layout-normal text-serif-m layout-padded\">\u00abEspresso\u00bb-sangeren presiserer at hun setter grenser for seg selv.<\/p>\n<p class=\"_paragraph_o9xde_4 _paragraph_xtcu6_10 layout-component text-serif-m layout-normal text-serif-m layout-padded\">\u2013 Folk tror at jeg er med p\u00e5 hvs som helst, men nei. Jeg lever bare livet mitt, og dere ser p\u00e5. Hvis dere ikke liker det, er det ikke for dere.<\/p>\n<p>Les ogs\u00e5<\/p>\n","protected":false},"excerpt":{"rendered":"Sabrina Carpenter (26) letter p\u00e5 sl\u00f8ret om det kontroversielle platecoveret p\u00e5 sitt ferskeste album. Sabrina Carpenter i New&hellip;\n","protected":false},"author":2,"featured_media":103833,"comment_status":"","ping_status":"","sticky":false,"template":"","format":"standard","meta":{"footnotes":""},"categories":[58],"tags":[71,221,30,28,29,3943,72],"class_list":{"0":"post-103832","1":"post","2":"type-post","3":"status-publish","4":"format-standard","5":"has-post-thumbnail","7":"category-underholdning","8":"tag-entertainment","9":"tag-musikk","10":"tag-no","11":"tag-norge","12":"tag-norway","13":"tag-sabrina-carpenter","14":"tag-underholdning"},"share_on_mastodon":{"url":"https:\/\/pubeurope.com\/@no\/115660456650065297","error":""},"_links":{"self":[{"href":"https:\/\/www.europesays.com\/no\/wp-json\/wp\/v2\/posts\/103832","targetHints":{"allow":["GET"]}}],"collection":[{"href":"https:\/\/www.europesays.com\/no\/wp-json\/wp\/v2\/posts"}],"about":[{"href":"https:\/\/www.europesays.com\/no\/wp-json\/wp\/v2\/types\/post"}],"author":[{"embeddable":true,"href":"https:\/\/www.europesays.com\/no\/wp-json\/wp\/v2\/users\/2"}],"replies":[{"embeddable":true,"href":"https:\/\/www.europesays.com\/no\/wp-json\/wp\/v2\/comments?post=103832"}],"version-history":[{"count":0,"href":"https:\/\/www.europesays.com\/no\/wp-json\/wp\/v2\/posts\/103832\/revisions"}],"wp:featuredmedia":[{"embeddable":true,"href":"https:\/\/www.europesays.com\/no\/wp-json\/wp\/v2\/media\/103833"}],"wp:attachment":[{"href":"https:\/\/www.europesays.com\/no\/wp-json\/wp\/v2\/media?parent=103832"}],"wp:term":[{"taxonomy":"category","embeddable":true,"href":"https:\/\/www.europesays.com\/no\/wp-json\/wp\/v2\/categories?post=103832"},{"taxonomy":"post_tag","embeddable":true,"href":"https:\/\/www.europesays.com\/no\/wp-json\/wp\/v2\/tags?post=103832"}],"curies":[{"name":"wp","href":"https:\/\/api.w.org\/{rel}","templated":true}]}}