{"id":103834,"date":"2025-12-04T08:55:14","date_gmt":"2025-12-04T08:55:14","guid":{"rendered":"https:\/\/www.europesays.com\/no\/103834\/"},"modified":"2025-12-04T08:55:14","modified_gmt":"2025-12-04T08:55:14","slug":"bitter-strid-moter-i-retten","status":"publish","type":"post","link":"https:\/\/www.europesays.com\/no\/103834\/","title":{"rendered":"Bitter strid: M\u00f8ter i retten"},"content":{"rendered":"<p>  Torsdag m\u00f8ter Kjell Inge R\u00f8kke i Oslo tingrett i det som omtales som \u00ab\u00e5rets finansthriller\u00bb. Det er knyttet stor spenning til hans vitnem\u00e5l.<\/p>\n<p>\n    BITTER STRID: To av Norges rikeste menn &#8211; Kjell Inge R\u00f8kke (avbildet) og Christian Sveaas &#8211; st\u00e5r p\u00e5 hver sin side av en av Norges st\u00f8rste n\u00e6ringslivsrettssaker. Foto: H\u00e5kon Mosvold Larsen \/ NTB\n  <\/p>\n<p>Torsdag m\u00f8ter en av Norges rikeste menn, Kjell\u00a0Inge\u00a0R\u00f8kke\u00a0(67), i Oslo tingrett i en sak som omtales som en av de st\u00f8rste finansrettssakene i norsk historie.<\/p>\n<p>Saken har p\u00e5g\u00e5tt i Oslo tingrett siden oktober &#8211; og har blitt kalt\u00a0<a href=\"https:\/\/www.dn.no\/finansredaksjonen\/podkast\/finansredaksjonen\/kjell-inge-rokke\/dette-er-en-suppe\/2-1-1879395\" rel=\"nofollow noopener\" target=\"_blank\">\u00ab\u00e5rets finansthriller\u00bb<\/a>. Etter flere uker i retten, inntar R\u00f8kke vitneboksen for f\u00f8rste gang torsdag.<\/p>\n<p class=\"font-weight-bold m-font-weight-bold\" data-lab-font_weight=\"font-weight-bold\">Det er knyttet stor spenning til hva han kommer til \u00e5 si i vitneboksen.<\/p>\n<p>Pressebenken i Oslo tingretts sal 828 er helt full allerede fra starten av dagen. R\u00f8kke selv ventes \u00e5 vitne etter lunsj.<\/p>\n<p>Saken dreier seg om behandlingen av s\u00f8ksm\u00e5let knyttet til refinansieringen av offshorerederiet Solstad.<\/p>\n<p>    <a itemprop=\"url\" href=\"https:\/\/borsen.dagbladet.no\/nyheter\/milliardaerkrangel-i-retten\/83683666\" rel=\"nofollow noopener\" target=\"_blank\"><\/p>\n<p>      <img loading=\"lazy\" decoding=\"async\" src=\"https:\/\/www.europesays.com\/no\/wp-content\/uploads\/2025\/12\/83683697.webp\" width=\"980\" height=\"441\" title=\"Milliard\u00e6rkrangel i retten\" alt=\"\" class=\"lazyload\" style=\"--aspect-ratio-image: 2.22; \"\/><\/p>\n<p>        Milliard\u00e6rkrangel i retten<\/p>\n<p>    <\/a><\/p>\n<p>P\u00e5 den ene siden st\u00e5r\u00a0R\u00f8kke, styreleder og hovedeier i Aker, og p\u00e5 den andre siden st\u00e5r Sveaas og hans selskap Kistefos. Bak Sveaas st\u00e5r ogs\u00e5 over 40 andre aksjon\u00e6rer som mener de ble grovt forskjellsbehandlet under refinansieringen av Solstad i 2023.<\/p>\n<p>          <img loading=\"lazy\" decoding=\"async\" src=\"https:\/\/www.europesays.com\/no\/wp-content\/uploads\/2025\/12\/83935671.webp\" width=\"686\" height=\"460\" title=\"IKKE FORN\u00d8YD: Christen Sveaas er gjennom Kistefos den nest st\u00f8rste aksjon\u00e6ren i Solstad Offshore. Han er ikke forn\u00f8yd med utfallet av refinansieringen i 2023. Foto: Javad Parsa \/ NTB\" alt=\"\" class=\"\" style=\"--aspect-ratio-image: 1.49; \"\/><\/p>\n<p>\n          IKKE FORN\u00d8YD: Christen Sveaas er gjennom Kistefos den nest st\u00f8rste aksjon\u00e6ren i Solstad Offshore. Han er ikke forn\u00f8yd med utfallet av refinansieringen i 2023. Foto: Javad Parsa \/ NTB\n      <\/p>\n<p>Avvist: \u00abAbsurd\u00bb\t<\/p>\n<p>Sveaas, som er nest st\u00f8rste eier, mener R\u00f8kke fikk en urimelig fordel &#8211; noe R\u00f8kke avviser.<\/p>\n<p>&#8211; S\u00f8ksm\u00e5let er absurd. Sakens kjerne handler ikke om penger og logikk. Sporene g\u00e5r 25 \u00e5r tilbake, uttalte\u00a0R\u00f8kke\u00a0i et aksjon\u00e6rbrev i september.<\/p>\n<p>R\u00f8kke\u00a0er Norges \u00e5ttende rikeste, med en formue beregnet til 42 milliarder kroner, mens Sveaas er p\u00e5 15. plass med 20,2 milliarder, if\u00f8lge\u00a0<a href=\"https:\/\/www.finansavisen.no\/kapital-index\/norges-400-rikeste\" target=\"_blank\" rel=\"nofollow noopener\">Kapital<\/a>.<\/p>\n<p>Formelt st\u00e5r s\u00f8ksm\u00e5let mellom Kistefos med aksjon\u00e6rene p\u00e5 den ene sida og meglerhuset Pareto Securities AS, som var finansiell r\u00e5dgiver for Solstad Offshore i prosessen. Saken er sl\u00e5tt sammen til felles behandling med en annen sak om erstatningskrav mot Aker og toppledelsen i Solstad.<\/p>\n<p>Pareto avviser alle anklager om ansvar og mener erstatningskravet er grunnl\u00f8st.<\/p>\n<p>    <a itemprop=\"url\" href=\"https:\/\/borsen.dagbladet.no\/nyheter\/fyrer-los-mot-rokke-grisete\/80639311\" rel=\"nofollow noopener\" target=\"_blank\"><\/p>\n<p>      <img loading=\"lazy\" decoding=\"async\" src=\"https:\/\/www.europesays.com\/no\/wp-content\/uploads\/2025\/12\/80639359.webp\" width=\"147\" height=\"100\" title=\"Fyrer l\u00f8s mot R\u00f8kke: - Grisete\" alt=\"\" class=\"lazyload\" style=\"--aspect-ratio-image: 1.47; \"\/><\/p>\n<p>        Fyrer l\u00f8s mot R\u00f8kke: &#8211; Grisete<\/p>\n<p>    <\/a><\/p>\n<p>Offentlig strid\t<\/p>\n<p>I forkant av rettssaken har konflikten ogs\u00e5 utspilt seg offentlig. I et brev til aksjon\u00e6rer og ansatte i Aker har R\u00f8kke anklaget Sveaas for \u00e5 ha organisert en svertekampanje gjennom p\u00e5virkning i mediene.<\/p>\n<p>Han har ogs\u00e5 beskyldt Kistefos for et \u00abkonfliktorientert PR-l\u00f8p\u00bb med \u00abalvorlige p\u00e5stander, beskyldninger, usannheter, spisse formuleringer, overtramp, injurier og karakteristikker\u00bb.<\/p>\n<p>R\u00f8kke-leiren hevder at ingen har lidd \u00f8konomiske tap etter refinansieringen.<\/p>\n<p>&#8211; N\u00e5 bruker partene tre m\u00e5neder i retten og over 200 millioner kroner p\u00e5 \u00e5 behandle et grunnl\u00f8st erstatningskrav, heter det i brevet.<\/p>\n<p>Kistefos: &#8211; Avsporing\t<\/p>\n<p>Kistefos har omtalt brevet som et elegant fors\u00f8k p\u00e5 \u00e5 avspore saken.<\/p>\n<p>&#8211; V\u00e5rt poeng er bare at Aker har tjent veldig mye mer enn de rettmessig hadde krav p\u00e5, skrev administrerende direkt\u00f8r Bengt A. Rem i Kistefos i en melding til\u00a0<a href=\"https:\/\/www.dn.no\/oljeservice\/kjell-inge-rokke\/solstad-offshore\/aker\/eksplosivt-brev-fra-kjell-inge-rokke-anklager-sveaas-leiren-for-logner-og-svertekampanje\/2-1-1878671?abtest=a\" target=\"_blank\" rel=\"nofollow noopener\">Dagens N\u00e6ringsliv<\/a>\u00a0i slutten av september.<\/p>\n<p>Sveaas har tidligere omtalt handelen og Akers framferd som en \u00abav de mest grisete transaksjonene som er sett p\u00e5 Oslo B\u00f8rs\u00bb.<\/p>\n<p>Solstad Offshore befant seg i en sv\u00e6rt vanskelig \u00f8konomisk situasjon i 2023, til tross for at selskapet gjennomgikk en refinansiering i 2016. Aker kom inn som st\u00f8rste aksjon\u00e6r i en konsolidering med andre kriserammede offshoreselskaper i 2016\/2017.<\/p>\n<p>Under en omfattende restrukturering i 2020 gikk s\u00e5 \u00e5 si hele egenkapitalen tapt, if\u00f8lge Paretos sluttinnlegg i Oslo tingrett.<\/p>\n<p>Det er satt av 13 uker til rettssaken.<\/p>\n","protected":false},"excerpt":{"rendered":"Torsdag m\u00f8ter Kjell Inge R\u00f8kke i Oslo tingrett i det som omtales som \u00ab\u00e5rets finansthriller\u00bb. Det er knyttet&hellip;\n","protected":false},"author":2,"featured_media":103835,"comment_status":"","ping_status":"","sticky":false,"template":"","format":"standard","meta":{"footnotes":""},"categories":[56],"tags":[60,61,62,30,28,29,14],"class_list":{"0":"post-103834","1":"post","2":"type-post","3":"status-publish","4":"format-standard","5":"has-post-thumbnail","7":"category-naeringsliv","8":"tag-business","9":"tag-economy","10":"tag-naeringsliv","11":"tag-no","12":"tag-norge","13":"tag-norway","14":"tag-nyheter"},"share_on_mastodon":{"url":"https:\/\/pubeurope.com\/@no\/115660464340653782","error":""},"_links":{"self":[{"href":"https:\/\/www.europesays.com\/no\/wp-json\/wp\/v2\/posts\/103834","targetHints":{"allow":["GET"]}}],"collection":[{"href":"https:\/\/www.europesays.com\/no\/wp-json\/wp\/v2\/posts"}],"about":[{"href":"https:\/\/www.europesays.com\/no\/wp-json\/wp\/v2\/types\/post"}],"author":[{"embeddable":true,"href":"https:\/\/www.europesays.com\/no\/wp-json\/wp\/v2\/users\/2"}],"replies":[{"embeddable":true,"href":"https:\/\/www.europesays.com\/no\/wp-json\/wp\/v2\/comments?post=103834"}],"version-history":[{"count":0,"href":"https:\/\/www.europesays.com\/no\/wp-json\/wp\/v2\/posts\/103834\/revisions"}],"wp:featuredmedia":[{"embeddable":true,"href":"https:\/\/www.europesays.com\/no\/wp-json\/wp\/v2\/media\/103835"}],"wp:attachment":[{"href":"https:\/\/www.europesays.com\/no\/wp-json\/wp\/v2\/media?parent=103834"}],"wp:term":[{"taxonomy":"category","embeddable":true,"href":"https:\/\/www.europesays.com\/no\/wp-json\/wp\/v2\/categories?post=103834"},{"taxonomy":"post_tag","embeddable":true,"href":"https:\/\/www.europesays.com\/no\/wp-json\/wp\/v2\/tags?post=103834"}],"curies":[{"name":"wp","href":"https:\/\/api.w.org\/{rel}","templated":true}]}}