{"id":103836,"date":"2025-12-04T08:56:24","date_gmt":"2025-12-04T08:56:24","guid":{"rendered":"https:\/\/www.europesays.com\/no\/103836\/"},"modified":"2025-12-04T08:56:24","modified_gmt":"2025-12-04T08:56:24","slug":"wall-street-journal-putin-vil-ikke-ha-fred-han-vil-ha-ukraina","status":"publish","type":"post","link":"https:\/\/www.europesays.com\/no\/103836\/","title":{"rendered":"Wall Street Journal: \u2013 Putin vil ikke ha fred, han vil ha Ukraina"},"content":{"rendered":"<p><b>Dette skriver utenlandske aviser p\u00e5 lederplass<\/b><\/p>\n<p><b><a href=\"https:\/\/www.wsj.com\/opinion\/vladimir-putin-ukraine-russia-negotiations-jared-kushner-steve-witkoff-donald-trump-7165bc94?mod=opinion_lead_pos3\" target=\"_blank\" rel=\"nofollow noopener\">The Wall Street Journal<\/a><\/b><\/p>\n<p>Nok et bes\u00f8k i Moskva fra Donald Trumps utsendinger har endt med nok et nei fra Vladimir Putin. Men Putin \u00f8nsker ikke fred. Han \u00f8nsker Ukraina. M\u00e5let er \u00e5 sluke hele Donbas, og samtidig frata Ukraina b\u00e5de milit\u00e6r kapasitet og sikkerhetsallianser som kan beskytte landet i fremtiden.<\/p>\n<p>Putin vil fremst\u00e5 som om han forhandler. M\u00f8tene med Steve Witkoff bidrar til \u00e5 opprettholde denne fasaden, mens Kreml arbeider for \u00e5 splitte Donald Trump fra Europa.<\/p>\n<p>Kreml beskriver fem timer med samtaler med Steve Witkoff og Jared Kushner som konstruktive, men hevder samtidig at de grunnleggende \u00e5rsakene til krigen fortsatt ikke er tatt tak i.\u00a0<\/p>\n<p>Med \u00abgrunnleggende \u00e5rsaker\u00bb mener Kreml i realiteten at Ukraina fremdeles ikke er underlagt russisk kontroll.<\/p>\n<p>I flere m\u00e5neder har Putin avvist Trumps forslag om en midlertidig v\u00e5penhvile langs dagens frontlinjer, som Ukraina har sagt ja til. Administrasjonen har presset Ukraina hardt med et 28-punkts utkast til fredsplan.\u00a0<\/p>\n<p>Men hvor er Putins innr\u00f8mmelser?<\/p>\n<p>Trump-administrasjonen l\u00e5ser seg til en tolkning av Putins motiver som ikke stemmer med realitetene. H\u00e5pet er at handel og kulturell utveksling mellom Ukraina, Russland og USA skal fungere som en garanti mot krig.<\/p>\n<p>Det som trengs i forhandlingene er en dose av Trumps egen teft for amerikansk styrkeposisjon i verden \u2013 og mer realisme i vurderingen av mannen i Kreml.<\/p>\n<p><img decoding=\"async\" class=\"lazyload \" src=\"https:\/\/www.europesays.com\/no\/wp-content\/uploads\/2025\/12\/1764838584_471_pipe\"  data- alt=\"\"\/><\/p>\n<p>FEM TIMER MED FORHANDLINGER: Russlands president Vladimir Putin (t.h) og hans utenrikspolitiske r\u00e5dgiver Jurij Usjakov i m\u00f8te med USAs spesialutsending\u00a0Steve Witkoff (med ryggen til). <strong>Foto: NTB<\/strong><\/p>\n<p><b style=\"letter-spacing: 0.018em;\"><a href=\"https:\/\/www.ft.com\/content\/93d39a85-ff91-469d-b473-8209d369df80\" target=\"_blank\" rel=\"nofollow noopener\">Financial Times<\/a><\/b><\/p>\n<p>Storbritannia er den f\u00f8rste store \u00f8konomien som vil skattlegge elbiler basert p\u00e5 kj\u00f8relengde. Hensikten er \u00e5 kompensere for fallet i drivstoffavgifter fra bensinbiler. At regjeringen \u00f8nsker \u00e5 forberede elbilkj\u00f8pere p\u00e5 at de i fremtiden m\u00e5 bidra til mer av skattebyrden, har en viss logikk.<\/p>\n<p><b><a href=\"https:\/\/www.welt.de\/debatte\/plus692fd877a75f2b2f0388f530\/rentenstreit-die-grosse-reform-ist-eine-illusion.html\" target=\"_blank\" rel=\"nofollow noopener\">Die Welt<\/a><\/b><\/p>\n<p>Regjeringspartiene CDU og SPD er blitt enige om en kommisjon med sikte p\u00e5 en fremtidig pensjonsreform. Men kommisjonen er utformet p\u00e5 en slik m\u00e5te at den er nesten garantert \u00e5 ende opp med ingenting. Problemet er regjeringens manglende vilje til reform.<\/p>\n<p><b><a href=\"https:\/\/www.di.se\/ledare\/aventyra-inte-en-positiv-trend-i-utsatta-omraden\/\" target=\"_blank\" rel=\"nofollow noopener\">Dagens Industri<\/a><\/b><\/p>\n<p>En svakt positiv utvikling. Det er politiets oppsummering i den nyeste rapporten om situasjonen i de mest kriminalitetsutsatte omr\u00e5dene i Sverige. Rapporten b\u00f8r v\u00e6re obligatorisk lesning for politikere. Innbyggerne i disse boomr\u00e5dene m\u00e5 aldri bli sviktet igjen.<\/p>\n","protected":false},"excerpt":{"rendered":"Dette skriver utenlandske aviser p\u00e5 lederplass The Wall Street Journal Nok et bes\u00f8k i Moskva fra Donald Trumps&hellip;\n","protected":false},"author":2,"featured_media":103837,"comment_status":"","ping_status":"","sticky":false,"template":"","format":"standard","meta":{"footnotes":""},"categories":[12],"tags":[20,21,24,25,15,22,23,13,30,28,29,14,16,26,27,42,43,44,45],"class_list":{"0":"post-103836","1":"post","2":"type-post","3":"status-publish","4":"format-standard","5":"has-post-thumbnail","7":"category-verden","8":"tag-breaking-news","9":"tag-breakingnews","10":"tag-featured-news","11":"tag-featurednews","12":"tag-headlines","13":"tag-latest-news","14":"tag-latestnews","15":"tag-news","16":"tag-no","17":"tag-norge","18":"tag-norway","19":"tag-nyheter","20":"tag-overskrifter","21":"tag-top-stories","22":"tag-topstories","23":"tag-verden","24":"tag-world","25":"tag-world-news","26":"tag-worldnews"},"share_on_mastodon":{"url":"https:\/\/pubeurope.com\/@no\/115660468042464862","error":""},"_links":{"self":[{"href":"https:\/\/www.europesays.com\/no\/wp-json\/wp\/v2\/posts\/103836","targetHints":{"allow":["GET"]}}],"collection":[{"href":"https:\/\/www.europesays.com\/no\/wp-json\/wp\/v2\/posts"}],"about":[{"href":"https:\/\/www.europesays.com\/no\/wp-json\/wp\/v2\/types\/post"}],"author":[{"embeddable":true,"href":"https:\/\/www.europesays.com\/no\/wp-json\/wp\/v2\/users\/2"}],"replies":[{"embeddable":true,"href":"https:\/\/www.europesays.com\/no\/wp-json\/wp\/v2\/comments?post=103836"}],"version-history":[{"count":0,"href":"https:\/\/www.europesays.com\/no\/wp-json\/wp\/v2\/posts\/103836\/revisions"}],"wp:featuredmedia":[{"embeddable":true,"href":"https:\/\/www.europesays.com\/no\/wp-json\/wp\/v2\/media\/103837"}],"wp:attachment":[{"href":"https:\/\/www.europesays.com\/no\/wp-json\/wp\/v2\/media?parent=103836"}],"wp:term":[{"taxonomy":"category","embeddable":true,"href":"https:\/\/www.europesays.com\/no\/wp-json\/wp\/v2\/categories?post=103836"},{"taxonomy":"post_tag","embeddable":true,"href":"https:\/\/www.europesays.com\/no\/wp-json\/wp\/v2\/tags?post=103836"}],"curies":[{"name":"wp","href":"https:\/\/api.w.org\/{rel}","templated":true}]}}