{"id":103843,"date":"2025-12-04T09:03:11","date_gmt":"2025-12-04T09:03:11","guid":{"rendered":"https:\/\/www.europesays.com\/no\/103843\/"},"modified":"2025-12-04T09:03:11","modified_gmt":"2025-12-04T09:03:11","slug":"hertuginne-meghan-far-hertuginne-meghan-sin-far-kjemper-for-livet-ber-om-at-han-overlever","status":"publish","type":"post","link":"https:\/\/www.europesays.com\/no\/103843\/","title":{"rendered":"Hertuginne Meghan, Far | Hertuginne Meghan sin far kjemper for livet: \u2013 Ber om at han overlever"},"content":{"rendered":"\n<p><a rel=\"Follow nofollow noopener\" href=\"https:\/\/www.nettavisen.no\/kjendis\/hertuginne-meghan-fikk-komplikasjoner-etter-fodsel-sa-sjeldent-og-sa-skummelt\/s\/5-95-2377412\" target=\"_blank\">Hertuginne Meghans (44)<\/a> far Thomas Markle (81) er alvorlig syk. Det forteller hertuginnens storebror Tom Markle Jr. i et intervju med den britiske storavisen <a rel=\"Follow nofollow noopener\" href=\"https:\/\/www.dailymail.co.uk\/news\/article-15350373\/Meghan-Markle-father-Thomas-intensive-care-surgery.html\" target=\"_blank\">Daily Mail<\/a>.<\/p>\n<p>81-\u00e5ringen ble tidligere denne uken hasteoperert og innlagt p\u00e5 sykehus p\u00e5 grunn av en blodpropp.<\/p>\n<p>Hertuginne Meghan har ikke hatt kontakt med faren p\u00e5 mange \u00e5r, og n\u00e5 oppfordrer Tom Markle s\u00f8steren til \u00e5 forsones med sin far.<\/p>\n<p>    Vil du se neste video?<\/p>\n<p>    <a href=\"https:\/\/www.nettavisen.no\/fredrik-solvang\/jonas-gahr-store\/debatten\/fredrik-solvang-himler-av-jonas-gahr-store-men-i-alle\/v\/5-95-2751917\" class=\"recommend-poster\" data-adp-clicklabel=\"video-recommend\" data-adp-clickvalue=\"poster\" rel=\"nofollow noopener\" target=\"_blank\"><br \/>\n      <img decoding=\"async\" width=\"200\" height=\"200\" loading=\"lazy\" src=\"https:\/\/www.europesays.com\/no\/wp-content\/uploads\/2025\/11\/Solvang+bredde.jpg\" alt=\"\" class=\"brick-c-cFOWSL\" style=\"--brick-image-ratio: 200 \/ 200;\"\/><\/p>\n<p>Himler av St\u00f8re: \u2013 Men i alle\u20261:06<\/p>\n<p>    <\/a><\/p>\n<p>\u2013 Mitt eneste \u00f8nske er at Meghan viser min far litt medf\u00f8lelse. Han kjemper bokstavelig talt for livet, sier han til Daily Mail.<\/p>\n<p>Ogs\u00e5 stores\u00f8steren Samantha Markle uttaler seg om farens sykdom.<\/p>\n<p><b>Les ogs\u00e5: <a rel=\"Follow nofollow noopener\" href=\"https:\/\/www.nettavisen.no\/kjendis\/skattelistene-sa-mye-tjener-nettverket-rundt-kongefamilien\/s\/5-95-2759767\" target=\"_blank\">M\u00e4rthas strateg hadde mini-inntekt<\/a><\/b><\/p>\n<p>\u2013 Han er en sterk mann, men har v\u00e6rt gjennom mye. N\u00e5 ber jeg for at han er sterk nok til \u00e5 overleve dette, sier hun til Daily Mail.<\/p>\n<p>81-\u00e5ringen har hatt helseutfordringer i en \u00e5rrekke, og ble blant annet rammet av hjerteinfarkt f\u00f8r datteren giftet seg med prins Harry i 2018. Han opplevde ogs\u00e5 et massivt hjerneslag i 2022.<\/p>\n<p>I dag har far og datter null kontakt, og Tom Markle har heller ikke m\u00f8tt barnebarna Archie (6) og Lillibet (4).<\/p>\n","protected":false},"excerpt":{"rendered":"Hertuginne Meghans (44) far Thomas Markle (81) er alvorlig syk. Det forteller hertuginnens storebror Tom Markle Jr. i&hellip;\n","protected":false},"author":2,"featured_media":103844,"comment_status":"","ping_status":"","sticky":false,"template":"","format":"standard","meta":{"footnotes":""},"categories":[12],"tags":[20,21,24,25,15,22,23,13,30,28,29,14,16,26,27,42,43,44,45],"class_list":{"0":"post-103843","1":"post","2":"type-post","3":"status-publish","4":"format-standard","5":"has-post-thumbnail","7":"category-verden","8":"tag-breaking-news","9":"tag-breakingnews","10":"tag-featured-news","11":"tag-featurednews","12":"tag-headlines","13":"tag-latest-news","14":"tag-latestnews","15":"tag-news","16":"tag-no","17":"tag-norge","18":"tag-norway","19":"tag-nyheter","20":"tag-overskrifter","21":"tag-top-stories","22":"tag-topstories","23":"tag-verden","24":"tag-world","25":"tag-world-news","26":"tag-worldnews"},"share_on_mastodon":{"url":"https:\/\/pubeurope.com\/@no\/115660495718566038","error":""},"_links":{"self":[{"href":"https:\/\/www.europesays.com\/no\/wp-json\/wp\/v2\/posts\/103843","targetHints":{"allow":["GET"]}}],"collection":[{"href":"https:\/\/www.europesays.com\/no\/wp-json\/wp\/v2\/posts"}],"about":[{"href":"https:\/\/www.europesays.com\/no\/wp-json\/wp\/v2\/types\/post"}],"author":[{"embeddable":true,"href":"https:\/\/www.europesays.com\/no\/wp-json\/wp\/v2\/users\/2"}],"replies":[{"embeddable":true,"href":"https:\/\/www.europesays.com\/no\/wp-json\/wp\/v2\/comments?post=103843"}],"version-history":[{"count":0,"href":"https:\/\/www.europesays.com\/no\/wp-json\/wp\/v2\/posts\/103843\/revisions"}],"wp:featuredmedia":[{"embeddable":true,"href":"https:\/\/www.europesays.com\/no\/wp-json\/wp\/v2\/media\/103844"}],"wp:attachment":[{"href":"https:\/\/www.europesays.com\/no\/wp-json\/wp\/v2\/media?parent=103843"}],"wp:term":[{"taxonomy":"category","embeddable":true,"href":"https:\/\/www.europesays.com\/no\/wp-json\/wp\/v2\/categories?post=103843"},{"taxonomy":"post_tag","embeddable":true,"href":"https:\/\/www.europesays.com\/no\/wp-json\/wp\/v2\/tags?post=103843"}],"curies":[{"name":"wp","href":"https:\/\/api.w.org\/{rel}","templated":true}]}}