{"id":103845,"date":"2025-12-04T09:04:08","date_gmt":"2025-12-04T09:04:08","guid":{"rendered":"https:\/\/www.europesays.com\/no\/103845\/"},"modified":"2025-12-04T09:04:08","modified_gmt":"2025-12-04T09:04:08","slug":"jan-erik-larsen-kruse-larsen-as","status":"publish","type":"post","link":"https:\/\/www.europesays.com\/no\/103845\/","title":{"rendered":"Jan-Erik Larsen, Kruse Larsen AS"},"content":{"rendered":"\n<p>Paritee har inng\u00e5tt en avtale om \u00e5 kj\u00f8pe PR- og r\u00e5dgivningsselskapet Kruse Larsen.<\/p>\n<p>Selskapet ble startet i 2015, etter at Jan-Erik Larsen forlot First House. Selskapet har i dag rundt 40 ansatte.<\/p>\n<p>\u2013 Vi har over tid hatt spennende samtaler om hva kundene og markedet trenger fremover. Vi lever i en fryktelig urolig tid, med raske endringer, b\u00e5de her hjemme i Norge og ute i verden. Vi m\u00e5 ikke bare henge med, men ligge foran. Det har vi blitt enige om at vi gj\u00f8r ved \u00e5 tenke helt nytt, forene krefter og skape noe helt nytt og spesielt, sier Jan-Erik Larsen, daglig leder i Kruse Larsen i en pressemelding.<\/p>\n<p>Paritee ble grunnlagt s\u00e5 sent som i 2021, og har fra f\u00f8r Geelmuyden Kiese i sin portef\u00f8lje. Totalt har de rundt 500 ansatte i 12 land.<\/p>\n<p>\u2013 Vi bygger n\u00e5 Norges mest attraktive kommunikasjonsmilj\u00f8. Det gj\u00f8r vi i en tid hvor det er de store endringene, mer politisk uro og h\u00f8yere oml\u00f8pshastighet p\u00e5 det aller meste, som preger utviklingen. Kruse Larsen har en s\u00e6rlig styrke i \u00e5 analysere og forst\u00e5 dette landskapet i Norge, med ledende ekspertise innen forretningskritiske omr\u00e5der som myndighetskontakt og kriseh\u00e5ndtering, sier Lars Erik Gr\u00f8nntun, grunnlegger og styreleder i Paritee.<\/p>\n<p>\u2013 Geelmuyden Kiese har bygget en imponerende nordisk organisasjon som b\u00e5de matcher og utfyller Kruse Larsens spisskompetanse, med bredde innen selskapskommunikasjon. Paritee er etablert nettopp for \u00e5 samle slike ledende byr\u00e5er i et sterkt fellesskap. Geelmuyden Kiese, Kruse Larsen og Pressure vil fortsatt v\u00e6re best p\u00e5 sine omr\u00e5der hver for seg \u2013 men sammen kan vi levere bredere, dypere og med enda st\u00f8rre gjennomslagskraft. Det vil kundene merke, og det gj\u00f8r byr\u00e5ene til enda mer givende steder \u00e5 jobbe, sier Lars Erik Gr\u00f8nntun.<\/p>\n","protected":false},"excerpt":{"rendered":"Paritee har inng\u00e5tt en avtale om \u00e5 kj\u00f8pe PR- og r\u00e5dgivningsselskapet Kruse Larsen. Selskapet ble startet i 2015,&hellip;\n","protected":false},"author":2,"featured_media":103846,"comment_status":"","ping_status":"","sticky":false,"template":"","format":"standard","meta":{"footnotes":""},"categories":[10],"tags":[20,21,24,25,15,22,23,13,30,28,29,14,16,26,27],"class_list":{"0":"post-103845","1":"post","2":"type-post","3":"status-publish","4":"format-standard","5":"has-post-thumbnail","7":"category-norge","8":"tag-breaking-news","9":"tag-breakingnews","10":"tag-featured-news","11":"tag-featurednews","12":"tag-headlines","13":"tag-latest-news","14":"tag-latestnews","15":"tag-news","16":"tag-no","17":"tag-norge","18":"tag-norway","19":"tag-nyheter","20":"tag-overskrifter","21":"tag-top-stories","22":"tag-topstories"},"share_on_mastodon":{"url":"https:\/\/pubeurope.com\/@no\/115660499706338232","error":""},"_links":{"self":[{"href":"https:\/\/www.europesays.com\/no\/wp-json\/wp\/v2\/posts\/103845","targetHints":{"allow":["GET"]}}],"collection":[{"href":"https:\/\/www.europesays.com\/no\/wp-json\/wp\/v2\/posts"}],"about":[{"href":"https:\/\/www.europesays.com\/no\/wp-json\/wp\/v2\/types\/post"}],"author":[{"embeddable":true,"href":"https:\/\/www.europesays.com\/no\/wp-json\/wp\/v2\/users\/2"}],"replies":[{"embeddable":true,"href":"https:\/\/www.europesays.com\/no\/wp-json\/wp\/v2\/comments?post=103845"}],"version-history":[{"count":0,"href":"https:\/\/www.europesays.com\/no\/wp-json\/wp\/v2\/posts\/103845\/revisions"}],"wp:featuredmedia":[{"embeddable":true,"href":"https:\/\/www.europesays.com\/no\/wp-json\/wp\/v2\/media\/103846"}],"wp:attachment":[{"href":"https:\/\/www.europesays.com\/no\/wp-json\/wp\/v2\/media?parent=103845"}],"wp:term":[{"taxonomy":"category","embeddable":true,"href":"https:\/\/www.europesays.com\/no\/wp-json\/wp\/v2\/categories?post=103845"},{"taxonomy":"post_tag","embeddable":true,"href":"https:\/\/www.europesays.com\/no\/wp-json\/wp\/v2\/tags?post=103845"}],"curies":[{"name":"wp","href":"https:\/\/api.w.org\/{rel}","templated":true}]}}