{"id":103847,"date":"2025-12-04T09:05:17","date_gmt":"2025-12-04T09:05:17","guid":{"rendered":"https:\/\/www.europesays.com\/no\/103847\/"},"modified":"2025-12-04T09:05:17","modified_gmt":"2025-12-04T09:05:17","slug":"lotte-hoel-fra-spillet-har-de-kroniske-diagnosene-endometriose-og-trigeminusnevralgi","status":"publish","type":"post","link":"https:\/\/www.europesays.com\/no\/103847\/","title":{"rendered":"Lotte Hoel fra \u00abSpillet\u00bb har de kroniske diagnosene endometriose og trigeminusnevralgi"},"content":{"rendered":"<p>Lotte Hoel (38) gjorde et overraskende comeback i slutten av<br \/>\n\u00abSpillet\u00bb denne uken. <\/p>\n<p><a href=\"https:\/\/www.tv2.no\/video\/underholdning\/isfront-etter-spillet\/5k3f7sQdrD-20316632\" rel=\"nofollow noopener\" target=\"_blank\">Blant annet for kommentaren \u00abSett deg tilbake og ti stille\u00bb fra<br \/>\nsitt h<\/a><a href=\"https:\/\/www.tv2.no\/video\/underholdning\/isfront-etter-spillet\/5k3f7sQdrD-20316632\" rel=\"nofollow noopener\" target=\"_blank\">arde oppgj\u00f8r med motspiller Melody Hamre (30)<\/a>, gjorde 38-\u00e5ringen seg<br \/>\nbemerket som en tydelig karakter i TV 2-serien f\u00f8r hun r\u00f8k ut tidligere i h\u00f8st.<\/p>\n<p>\u2013 Det her var min reality-debut, selv om jeg tidligere har f\u00e5tt<br \/>\ntilbud om \u00e5 v\u00e6re med p\u00e5 b\u00e5de \u00abParadise Hotel\u00bb og \u00abRobinson\u00bb. Jeg har sagt nei<br \/>\ntil mye, s\u00e5 \u00abSpillet\u00bb er f\u00f8rste gang jeg opplever noe lignende, sier hun. <\/p>\n<p>\u2013 Jeg fikk sjokk over hvor hardt det var, og tenker at<br \/>\njeg valgte det vanskeligste realityprogrammet av alle. <\/p>\n<p>    <a class=\"article__link\" data-ga-active-label=\"\" data-ga-active-label-animation=\"\" href=\"https:\/\/www.tv2.no\/underholdning\/spillet\/apner-om-traumatisk-barndom-det-var-helvete-pa-jord\/18155806\/\" rel=\"nofollow noopener\" target=\"_blank\"><\/p>\n<p>    <img class=\"image__img lazyload\" itemprop=\"image\" title=\"\" alt=\"\" width=\"587\" height=\"317\" bad-src=\"https:\/\/www.europesays.com\/no\/wp-content\/uploads\/2025\/12\/18155693.webp\" fetchpriority=\"auto\" \/><\/p>\n<p>\n            \u00c5pner om traumatisk barndom: \u2013 Det var helvete p\u00e5 jord\n        <\/p>\n<p>    <\/a><\/p>\n<p>Privat har Hoel kjempet kamper som er langt hardere enn \u00abSpillet\u00bb,<br \/>\nog mer traumatisk enn de fleste bare kan forestille seg. <\/p>\n<p>Til TV 2 har hun <a href=\"https:\/\/www.tv2.no\/underholdning\/spillet\/apner-om-traumatisk-barndom-det-var-helvete-pa-jord\/18155806\/\" rel=\"nofollow noopener\" target=\"_blank\">fortalt om hvordan hun overlevde<\/a> en barndom<br \/>\nmed seksuelt misbruk, vold, en mor som var sterkt rusavhengig, politirazziaer<br \/>\nog en omsorgssvikt som endte i et sju \u00e5r langt opphold p\u00e5 en belastet barnevernsinstitusjon.<\/p>\n<p>\u2013 Det var utrygt. Veldig, veldig, veldig utrygt, sier hun.<\/p>\n<p>Diagnoser<\/p>\n<p>At Hoel i tillegg er rammet av diagnosene trigeminusnevralgi<br \/>\nog <a href=\"https:\/\/www.helsenorge.no\/sykdom\/underliv\/endometriose\/\" rel=\"nofollow noopener\" target=\"_blank\">endometriose<\/a>, gj\u00f8r at hun har st\u00e5tt i mange harde runder som voksen.<\/p>\n<p>\u2013 Mange har p\u00e5pekt at det er s\u00e5 urettferdig med alt jeg har<br \/>\nv\u00e6rt gjennom. \u00abOg s\u00e5 f\u00e5r du til og med smertediagnoser p\u00e5 toppen av alt\u00bb. Det<br \/>\ner diagnoser som aldri vil forsvinne, og som er ekstremt smertefulle.\u00a0<\/p>\n<p>\u2013 Da kan<br \/>\ndet v\u00e6re lett \u00e5 miste h\u00e5pet.<\/p>\n<p>TV 2 m\u00f8ter \u00abSpillet\u00bb-deltakeren sammen med ektemannen Erik<br \/>\nHoel (38), som hun forklarer at er til stor st\u00f8tte b\u00e5de n\u00e5r det gjelder hennes<br \/>\nbarndomstraumer og fysiske smerter som f\u00f8lge av diagnosene.<\/p>\n<p>\u2013 Jeg sier til meg selv at jeg kan takle alt. Gi meg hva som<br \/>\nhelst. Jeg kan takle alt s\u00e5 lenge jeg har han her, sier hun til ektemannen.<\/p>\n<p>        <img class=\"image__img lazyload\" itemprop=\"image\" title=\"Foto: Ingvill Sunnby \/ TV 2\" alt=\"VIKTIG ST\u00d8TTE: Ektemannen Erik Hoel er \u00abSpillet\u00bb-deltakerens trygghet i livet. Foto: Ingvill Sunnby \/ TV 2\" width=\"675\" height=\"635\" bad-src=\"https:\/\/www.europesays.com\/no\/wp-content\/uploads\/2025\/12\/18220634.webp\" fetchpriority=\"auto\" \/><\/p>\n<p>      VIKTIG ST\u00d8TTE: Ektemannen Erik Hoel er \u00abSpillet\u00bb-deltakerens trygghet i livet.<br \/>\n         Foto: Ingvill Sunnby \/ TV 2<\/p>\n<p>Trigeminusnevralgi er if\u00f8lge <a href=\"https:\/\/www.helsenorge.no\/sykdom\/skader-og-sykdommer-i-hjernen\/trigeminusnevralgi\/\" rel=\"nofollow noopener\" target=\"_blank\">Helsenorge.no<\/a> en sv\u00e6rt<br \/>\nsmertefull tilstand som kjennetegnes av en plutselig, sterk, stikkende smerte i<br \/>\nansiktet \u2013 lignende f\u00f8lelsen av et elektrisk st\u00f8t.<\/p>\n<p>\u2013 Det er s\u00e5 smertefullt at man blir innlagt. Det har v\u00e6rt et<br \/>\nhelsikes kj\u00f8r, men legene har funnet ut en m\u00e5te \u00e5 holde det litt vedlike p\u00e5, som<br \/>\ngj\u00f8r at jeg klarer \u00e5 leve i det daglige. Jeg m\u00e5 jevnlig p\u00e5 sykehuset og f\u00e5<br \/>\nspr\u00f8yter inn i kjeven. Det er s\u00e5 mye greier hele tiden.<\/p>\n<p>        <img class=\"image__img lazyload\" itemprop=\"image\" title=\"Foto: Ingvill Sunnby \/ TV 2\" alt=\"PLAGSOMT: Lotte Hoel har smerter som sl\u00e5r henne helt ut. Foto: Ingvill Sunnby \/ TV 2\" width=\"675\" height=\"588\" bad-src=\"https:\/\/www.europesays.com\/no\/wp-content\/uploads\/2025\/12\/18220639.webp\" fetchpriority=\"auto\" \/><\/p>\n<p>      PLAGSOMT: Lotte Hoel har smerter som sl\u00e5r henne helt ut.<br \/>\n         Foto: Ingvill Sunnby \/ TV 2<\/p>\n<p>Mens medisiner holder tilstanden i sjakk, er det ikke like<br \/>\nlett \u00e5 h\u00e5ndtere smertene Hoel opplever som f\u00f8lge av endometriose.<\/p>\n<p>Sykdommen p\u00e5virkes av hormoner rundt menstruasjon, og i Hoels<br \/>\ntilfelle er tilstanden s\u00e5 alvorlig at den i perioder setter henne fullstendig<br \/>\nut av spill.<\/p>\n<p>\u2013 Jeg ligger en uke i strekk med intense smerter.<br \/>\nJeg har ofte s\u00e5 vondt at jeg sliter med \u00e5 g\u00e5. Jeg er s\u00e5 d\u00e5rlig at jeg kaster opp eller besvimer.\u00a0<\/p>\n<p>38-\u00e5ringen forklarer at hun i \u00e5revis har hatt \u00e5pen innleggelse p\u00e5 avdelingen for smertelindring ved St Olavs Hospital i Trondheim.<\/p>\n<p>\u2013 Jeg kan ha s\u00e5 sterke smerter at jeg g\u00e5r inn og ut av bevissthet.<\/p>\n<p>        <img class=\"image__img lazyload\" itemprop=\"image\" title=\"Foto: Pia Br\u00e5then \/ TV 2\" alt=\"GODE VENNER: I \u00abSpillet\u00bb-huset fikk Lotte Hoel venner som Martine Krafft og Simen Bondevik. Foto: Pia Br\u00e5then \/ TV 2\" width=\"978\" height=\"656\" bad-src=\"https:\/\/www.europesays.com\/no\/wp-content\/uploads\/2025\/12\/18220667.webp\" fetchpriority=\"auto\" \/><\/p>\n<p>      GODE VENNER: I \u00abSpillet\u00bb-huset fikk Lotte Hoel venner som Martine Krafft og Simen Bondevik.<br \/>\n         Foto: Pia Br\u00e5then \/ TV 2<\/p>\n<p>\u2013 \u00c5penhet gir trygghet<\/p>\n<p>I dag deler Hoel om sine diagnoser til sine mange f\u00f8lgere i sosiale medier.<\/p>\n<p>\u2013 Der er det 12-13-\u00e5ringer som f\u00f8lger meg p\u00e5 grunn av<br \/>\nmensen og endometriose. Som ikke t\u00f8r \u00e5 si fra til foreldrene sine, og som sp\u00f8r<br \/>\nmeg om r\u00e5d og tips. De setter s\u00e5 pris p\u00e5 at jeg prater h\u00f8yt om at jeg har<br \/>\nmensen.\u00a0<\/p>\n<p>        <img class=\"image__img lazyload\" itemprop=\"image\" title=\"Foto: Ingvill Sunnby \/ TV 2\" alt=\"DELER: Lotte Hoel er opptatt av \u00e5penhet. Foto: Ingvill Sunnby \/ TV 2\" width=\"675\" height=\"540\" bad-src=\"https:\/\/www.europesays.com\/no\/wp-content\/uploads\/2025\/12\/18220644.webp\" fetchpriority=\"auto\" \/><\/p>\n<p>      DELER: Lotte Hoel er opptatt av \u00e5penhet.<br \/>\n         Foto: Ingvill Sunnby \/ TV 2<\/p>\n<p>\u2013 For meg er det enkelt. Man har mensen, liksom. Men for dem er det s\u00e5<br \/>\ntabu og ekkelt. Da er det viktig for meg \u00e5 kunne si h\u00f8yt p\u00e5 story at: \u00abN\u00e5 har<br \/>\njeg mensen\u00bb. Bare for \u00e5 bryte tabu.<\/p>\n<p>I podkasten \u00abS\u00e5rbar med Lotte og Erik\u00bb deler hun og ektemannen ogs\u00e5 historier fra hennes t\u00f8ffe oppvekst i Trondheim.<\/p>\n<p>\u2013 Jeg<br \/>\ner veldig opptatt av at folk m\u00e5 bare t\u00f8rre \u00e5 snakke om ting. For \u00e5penhet gir trygghet, sier \u00abSpillet\u00bb-deltakeren til TV 2. <\/p>\n","protected":false},"excerpt":{"rendered":"Lotte Hoel (38) gjorde et overraskende comeback i slutten av \u00abSpillet\u00bb denne uken. Blant annet for kommentaren \u00abSett&hellip;\n","protected":false},"author":2,"featured_media":103848,"comment_status":"","ping_status":"","sticky":false,"template":"","format":"standard","meta":{"footnotes":""},"categories":[5],"tags":[20,21,24,25,15,19,22,23,17,18,13,30,28,29,14,16,26,27],"class_list":{"0":"post-103847","1":"post","2":"type-post","3":"status-publish","4":"format-standard","5":"has-post-thumbnail","7":"category-overskrifter","8":"tag-breaking-news","9":"tag-breakingnews","10":"tag-featured-news","11":"tag-featurednews","12":"tag-headlines","13":"tag-hovedoppslag","14":"tag-latest-news","15":"tag-latestnews","16":"tag-main-news","17":"tag-mainnews","18":"tag-news","19":"tag-no","20":"tag-norge","21":"tag-norway","22":"tag-nyheter","23":"tag-overskrifter","24":"tag-top-stories","25":"tag-topstories"},"share_on_mastodon":{"url":"https:\/\/pubeurope.com\/@no\/115660503548414401","error":""},"_links":{"self":[{"href":"https:\/\/www.europesays.com\/no\/wp-json\/wp\/v2\/posts\/103847","targetHints":{"allow":["GET"]}}],"collection":[{"href":"https:\/\/www.europesays.com\/no\/wp-json\/wp\/v2\/posts"}],"about":[{"href":"https:\/\/www.europesays.com\/no\/wp-json\/wp\/v2\/types\/post"}],"author":[{"embeddable":true,"href":"https:\/\/www.europesays.com\/no\/wp-json\/wp\/v2\/users\/2"}],"replies":[{"embeddable":true,"href":"https:\/\/www.europesays.com\/no\/wp-json\/wp\/v2\/comments?post=103847"}],"version-history":[{"count":0,"href":"https:\/\/www.europesays.com\/no\/wp-json\/wp\/v2\/posts\/103847\/revisions"}],"wp:featuredmedia":[{"embeddable":true,"href":"https:\/\/www.europesays.com\/no\/wp-json\/wp\/v2\/media\/103848"}],"wp:attachment":[{"href":"https:\/\/www.europesays.com\/no\/wp-json\/wp\/v2\/media?parent=103847"}],"wp:term":[{"taxonomy":"category","embeddable":true,"href":"https:\/\/www.europesays.com\/no\/wp-json\/wp\/v2\/categories?post=103847"},{"taxonomy":"post_tag","embeddable":true,"href":"https:\/\/www.europesays.com\/no\/wp-json\/wp\/v2\/tags?post=103847"}],"curies":[{"name":"wp","href":"https:\/\/api.w.org\/{rel}","templated":true}]}}