{"id":103851,"date":"2025-12-04T09:11:08","date_gmt":"2025-12-04T09:11:08","guid":{"rendered":"https:\/\/www.europesays.com\/no\/103851\/"},"modified":"2025-12-04T09:11:08","modified_gmt":"2025-12-04T09:11:08","slug":"slar-tyveri-alarm-verre-enn-noen-gang","status":"publish","type":"post","link":"https:\/\/www.europesays.com\/no\/103851\/","title":{"rendered":"Sl\u00e5r tyveri-alarm: &#8211; Verre enn noen gang"},"content":{"rendered":"<p><strong>Tusenvis av nordmenn er i dag p\u00e5 plass p\u00e5 favoritt\u00f8ya for \u00e5 nyte sol og varme, mens vinteren melder sin ankomst her hjemme. <\/strong><\/p>\n<p>S\u00e5 blir det sl\u00e5tt alarm om en utvikling p\u00e5 Gran Canaria som politi og turistansatte synes bare blir et stadig st\u00f8rre problem.<\/p>\n<p>Det dreier seg om omfanget av lommetyverier fra turister som er p\u00e5 ferie p\u00e5 \u00f8ya. <\/p>\n<p>Aldri opplevd f\u00f8r<\/p>\n<p>Mar\u00eda Lezcano er president for de profesjonelle guidene, og sl\u00e5r ogs\u00e5 alarm om alle de turistene som opplever \u00e5 bli rundstj\u00e5let p\u00e5 tur:  <\/p>\n<p>\u2013 N\u00e5 er det verre enn noen gang, advarer Lezcano if\u00f8lge den spanske avisen <a href=\"https:\/\/www.laprovincia.es\/gran-canaria\/2025\/12\/01\/guias-turisticos-carteristas-gran-canaria-124325731.html\" rel=\"nofollow noopener\" target=\"_blank\">La Provincia<\/a>. <\/p>\n<p>Hun forteller at lommetyveri-problemene begynte \u00e5 \u00f8ke for tre \u00e5r siden, men at det i november n\u00e5dde et niv\u00e5 som man aldri har opplevd tidligere.<\/p>\n<p>Slik jobber de<\/p>\n<p>Det rapporteres om tyverier hver eneste dag, forteller Lezcano. Og ingen g\u00e5r fri: <\/p>\n<p>\u2013 Forrige uke pr\u00f8vde fire lommetyver \u00e5 rane meg p\u00e5 30 minutter,\u00a0sier hun. <\/p>\n<p>Hun forteller at tyvene opptrer som turister, og glir inn i milj\u00f8et blant andre turister. <\/p>\n<p>De bryter seg ellers inn i turistbusser som st\u00e5r parkert p\u00e5 utfluktsstedene. Der t\u00f8mmer de det de finner av verdisaker. <\/p>\n<p>Plages ogs\u00e5 av tyver<\/p>\n<p>Politiet har lykkes i \u00e5 arrestere noen av tyvene, og de har overfor politiet innr\u00f8mmet at de har kommet til \u00f8ya kun i den hensikt \u00e5 beg\u00e5 tyverier. <\/p>\n<p>Ogs\u00e5 et annet popul\u00e6rt feriem\u00e5l, Mallorca, sliter med \u00f8kende tyverier og annen kriminalitet. <\/p>\n<p>For bare noen uker siden kunne flysmart24 fortelle om<a href=\"https:\/\/flysmart24.no\/2025\/10\/23\/kriminalitet-i-ferieparadis-blir-bare-verre\/\" rel=\"nofollow noopener\" target=\"_blank\"> situasjonen utenfor hovedstaden Palma. Der har det v\u00e6rt en kraftig \u00f8kning av tyverier, svindel, brutale overfall og ran<\/a>.<\/p>\n","protected":false},"excerpt":{"rendered":"Tusenvis av nordmenn er i dag p\u00e5 plass p\u00e5 favoritt\u00f8ya for \u00e5 nyte sol og varme, mens vinteren&hellip;\n","protected":false},"author":2,"featured_media":103852,"comment_status":"","ping_status":"","sticky":false,"template":"","format":"standard","meta":{"footnotes":""},"categories":[12],"tags":[20,21,24,25,15,22,23,13,30,28,29,14,16,26,27,42,43,44,45],"class_list":{"0":"post-103851","1":"post","2":"type-post","3":"status-publish","4":"format-standard","5":"has-post-thumbnail","7":"category-verden","8":"tag-breaking-news","9":"tag-breakingnews","10":"tag-featured-news","11":"tag-featurednews","12":"tag-headlines","13":"tag-latest-news","14":"tag-latestnews","15":"tag-news","16":"tag-no","17":"tag-norge","18":"tag-norway","19":"tag-nyheter","20":"tag-overskrifter","21":"tag-top-stories","22":"tag-topstories","23":"tag-verden","24":"tag-world","25":"tag-world-news","26":"tag-worldnews"},"share_on_mastodon":{"url":"https:\/\/pubeurope.com\/@no\/115660526879072057","error":""},"_links":{"self":[{"href":"https:\/\/www.europesays.com\/no\/wp-json\/wp\/v2\/posts\/103851","targetHints":{"allow":["GET"]}}],"collection":[{"href":"https:\/\/www.europesays.com\/no\/wp-json\/wp\/v2\/posts"}],"about":[{"href":"https:\/\/www.europesays.com\/no\/wp-json\/wp\/v2\/types\/post"}],"author":[{"embeddable":true,"href":"https:\/\/www.europesays.com\/no\/wp-json\/wp\/v2\/users\/2"}],"replies":[{"embeddable":true,"href":"https:\/\/www.europesays.com\/no\/wp-json\/wp\/v2\/comments?post=103851"}],"version-history":[{"count":0,"href":"https:\/\/www.europesays.com\/no\/wp-json\/wp\/v2\/posts\/103851\/revisions"}],"wp:featuredmedia":[{"embeddable":true,"href":"https:\/\/www.europesays.com\/no\/wp-json\/wp\/v2\/media\/103852"}],"wp:attachment":[{"href":"https:\/\/www.europesays.com\/no\/wp-json\/wp\/v2\/media?parent=103851"}],"wp:term":[{"taxonomy":"category","embeddable":true,"href":"https:\/\/www.europesays.com\/no\/wp-json\/wp\/v2\/categories?post=103851"},{"taxonomy":"post_tag","embeddable":true,"href":"https:\/\/www.europesays.com\/no\/wp-json\/wp\/v2\/tags?post=103851"}],"curies":[{"name":"wp","href":"https:\/\/api.w.org\/{rel}","templated":true}]}}