{"id":103853,"date":"2025-12-04T09:15:12","date_gmt":"2025-12-04T09:15:12","guid":{"rendered":"https:\/\/www.europesays.com\/no\/103853\/"},"modified":"2025-12-04T09:15:12","modified_gmt":"2025-12-04T09:15:12","slug":"stale-solbakken-for-trekningen-av-gruppene-i-vm","status":"publish","type":"post","link":"https:\/\/www.europesays.com\/no\/103853\/","title":{"rendered":"St\u00e5le Solbakken f\u00f8r trekningen av gruppene i VM:"},"content":{"rendered":"<p>Torsdag formiddag retter St\u00e5le Solbakken kursen mot USA.<\/p>\n<p><a href=\"https:\/\/www.tv2.no\/sport\/sendes-motvillig-til-usa-jeg-hater-det\/18339461\/\" target=\"_blank\" rel=\"nofollow noopener\">En tur han helst skulle v\u00e6rt foruten.<\/a><\/p>\n<p>\u2013 Washington! Svarer Solbakken etter \u00e5 ha f\u00e5tt sp\u00f8rsm\u00e5l fra SAS-skranken om hvor han skal.<\/p>\n<p>I Washington DC venter VM-trekningen som avgj\u00f8r hvilke tre lag Norge skal m\u00f8te i gruppespillet neste sommer.<\/p>\n<p>N\u00e5 venter en lang reise etterfulgt av mange timer i en sal.<\/p>\n<p>\u2013 Jeg er vel s\u00e5 klar som man kan bli. Det er ikke favoritthobbyen min, men det blir spennende \u00e5 se hvem vi f\u00e5r og hvor vi skal.<\/p>\n<p class=\"italic m-italic\" data-lab-italic=\"italic\">VM-trekningen ser du p\u00e5 TV 2 Play og TV 2 Direkte p\u00e5 fredag fra klokken 17.00!<\/p>\n<p>    <a class=\"article__link\" data-ga-active-label=\"\" data-ga-active-label-animation=\"\" href=\"https:\/\/www.tv2.no\/sport\/fotball\/slik-blir-fotball-vm-2026\/18240632\/\" rel=\"nofollow noopener\" target=\"_blank\"><\/p>\n<p>    <img class=\"image__img lazyload\" itemprop=\"image\" title=\"\" alt=\"\" width=\"587\" height=\"329\" bad-src=\"https:\/\/www.europesays.com\/no\/wp-content\/uploads\/2025\/12\/1764839710_617_18337156.webp\" fetchpriority=\"auto\" \/><\/p>\n<p>\n            Slik blir fotball-VM\n        <\/p>\n<p>    <\/a><\/p>\n<p>Solbakken har ikke noen store \u00f8nsker om hvem han \u00f8nsker \u00e5 trekke, det f\u00e5r bli som det blir. For p\u00e5 sp\u00f8rsm\u00e5l om hvordan han kommer til \u00e5 f\u00f8le seg under trekningen svarer han:<\/p>\n<p> \u2013 Der er jeg iskald. Det er nok mange som har b\u00e5de st\u00f8rre forventninger og gleder seg mer enn meg. <\/p>\n<p>Noe han fikk erfare p\u00e5 toget til Gardermoen.<\/p>\n<p>\u2013 Det merker man hele veien. Jeg merket det p\u00e5 vei hit, det var mange som \u00f8nsket meg lykke til. Det var mange av dem som tydeligvis skulle til USA.<\/p>\n<p><a href=\"https:\/\/www.tv2.no\/sport\/fotball\/norges-vm-sjef-pa-vei-til-usa-ikke-gitt-at-vi-far-det-vi-onsker-oss-mest\/18348163\/\" target=\"_blank\" style=\"letter-spacing: 0.01em;\" rel=\"nofollow noopener\">Onsdag reiste trioen<\/a> som St\u00e5le Solbakken har h\u00e5ndplukket for \u00e5 ha ansvaret for det logistikkmessige under mesterskapet til Washington.<\/p>\n<p>Prosjektleder i VM Truls D\u00e6hli, lagleder for landslaget Are Hokstad og produktsjef Andr\u00e9 Flem.<\/p>\n<p>Hvem h\u00e5per du Norge trekker? Her kan du velge dine dr\u00f8mmemotstandere:<\/p>\n<p>    <a class=\"article__link\" data-ga-active-label=\"\" data-ga-active-label-animation=\"\" href=\"https:\/\/www.tv2.no\/sport\/fotball\/absurd-usa-bilde-dette-er-norges-skrekkscenario\/18322335\/\" rel=\"nofollow noopener\" target=\"_blank\"><\/p>\n<p>    <img class=\"image__img lazyload\" itemprop=\"image\" title=\"\" alt=\"\" width=\"978\" height=\"411\" bad-src=\"https:\/\/www.europesays.com\/no\/wp-content\/uploads\/2025\/12\/1764839712_909_18322496.webp\" fetchpriority=\"auto\" \/><\/p>\n<p>\n            Absurd USA-bilde: Dette er Norges skrekkscenario\n        <\/p>\n<p>    <\/a><\/p>\n","protected":false},"excerpt":{"rendered":"Torsdag formiddag retter St\u00e5le Solbakken kursen mot USA. En tur han helst skulle v\u00e6rt foruten. \u2013 Washington! Svarer&hellip;\n","protected":false},"author":2,"featured_media":103854,"comment_status":"","ping_status":"","sticky":false,"template":"","format":"standard","meta":{"footnotes":""},"categories":[59],"tags":[30,28,29,83,82],"class_list":{"0":"post-103853","1":"post","2":"type-post","3":"status-publish","4":"format-standard","5":"has-post-thumbnail","7":"category-sport","8":"tag-no","9":"tag-norge","10":"tag-norway","11":"tag-sport","12":"tag-sports"},"share_on_mastodon":{"url":"https:\/\/pubeurope.com\/@no\/115660542674393426","error":""},"_links":{"self":[{"href":"https:\/\/www.europesays.com\/no\/wp-json\/wp\/v2\/posts\/103853","targetHints":{"allow":["GET"]}}],"collection":[{"href":"https:\/\/www.europesays.com\/no\/wp-json\/wp\/v2\/posts"}],"about":[{"href":"https:\/\/www.europesays.com\/no\/wp-json\/wp\/v2\/types\/post"}],"author":[{"embeddable":true,"href":"https:\/\/www.europesays.com\/no\/wp-json\/wp\/v2\/users\/2"}],"replies":[{"embeddable":true,"href":"https:\/\/www.europesays.com\/no\/wp-json\/wp\/v2\/comments?post=103853"}],"version-history":[{"count":0,"href":"https:\/\/www.europesays.com\/no\/wp-json\/wp\/v2\/posts\/103853\/revisions"}],"wp:featuredmedia":[{"embeddable":true,"href":"https:\/\/www.europesays.com\/no\/wp-json\/wp\/v2\/media\/103854"}],"wp:attachment":[{"href":"https:\/\/www.europesays.com\/no\/wp-json\/wp\/v2\/media?parent=103853"}],"wp:term":[{"taxonomy":"category","embeddable":true,"href":"https:\/\/www.europesays.com\/no\/wp-json\/wp\/v2\/categories?post=103853"},{"taxonomy":"post_tag","embeddable":true,"href":"https:\/\/www.europesays.com\/no\/wp-json\/wp\/v2\/tags?post=103853"}],"curies":[{"name":"wp","href":"https:\/\/api.w.org\/{rel}","templated":true}]}}