{"id":103863,"date":"2025-12-04T09:33:08","date_gmt":"2025-12-04T09:33:08","guid":{"rendered":"https:\/\/www.europesays.com\/no\/103863\/"},"modified":"2025-12-04T09:33:08","modified_gmt":"2025-12-04T09:33:08","slug":"ebu-diskuterer-neste-ars-eurovision-nrk-kultur-og-underholdning","status":"publish","type":"post","link":"https:\/\/www.europesays.com\/no\/103863\/","title":{"rendered":"EBU diskuterer neste \u00e5rs Eurovision \u2013 NRK Kultur og underholdning"},"content":{"rendered":"<p>Kommer noen land til \u00e5 trekke seg fra neste \u00e5rs Eurovision Song Contest p\u00e5 grunn av Israels deltakelse?<\/p>\n<p><strong>Det f\u00e5r vi mest sannsynlig svar p\u00e5 i dag. <\/strong><\/p>\n<p>I samler Den europeiske kringkastingsunionen medlemslandene sine til generalforsamling i Gen\u00e8ve. Her er blant annet neste \u00e5rs Eurovision Song Contest p\u00e5 agendaen.<\/p>\n<p><strong>For et par uker siden meldte EBU i en pressemelding at de <a href=\"https:\/\/www.nrk.no\/kultur\/ebu-dropper-israel-avstemming-i-eurovision-1.17661929\" ec-id=\"pp:article:1.17661929\" ec-name=\"dropper avstemming om Israels deltakelse\" rel=\"nofollow noopener\" target=\"_blank\">dropper avstemming om Israels deltakelse<\/a>.<\/strong><\/p>\n<p>\u2013 Vi er uavhengige som allmennkringkaster. Vi er ikke politiske, vi driver ikke med boikott. Det med upartiskhet er v\u00e5rt fundament, og det er ogs\u00e5 en forutsetning for \u00e5 levere p\u00e5 oppdraget, det sier redakt\u00f8r for NRKs innholdsdivisjon, Camilla Bj\u00f8rn.<\/p>\n<p><img decoding=\"async\"   src=\"data:image\/gif;base64,R0lGODlhAQABAIAAAAAAAP\/\/\/yH5BAEAAAAALAAAAAABAAEAAAIBRAA7\" loading=\"eager\" alt=\"Camilla Bj\u00f8rn\" title=\"Foto: Ole Kaland, NRK\"\/><\/p>\n<p class=\"\">Innholdsredakt\u00f8r, Camilla Bj\u00f8rn, sier NRK ikke kommer med en konklusjon f\u00f8r alt er diskutert ferdig i generalforsamlingen.<\/p>\n<p>Foto: Ole Kaland, NRK<\/p>\n<p>Nye tiltak<\/p>\n<p>For Norge deltar NRKs kringkastingssjef, Vibeke F\u00fcrst Haugen, p\u00e5 generalforsamlingen.<\/p>\n<p><strong>EBU har i forkant av generalforsamlingen ogs\u00e5 kommet med nye tiltak rundt konkurransen, som blant annet gjelder avstemmingen.<\/strong><\/p>\n<p>EBUs endringer rundt avstemmingen i Eurovision:<\/p>\n<ul>\n<li>Stemmer per betalingsmetode redusert fra 20 til 10 (nett, SMS, telefon).<\/li>\n<li>Styrker reglene for sangpromotering for \u00e5 beskytte konkurransen mot uforholdsmessige, eksternt drevne kampanjer.<\/li>\n<li>Ingen kringkaster eller artist kan direkte delta i eller st\u00f8tte kampanjer fra tredjeparter, som for eksempel en regjering.<\/li>\n<li>Gjeninnf\u00f8rer profesjonelle juryer i semifinalene for f\u00f8rste gang siden 2022.<\/li>\n<li>Flere jurymedlemmer.<\/li>\n<li>Sterkere tekniske sikkerhetstiltak. EBU og stemmepartneren Once skal forbedre systemene som oppdager og stopper juks, koordinert stemming og mistenkelige m\u00f8nstre.<\/li>\n<\/ul>\n<p>De skrev ogs\u00e5 at en avstemning vil skje dersom medlemmene mener de nye tiltakene ikke beskytter n\u00f8ytralitet og upartiskhet godt nok.<\/p>\n<p><a href=\"https:\/\/www.nrk.no\/kultur\/nrk-vil-ikke-boikotte-eurovision-song-contest-1.17568335\" ec-id=\"pp:article:1.17568335\" ec-name=\"Spania, Irland, Slovenia, Nederland og Island\" rel=\"nofollow noopener\" target=\"_blank\">Spania, Irland, Slovenia, Nederland og Island<\/a> har tidligere meldt at de vurderer \u00e5 trekke seg fra Eurovision Song Contest dersom Israel f\u00e5r delta neste \u00e5r.<\/p>\n<p>Spania er ett av de fem faste medlemslandene som bidrar med mest penger til Eurovision-potten. Hvilke konsekvenser det f\u00e5r for konkurransen hvis Spania trekker seg, er enn\u00e5 usikkert.<\/p>\n<p>NRK planlegger for deltakelse<\/p>\n<p>I september meldte NRK at de ikke kommer til \u00e5 boikotte Eurovision Song Contest dersom Israel f\u00e5r delta.<\/p>\n<p>\u2013 I generalforsamlingen forventer vi \u00e5 f\u00e5 resultatene fra konsultasjonsprosessen som har p\u00e5g\u00e5tt i h\u00f8st i EBU. For NRK som del blir det ingen konklusjon f\u00f8r vi har f\u00e5tt alt presentert og diskutert oss ferdig i generalforsamlingen. Men vi ser positivt p\u00e5 at EBU n\u00e5 varsler store endringer p\u00e5 flere omr\u00e5der, sier Bj\u00f8rn.<\/p>\n<p><img decoding=\"async\"   src=\"data:image\/gif;base64,R0lGODlhAQABAIAAAAAAAP\/\/\/yH5BAEAAAAALAAAAAABAAEAAAIBRAA7\" loading=\"eager\" alt=\"Kyle Alessandro\" title=\"Foto: FABRICE COFFRINI \/ AFP \/ NTB\"\/><\/p>\n<p class=\"\">Kyle Alessandro representerte Norge i Eurovision i fjor. <\/p>\n<p>Foto: FABRICE COFFRINI \/ AFP \/ NTB<\/p>\n<p>\u2013 H\u00f8rer ikke hjemme at Israel er med i Eurovision<\/p>\n<p>Hjemme har over 600 kulturpersonligheter tatt til orde for \u00e5 f\u00e5 NRK til \u00e5 snu i avgj\u00f8relsen om Eurovision -deltakelse, dersom Israel f\u00e5r delta i Eurovision.<\/p>\n<p>Blant de som har skrevet under er artistkollegaer Ivar Christian Johansen, kjent som Ravi og Tommy Fl\u00e5ten, kjent som Tommy Tee.<\/p>\n<p><strong>\u2013 Israel okkuperer Palestina. Israel bryter folkeretten og s\u00f8rger for at det palestinske folket lider under mangel p\u00e5 element\u00e6re menneskerettigheter. S\u00e5 det h\u00f8rer ikke hjemme at Israel er med i Eurovision, sier Ravi. <\/strong><\/p>\n<p><img decoding=\"async\"   src=\"data:image\/gif;base64,R0lGODlhAQABAIAAAAAAAP\/\/\/yH5BAEAAAAALAAAAAABAAEAAAIBRAA7\" loading=\"eager\" alt=\"To personer st\u00e5r sammen innend\u00f8rs, den ene med h\u00e5nd p\u00e5 den andres skulder. Begge er kledd i uformelle kl\u00e6r; en i en svart genser med et skjerf og den andre i en stripete genser. Den som holder en kopp, har p\u00e5 seg en caps. Omgivelsene inkluderer moderne interi\u00f8r og en gr\u00f8nn plante i bakgrunnen.Ravi og Tommy T\" title=\"Foto: Shilan Sari \/ NRK\"\/><\/p>\n<p class=\"\">Artistkollegaer Ravi og Tommy Tee har skrevet under oppropet om boikott av Eurovision. <\/p>\n<p>Foto: Shilan Sari \/ NRK<\/p>\n<p>Ni artister er valgt ut til neste \u00e5rs Melodi Grand Prix. Artist Tommy Tee mener norske artister b\u00f8r tenke seg om f\u00f8r de velger \u00e5 delta.<\/p>\n<p>\u2013 Jeg skal ikke be folk om \u00e5 gj\u00f8re noe som helst, men kanskje se litt i hjertet sitt om dette er et selskap de har lyst til \u00e5 v\u00e6re med i. Eller kanskje vente til neste \u00e5r.<\/p>\n<p>Innholdsredakt\u00f8r i NRK, Camilla Bj\u00f8rn, forst\u00e5r engasjementet.<\/p>\n<p>\u2013 At folk sier sin mening, det er en del av et levende dekorativ. Og vi har forst\u00e5else for engasjementet saken vekker. Men det kommer jo ikke til \u00e5 endre v\u00e5re vurderinger. Og jeg syns heller ikke det b\u00f8r komme i veien for artister og l\u00e5tskrivere som \u00f8nsker \u00e5 delta, sier Bj\u00f8rn.<\/p>\n<p>Publisert<\/p>\n<p>04.12.2025, kl. 09.45<\/p>\n","protected":false},"excerpt":{"rendered":"Kommer noen land til \u00e5 trekke seg fra neste \u00e5rs Eurovision Song Contest p\u00e5 grunn av Israels deltakelse?&hellip;\n","protected":false},"author":2,"featured_media":103864,"comment_status":"","ping_status":"","sticky":false,"template":"","format":"standard","meta":{"footnotes":""},"categories":[12],"tags":[20,21,24,25,15,22,23,13,30,28,29,14,16,26,27,42,43,44,45],"class_list":{"0":"post-103863","1":"post","2":"type-post","3":"status-publish","4":"format-standard","5":"has-post-thumbnail","7":"category-verden","8":"tag-breaking-news","9":"tag-breakingnews","10":"tag-featured-news","11":"tag-featurednews","12":"tag-headlines","13":"tag-latest-news","14":"tag-latestnews","15":"tag-news","16":"tag-no","17":"tag-norge","18":"tag-norway","19":"tag-nyheter","20":"tag-overskrifter","21":"tag-top-stories","22":"tag-topstories","23":"tag-verden","24":"tag-world","25":"tag-world-news","26":"tag-worldnews"},"share_on_mastodon":{"url":"https:\/\/pubeurope.com\/@no\/115660613545351822","error":""},"_links":{"self":[{"href":"https:\/\/www.europesays.com\/no\/wp-json\/wp\/v2\/posts\/103863","targetHints":{"allow":["GET"]}}],"collection":[{"href":"https:\/\/www.europesays.com\/no\/wp-json\/wp\/v2\/posts"}],"about":[{"href":"https:\/\/www.europesays.com\/no\/wp-json\/wp\/v2\/types\/post"}],"author":[{"embeddable":true,"href":"https:\/\/www.europesays.com\/no\/wp-json\/wp\/v2\/users\/2"}],"replies":[{"embeddable":true,"href":"https:\/\/www.europesays.com\/no\/wp-json\/wp\/v2\/comments?post=103863"}],"version-history":[{"count":0,"href":"https:\/\/www.europesays.com\/no\/wp-json\/wp\/v2\/posts\/103863\/revisions"}],"wp:featuredmedia":[{"embeddable":true,"href":"https:\/\/www.europesays.com\/no\/wp-json\/wp\/v2\/media\/103864"}],"wp:attachment":[{"href":"https:\/\/www.europesays.com\/no\/wp-json\/wp\/v2\/media?parent=103863"}],"wp:term":[{"taxonomy":"category","embeddable":true,"href":"https:\/\/www.europesays.com\/no\/wp-json\/wp\/v2\/categories?post=103863"},{"taxonomy":"post_tag","embeddable":true,"href":"https:\/\/www.europesays.com\/no\/wp-json\/wp\/v2\/tags?post=103863"}],"curies":[{"name":"wp","href":"https:\/\/api.w.org\/{rel}","templated":true}]}}