{"id":103867,"date":"2025-12-04T09:35:34","date_gmt":"2025-12-04T09:35:34","guid":{"rendered":"https:\/\/www.europesays.com\/no\/103867\/"},"modified":"2025-12-04T09:35:34","modified_gmt":"2025-12-04T09:35:34","slug":"aereskultur-ekteskap-13-ar-gammel-kone-pa-deltid","status":"publish","type":"post","link":"https:\/\/www.europesays.com\/no\/103867\/","title":{"rendered":"\u00c6reskultur, Ekteskap | 13 \u00e5r gammel kone p\u00e5 deltid"},"content":{"rendered":"\n<p>\u00abKone p\u00e5 deltid\u00bb: Et ord jeg aldri tidligere har h\u00f8rt, men som <a href=\"https:\/\/www.gyldendal.no\/sakprosa\/samtid-og-debatt\/1178-netter\/p-10039986\/\" rel=\"nofollow noopener\" target=\"_blank\">Daniella <\/a>bruker for \u00e5 beskrive en dypt tragisk periode i livet sitt. <\/p>\n<p>Som 13-\u00e5ring levde hun to parallelle liv: Hun var \u00abkona\u00bb i helgene \u2013 og skolebarn fra mandag til fredag. Ordet stammer fra Daniella selv, en av de mest modige og nye stemmene i debatten om \u00e6reskultur i Norge. <\/p>\n<p>I sin historie fortalte hun at det var under et opphold i Irak \u2013 ikke i Norge \u2013 at en kvinnelig slektning endelig s\u00e5 henne og ba henne s\u00f8ke hjelp. Denne hendelsen b\u00f8r vekke uro hos oss alle. Hvordan kan et barn som vokser opp i et av verdens frieste land f\u00f8rst bli sett \u2013 og f\u00e5 r\u00e5d \u2013 av en slektning under et opphold i et land vi ofte forbinder med ufrihet?<\/p>\n<p>En fetter i Oslo<\/p>\n<p>Den 18. november ble det arrangert en fagdag i Trondheim i regi av et bredt tverrsektorielt samarbeid om <a href=\"https:\/\/www.statsforvalteren.no\/contentassets\/e4f33f14c32343d7af63b167f9e122ff\/program-konferanse-arbeid-med-minoritetsbarn-og-minoritetsfamilier-18.november.pdf\" rel=\"nofollow noopener\" target=\"_blank\">arbeid med minoritetsbarn og -familier<\/a>. <\/p>\n<p>En viktig del av dagen handlet om arbeidet mot negativ sosial kontroll \u2013 eller \u00ab<a href=\"https:\/\/www.regjeringen.no\/contentassets\/42483a2aaa5444459c1de91f1b7c1fdd\/no\/pdfs\/sjef-i-eget-liv.pdf\" rel=\"nofollow noopener\" target=\"_blank\">Sjef i eget liv<\/a>\u00bb, som den nye handlingsplanen kaller det. Det som gjorde sterkest inntrykk p\u00e5 meg var likevel de personlige historiene: Jawad Raja, som beskrev en oppvekst preget av vold og \u00e6reskrav, og Daniella, som ble giftet bort som 13-\u00e5ring til sin egen fetter i Oslo.<\/p>\n<p>I mange arrangementer og offentlige samtaler om negativ sosial kontroll er det f\u00f8rstegenerasjonskvinner som st\u00e5r fram med sine historier. Menneskene som faktisk har st\u00e5tt i kampen, og som ofte selv har b\u00e5ret den st\u00f8rste byrden for \u00e5 skape sitt eget handlingsrom.<\/p>\n<p><b>Les ogs\u00e5:<a href=\"https:\/\/www.nettavisen.no\/norsk-debatt\/nrk-mener-hijab-er-hverdagsantrekk\/o\/5-95-2754156\" rel=\"Follow nofollow noopener\" target=\"_blank\"> NRK b\u00f8yde seg for hijabkrav<\/a><\/b><\/p>\n<p>Men historiene fra Jawad og Daniella avsl\u00f8rer noe annet \u2013 og mer urovekkende. De representerer henholdsvis tredje og andre generasjon i Norge. Jawad og hans mor er f\u00f8dt her. Daniella kom som tre\u00e5ring. Likevel ble de utsatt for alvorlige overgrep som det norske samfunnet burde ha fanget opp. <\/p>\n<p>Det viser at problemet ikke er \u00abimportert\u00bb og ferdig utvannet i neste generasjon \u2013 det videref\u00f8res. Og ofte uten at milj\u00f8ene selv anerkjenner det som et problem. Det er den st\u00f8rste barrieren av dem alle: Du kan ikke l\u00f8se et problem som ikke blir erkjent. Noe som begrenser utviklingen av kritisk bevissthet om sin egen situasjon og de undertrykkende strukturene som p\u00e5virker dem.<\/p>\n<p>Gutter er ogs\u00e5 offer<\/p>\n<p>Det var ogs\u00e5 viktig at b\u00e5de en kvinne og en mann stod p\u00e5 scenen sammen under arrangementet den 18. november, noe som skjer sjelden. For selv om <a href=\"https:\/\/www.imdi.no\/globalassets\/rapporter\/2025\/arsrapport-sarskilte-tjenester-2024-digitalt.pdf\" rel=\"nofollow noopener\" target=\"_blank\">statistikken<\/a> viser at over 75 prosent av ofrene er jenter og kvinner, finnes det ogs\u00e5 gutter og menn som lever under kontroll og begrensninger \u2013 b\u00e5de som ut\u00f8vere og som ofre. <\/p>\n<p><b>Les ogs\u00e5:<a href=\"https:\/\/www.nettavisen.no\/norsk-debatt\/creepy-trend-alle-emojiene-i-sosiale-medier-gjor-barn-ansiktslose\/o\/5-95-2750382\" rel=\"Follow nofollow noopener\" target=\"_blank\"> Det er litt creepy \u00e5 gj\u00f8re dette mot barn<\/a><\/b><\/p>\n<p>Fordi selv om kvinnes seksuell organ er kjernen i \u00e6reskulturen, men det er ikke bare et kvinnesp\u00f8rsm\u00e5l; den handler om makt, frykt, sosial prestisje og patriarkalske forventninger som rammer hele familien.<\/p>\n<p>Som kurder med kone fra Afghanistan kjenner jeg mekanismene altfor godt. Selv etter sju \u00e5rs ekteskap f\u00e5r <a href=\"https:\/\/www.ntnu.no\/ansatte\/sonia.ahmadi\" rel=\"nofollow noopener\" target=\"_blank\">min kone<\/a> meldinger fra folk som mener hun burde ha giftet seg med \u00aben afghaner, ikke en kurder\u00bb. De sier det ikke fordi de mener vi ikke passer sammen \u2013 men fordi noen fortsatt tenker at kvinner tilh\u00f8rer \u00absitt eget folk\u00bb, og at det svekker menns \u00e6re om en \u00abav deres\u00bb gifter seg utenfor. <\/p>\n<p>Dette er ikke ondskap. Det er internaliserte normer. Og de lever videre her i Norge.<\/p>\n<p><b>Les ogs\u00e5: <a href=\"https:\/\/www.nettavisen.no\/norsk-debatt\/mannsforum-forsoker-a-kjonnsnoytralisere-volden\/o\/5-95-2746609\" rel=\"Follow nofollow noopener\" target=\"_blank\">Vanskelig \u00e5 ta Mannsforum p\u00e5 alvor<\/a><\/b><\/p>\n<p>Ekteskapet er den mest alvorlige formen<\/p>\n<p>Den mest alvorlige formen for negativ kontroll jeg ser i mange milj\u00f8er er likevel ikke bare den som kommer fra foreldre, slekt eller de store milj\u00f8ene. Det er den som oppst\u00e5r i ekteskapet.<\/p>\n<p>Jeg har m\u00f8tt mange par der begge parter kontrollerer hverandre \u2013 ikke fordi de \u00f8nsker dominans, men fordi de frykter friheten den andre kan f\u00e5. \u00abHvis jeg ikke f\u00e5r lov, skal ikke du heller.\u00bb Slik produseres en falsk form for \u00ablikestilling\u00bb, der to mennesker sitter fast i hverandres begrensninger. Det er gjensidig ufrihet.<\/p>\n<p>Historiene viser b\u00e5de hvor langt vi har kommet og hvor langt vi har igjen. Og det krever at vi t\u00f8r \u00e5 snakke om det som faktisk skjer, ogs\u00e5 n\u00e5r det gj\u00f8r vondt. \u00c6reskultur overlever i stillhet.<\/p>\n<p>Norge har hatt handlingsplaner mot negativ sosial kontroll siden 1998. Likevel vet vi at mange barn og unge fortsatt faller mellom stolene. Uten enkeltpersoner som har v\u00e5get \u00e5 st\u00e5 frem, ville handlingsplanene alene ikke v\u00e6rt nok. Det er implementeringen som avgj\u00f8r \u2013 og implementering skjer ikke i lukkede kontorer. Den skjer i m\u00f8ter mellom mennesker, gjennom tillit og langsiktig relasjonsbygging.<\/p>\n","protected":false},"excerpt":{"rendered":"\u00abKone p\u00e5 deltid\u00bb: Et ord jeg aldri tidligere har h\u00f8rt, men som Daniella bruker for \u00e5 beskrive en&hellip;\n","protected":false},"author":2,"featured_media":103868,"comment_status":"","ping_status":"","sticky":false,"template":"","format":"standard","meta":{"footnotes":""},"categories":[5],"tags":[20,21,24,25,15,19,22,23,17,18,13,30,28,29,14,16,26,27],"class_list":{"0":"post-103867","1":"post","2":"type-post","3":"status-publish","4":"format-standard","5":"has-post-thumbnail","7":"category-overskrifter","8":"tag-breaking-news","9":"tag-breakingnews","10":"tag-featured-news","11":"tag-featurednews","12":"tag-headlines","13":"tag-hovedoppslag","14":"tag-latest-news","15":"tag-latestnews","16":"tag-main-news","17":"tag-mainnews","18":"tag-news","19":"tag-no","20":"tag-norge","21":"tag-norway","22":"tag-nyheter","23":"tag-overskrifter","24":"tag-top-stories","25":"tag-topstories"},"share_on_mastodon":{"url":"https:\/\/pubeurope.com\/@no\/115660621394668679","error":""},"_links":{"self":[{"href":"https:\/\/www.europesays.com\/no\/wp-json\/wp\/v2\/posts\/103867","targetHints":{"allow":["GET"]}}],"collection":[{"href":"https:\/\/www.europesays.com\/no\/wp-json\/wp\/v2\/posts"}],"about":[{"href":"https:\/\/www.europesays.com\/no\/wp-json\/wp\/v2\/types\/post"}],"author":[{"embeddable":true,"href":"https:\/\/www.europesays.com\/no\/wp-json\/wp\/v2\/users\/2"}],"replies":[{"embeddable":true,"href":"https:\/\/www.europesays.com\/no\/wp-json\/wp\/v2\/comments?post=103867"}],"version-history":[{"count":0,"href":"https:\/\/www.europesays.com\/no\/wp-json\/wp\/v2\/posts\/103867\/revisions"}],"wp:featuredmedia":[{"embeddable":true,"href":"https:\/\/www.europesays.com\/no\/wp-json\/wp\/v2\/media\/103868"}],"wp:attachment":[{"href":"https:\/\/www.europesays.com\/no\/wp-json\/wp\/v2\/media?parent=103867"}],"wp:term":[{"taxonomy":"category","embeddable":true,"href":"https:\/\/www.europesays.com\/no\/wp-json\/wp\/v2\/categories?post=103867"},{"taxonomy":"post_tag","embeddable":true,"href":"https:\/\/www.europesays.com\/no\/wp-json\/wp\/v2\/tags?post=103867"}],"curies":[{"name":"wp","href":"https:\/\/api.w.org\/{rel}","templated":true}]}}