{"id":103869,"date":"2025-12-04T09:36:12","date_gmt":"2025-12-04T09:36:12","guid":{"rendered":"https:\/\/www.europesays.com\/no\/103869\/"},"modified":"2025-12-04T09:36:12","modified_gmt":"2025-12-04T09:36:12","slug":"ol-landsbyen-koster-400-millioner-men-oser-ikke-av-luksus","status":"publish","type":"post","link":"https:\/\/www.europesays.com\/no\/103869\/","title":{"rendered":"OL-landsbyen koster 400 millioner, men oser ikke av luksus"},"content":{"rendered":"<p>  OL-landsbyen koster over 400 millioner, men oser ikke av luksus. Norge gir tommel opp, men understerker: &#8211; Det er veldig trangt.\u00a0<\/p>\n<p>\n    SLIK SER ROMMET UT: I OL-landsbyen ville dise rommene m\u00f8te ut\u00f8verne i Cortina. Her kan opptil to personer bo. Foto: AP\/NTB\n  <\/p>\n<p>&#8211; Vi<br \/>\nvet at det er trangt og lite. Vi pr\u00f8ver \u00e5 tilpasse og gj\u00f8re det hyggelig, sier Hanne Staff, leder prestasjon og utvikling i Olympiatoppen, til Dagbladet.\u00a0<\/p>\n<p class=\"font-weight-bold m-font-weight-bold\" data-lab-font_weight=\"font-weight-bold\">I Cortina er det satt opp 377 innleide mobile hus som skal huse rundt 1400 ut\u00f8ver under OL neste \u00e5r. Prislappen p\u00e5 anlegget: 446 millioner kroner.\u00a0<\/p>\n<p>Men man burde ikke forvente luksus: For rommene er trange. Nylig ble de f\u00f8rst bildene av OL-landsbyen i Cortina sluppet:\u00a0<\/p>\n<p>          <img loading=\"lazy\" decoding=\"async\" src=\"https:\/\/www.europesays.com\/no\/wp-content\/uploads\/2025\/12\/1764840970_645_83929528.webp\" width=\"980\" height=\"559\" title=\"377: Det er antall mobile hus som er plassert i Cortina i forbindelse med OL. Foto: AP\/NTB\" alt=\"\" class=\"\" style=\"--aspect-ratio-image: 1.75; \"\/><\/p>\n<p>\n          377: Det er antall mobile hus som er plassert i Cortina i forbindelse med OL. Foto: AP\/NTB\n      <\/p>\n<p>If\u00f8lge nyhetsbyr\u00e5et AP ligger OL-landsbyen i et folketomt omr\u00e5de rundt ti minutters kj\u00f8ring fra sentum. Husene beskrives som enkle, noe som s\u00e5nn sett ikke er uvanlig for en OL-landsby.<\/p>\n<p>En slik mobil l\u00f8sning &#8211; s\u00e5nn som i Cortina &#8211; har ikke blitt gjort i et OL tidligere.\u00a0<\/p>\n<p>&#8211; Ikke som jeg har sett, s\u00e5 det blir spennende \u00e5 se hvordan det blir. Jeg tror det skal funke fint, sier Norge-representanten Staff.\u00a0<\/p>\n<p>          <img loading=\"lazy\" decoding=\"async\" src=\"https:\/\/www.europesays.com\/no\/wp-content\/uploads\/2025\/12\/1764840970_332_83929534.webp\" width=\"980\" height=\"559\" title=\"TETT I TETT: Ordentlig leirskole-f\u00f8lelse av OL-landsbyen. Foto: AP\/NTB\" alt=\"\" class=\"\" style=\"--aspect-ratio-image: 1.75; \"\/><\/p>\n<p>\n          TETT I TETT: Ordentlig leirskole-f\u00f8lelse av OL-landsbyen. Foto: AP\/NTB\n      <\/p>\n<p> If\u00f8lge Fabio Saldini, den italienske regjeringens ansvarlige for OL-infrastruktur, er grunnen til enkeltheten at landsbyen er midlertidig. Anlegget skal fjernes etter lekene.\u00a0<\/p>\n<p class=\"font-weight-bold m-font-weight-bold\" data-lab-font_weight=\"font-weight-bold\">Prosjektet har tidligere f\u00e5tt kritikk etter hogst av tr\u00e6r, men arrang\u00f8ren har understrekt at alt kan gjenbrukes.<\/p>\n<p>&#8211; Man har sett tidligere at man bygger store nye byer som bare blir st\u00e5ende etter mesterskap. Jeg tror vi f\u00e5r se mer at dette i framtida (at de bygger mobile hus) siden lekene ofte er spredd utover, forteller Staff.\u00a0<\/p>\n<p>          <img loading=\"lazy\" decoding=\"async\" src=\"https:\/\/www.europesays.com\/no\/wp-content\/uploads\/2025\/12\/1764840971_632_83929536.webp\" width=\"980\" height=\"559\" title=\"SLIK SER DET UT: Bildet fra et rom i Cortina. Foto: AP\/NTB\" alt=\"\" class=\"\" style=\"--aspect-ratio-image: 1.75; \"\/><\/p>\n<p>\n          SLIK SER DET UT: Bildet fra et rom i Cortina. Foto: AP\/NTB\n      <\/p>\n<p>Cortinas landsby er \u00e9n av to hovedlandsbyer &#8211; den andre ligger i Milano.<\/p>\n<p>Flere nasjoner, blant dem USA, Tyskland og vertslandet<br \/>\nItalia, vil bruke landsbyen. Norge har derimot valgt \u00e5 innkvartere flere av sine ut\u00f8vere<br \/>\np\u00e5 hotell. Det koster Olympiatoppen cirka 10 millioner kroner.<\/p>\n<p>          <img loading=\"lazy\" decoding=\"async\" src=\"https:\/\/www.europesays.com\/no\/wp-content\/uploads\/2025\/12\/1764840971_937_83929538.webp\" width=\"980\" height=\"559\" title=\"I MILANO: Her er et rom fra OL-landsbyen i motehovedstaden. Foto: AFP\/NTB\" alt=\"\" class=\"\" style=\"--aspect-ratio-image: 1.75; \"\/><\/p>\n<p>\n          I MILANO: Her er et rom fra OL-landsbyen i motehovedstaden. Foto: AFP\/NTB\n      <\/p>\n<p> Alle ut\u00f8vere og st\u00f8tteapparat i langrenn, alpint og skiskyting skal p\u00e5 hotell. Curling, hvis man kvalifiserer seg, er blant landslagene som skal bo i OL-landsbyen. Hopp og kombinert skal bo i landsbyen i Predazzo.\u00a0<\/p>\n<p class=\"font-weight-bold m-font-weight-bold\" data-lab-font_weight=\"font-weight-bold\">&#8211; Det er spredte leker, s\u00e5 det er jo en utfordring fra start. Selv om det g\u00e5r i et annet land har vi \u00f8nsket \u00e5 gj\u00f8re det s\u00e5 normalt som mulig. Det<br \/>\nvil alltid v\u00e6re en periode midt i mesterskapet hvor det er veldig trangt, hvor vi<br \/>\nnesten har m\u00e5ttet fylle alle rom. N\u00e5 vil det v\u00e6re bedre plass, begrunner Staff om valget av \u00e5 bruke mer ressurser p\u00e5 bosted.<\/p>\n<p>&#8211; Det<br \/>\nsom blir det vanskeligste n\u00e5 er bevegelsen mellom leirene med trafikk og alt, legger hun til.\u00a0<\/p>\n<p>          <img loading=\"lazy\" decoding=\"async\" src=\"https:\/\/www.europesays.com\/no\/wp-content\/uploads\/2025\/12\/1764840972_944_83929512.webp\" width=\"980\" height=\"559\" title=\"PREDAZZO: Her skal Norges kombinert- og hopp-leirer bo. Foto: AP\/NTB\" alt=\"\" class=\"\" style=\"--aspect-ratio-image: 1.75; \"\/><\/p>\n<p>\n          PREDAZZO: Her skal Norges kombinert- og hopp-leirer bo. Foto: AP\/NTB\n      <\/p>\n<p>Cortina skal v\u00e6re vertskap for blant annet kvinnenes alpint,<br \/>\ncurling, bob, aking og skeleton &#8211; og landsbyen blir ogs\u00e5 viktig under<br \/>\nParalympics i mars. Da skal flere norske landslag bo i OL-landsbyen.\u00a0<\/p>\n<p>Hvert mobile hus er delt i to rom, med egne bad og dusjer.<br \/>\nParalympiere f\u00e5r st\u00f8rre rom med universell utforming.<\/p>\n<p>Nyhetsbyr\u00e5et AP p\u00e5peker at bitende vind, men ogs\u00e5 spektakul\u00e6r utsikt kan m\u00f8te ut\u00f8verne i Nord-Italia.\u00a0<\/p>\n<p class=\"font-weight-bold m-font-weight-bold\" data-lab-font_weight=\"font-weight-bold\">Alle rom har individuell oppvarming med elektriske enheter,<br \/>\nnoe som gj\u00f8r medbrakte klimaanlegg overfl\u00f8dige &#8211; i motsetning til under OL i<br \/>\nParis, <a href=\"https:\/\/www.dagbladet.no\/sport\/norge-tar-grep\/81535032\" rel=\"nofollow noopener\" target=\"_blank\">hvor Norge blant annet hadde med egne air condition-annlegg<\/a>.\u00a0<\/p>\n<p class=\"font-weight-bold m-font-weight-bold italic m-italic\" data-lab-italic=\"italic\" data-lab-font_weight=\"font-weight-bold\">&#8211; Har dere noe \u00e5 utsette p\u00e5 OL-landsbyene?\u00a0<\/p>\n<p>&#8211; Det f\u00f8ler jeg egentlig ikke. Det ser bra ut. Det er enkelt og ikke s\u00e5 stort, men det gjelder alle bosteder som har OL-landsbyer. Det m\u00e5 vi forholde oss til og jeg synes det greit at det ikke er overd\u00e5dig, p\u00e5peker Staff.\u00a0<\/p>\n<p>&#8211; Vi har bes\u00f8kt Milano ogs\u00e5. Det ser helt greit ut. Vi har ikke noen spesielle behov der heller.<\/p>\n<p>        FINALEN: Langrennsl\u00f8per Lotta Udnes Weng ble frustrert da dette skjedde under Beitosprinten. Reporter: Fredrik Schjesvold. Video: B\u00e5rd S\u00f8r\u00f8 Olsen.<\/p>\n<p>Landsbyen har kostet 38 millioner euro (446 millioner kroner). De mobile husene er leid<br \/>\ninn, og har kostet opptil 80 000 euro per enhet \u00e5 kj\u00f8pe. Etter lekene skal de<br \/>\ngjenbrukes i campingplasser rundt Italia, og noen er allerede satt av til en<br \/>\nhockeyklubb i Brunico.<\/p>\n<p> Vinterlekene i Italia strekker seg fra 6. til 22. februar 2026.\u00a0<\/p>\n","protected":false},"excerpt":{"rendered":"OL-landsbyen koster over 400 millioner, men oser ikke av luksus. Norge gir tommel opp, men understerker: &#8211; Det&hellip;\n","protected":false},"author":2,"featured_media":103870,"comment_status":"","ping_status":"","sticky":false,"template":"","format":"standard","meta":{"footnotes":""},"categories":[59],"tags":[249,2269,398,30,28,29,526,769,83,82],"class_list":{"0":"post-103869","1":"post","2":"type-post","3":"status-publish","4":"format-standard","5":"has-post-thumbnail","7":"category-sport","8":"tag-alpint","9":"tag-kombinert","10":"tag-langrenn","11":"tag-no","12":"tag-norge","13":"tag-norway","14":"tag-ol","15":"tag-skiskyting","16":"tag-sport","17":"tag-sports"},"share_on_mastodon":{"url":"https:\/\/pubeurope.com\/@no\/115660625400344182","error":""},"_links":{"self":[{"href":"https:\/\/www.europesays.com\/no\/wp-json\/wp\/v2\/posts\/103869","targetHints":{"allow":["GET"]}}],"collection":[{"href":"https:\/\/www.europesays.com\/no\/wp-json\/wp\/v2\/posts"}],"about":[{"href":"https:\/\/www.europesays.com\/no\/wp-json\/wp\/v2\/types\/post"}],"author":[{"embeddable":true,"href":"https:\/\/www.europesays.com\/no\/wp-json\/wp\/v2\/users\/2"}],"replies":[{"embeddable":true,"href":"https:\/\/www.europesays.com\/no\/wp-json\/wp\/v2\/comments?post=103869"}],"version-history":[{"count":0,"href":"https:\/\/www.europesays.com\/no\/wp-json\/wp\/v2\/posts\/103869\/revisions"}],"wp:featuredmedia":[{"embeddable":true,"href":"https:\/\/www.europesays.com\/no\/wp-json\/wp\/v2\/media\/103870"}],"wp:attachment":[{"href":"https:\/\/www.europesays.com\/no\/wp-json\/wp\/v2\/media?parent=103869"}],"wp:term":[{"taxonomy":"category","embeddable":true,"href":"https:\/\/www.europesays.com\/no\/wp-json\/wp\/v2\/categories?post=103869"},{"taxonomy":"post_tag","embeddable":true,"href":"https:\/\/www.europesays.com\/no\/wp-json\/wp\/v2\/tags?post=103869"}],"curies":[{"name":"wp","href":"https:\/\/api.w.org\/{rel}","templated":true}]}}