{"id":10387,"date":"2025-08-17T10:43:09","date_gmt":"2025-08-17T10:43:09","guid":{"rendered":"https:\/\/www.europesays.com\/no\/10387\/"},"modified":"2025-08-17T10:43:09","modified_gmt":"2025-08-17T10:43:09","slug":"kultur-underholdning-kompani-lauritzen-tropp","status":"publish","type":"post","link":"https:\/\/www.europesays.com\/no\/10387\/","title":{"rendered":"Kultur &#038; underholdning, Kompani Lauritzen Tropp"},"content":{"rendered":"\n<p>TV2 sendte s\u00f8ndag formiddag ut en pressemelding der deltakerne til h\u00f8stens \u00abKompani Lauritzen: Tropp 4\u00bb blir presentert.<\/p>\n<p>Blant deltakerne er den 22 \u00e5r gamle vernepleierstudenten Christina M\u00fcller og hennes mor Nina Christine, som til daglig er regnskapsf\u00f8rer, fra Sarpsborg.<\/p>\n<p>Fornyet og forsterket relasjon<\/p>\n<p>If\u00f8lge TV2 er seersuksessen \u00abKompani Lauritzen: Tropp\u00bb tilbake, og denne gangen med en helt ny vri: N\u00e5 m\u00e5 unge voksne konfrontere oberstens beinharde milit\u00e6rregime side om side med en av sine foreldre. Gjennom et krevende opplegg fylt med disiplin, intense \u00f8velser og \u00e6rlige tilbakemeldinger, skal duoene finne mestring, bygge samhold og b\u00e5nd \u2013 og kanskje oppdage skjulte krefter de ikke visste de hadde.<\/p>\n<p>Befalets m\u00e5l er som alltid at rekruttene forlater kompaniet som bedre utgaver av seg selv, men i denne sesongen har de et ekstra h\u00e5p: At foreldre og barn skal komme ut med en fornyet og forsterket relasjon, skriver TV2 i pressemeldingen.<\/p>\n<p>Christina er tydelig p\u00e5 at verken hun eller moren er typiske friluftsmennesker, og forventer et kultursjokk i m\u00f8te med det milit\u00e6re regimet. Hun gleder seg til \u00e5 se hva de kan oppn\u00e5 sammen n\u00e5r de presses til det ytterste.<\/p>\n<p>      Ikke noen friluftsmennesker<\/p>\n<p>\u2013 Mamma og jeg ler jo litt av de som frivillig er ute i naturen, bader i isvann og g\u00e5r masse fjellturer. Vi er jo ikke akkurat de typene selv, s\u00e5 vi vet jo at det florerer av utfordringer for oss der inne. Derfor blir det \u00e5 kunne st\u00e5 sammen i m\u00f8te med alt det ukjente og se hva vi faktisk er i stand til n\u00e5r det ikke finnes en annen utvei, en utfordring vi vil hive oss ut i sammen.<\/p>\n<p>Heller ikke mamma Nina Christine er en friluftsentusiast, og ble overtalt av datteren til \u00e5 delta. Hun ser p\u00e5 \u00abKompani Lauritzen\u00bb som en m\u00e5te \u00e5 overvinne sine st\u00f8rste frykter.<\/p>\n<p>\u2013 Siden vi begge har alle forutsetninger for \u00e5 mislykkes, tenkte jeg at jeg m\u00e5tte kaste meg p\u00e5 utfordringen likevel. Mest for \u00e5 bevise for meg selv og andre at jeg kan komme meg gjennom noen av de st\u00f8rste utfordringene mine \u2013 som er kulde, kaldt vann, sult og egentlig redsel for det meste. Jeg gruer meg absolutt mest til fallskjermhopp og baklengsstup. Jeg har ogs\u00e5 h\u00f8ydeskrekk og helt ekstrem klaustrofobi, s\u00e5 her er det mye som kan bli i overkant utfordrende!<\/p>\n<p>      \u2013 Full av varme og humor<\/p>\n<p>TV 2s programredakt\u00f8r, Trygve R\u00f8nningen, lover en sesong som vil treffe seerne rett i hjertet.<\/p>\n<p>\u2013 \u00abKompani Lauritzen: Tropp 4\u00bb har en ekstra dimensjon. Det at de unge voksne her m\u00e5 takle de t\u00f8ffe utfordringene sammen med en av sine foreldre, skaper en helt unik dynamikk. Det er sterkt \u00e5 se hvordan de b\u00e5de pusher og st\u00f8tter hverandre, t\u00f8r \u00e5 vise s\u00e5rbarhet og kanskje opplever at rollene byttes litt om. Og selv om rammene er ekstreme, tror vi mange vil kjenne seg igjen i samspillet som oppst\u00e5r mellom foreldre og barn. \u00c5rets sesong er full av varme, humor og overraskende \u00f8yeblikk som garantert vil ber\u00f8re seerne, sier R\u00f8nningen.<\/p>\n","protected":false},"excerpt":{"rendered":"TV2 sendte s\u00f8ndag formiddag ut en pressemelding der deltakerne til h\u00f8stens \u00abKompani Lauritzen: Tropp 4\u00bb blir presentert. Blant&hellip;\n","protected":false},"author":2,"featured_media":10388,"comment_status":"","ping_status":"","sticky":false,"template":"","format":"standard","meta":{"footnotes":""},"categories":[10],"tags":[36,20,21,24,25,15,2161,282,22,23,13,30,28,29,14,16,812,1510,26,27,1130],"class_list":{"0":"post-10387","1":"post","2":"type-post","3":"status-publish","4":"format-standard","5":"has-post-thumbnail","7":"category-norge","8":"tag-art","9":"tag-breaking-news","10":"tag-breakingnews","11":"tag-featured-news","12":"tag-featurednews","13":"tag-headlines","14":"tag-kompani-lauritzen-tropp","15":"tag-kultur-underholdning","16":"tag-latest-news","17":"tag-latestnews","18":"tag-news","19":"tag-no","20":"tag-norge","21":"tag-norway","22":"tag-nyheter","23":"tag-overskrifter","24":"tag-sarpsborg","25":"tag-story","26":"tag-top-stories","27":"tag-topstories","28":"tag-tv2"},"share_on_mastodon":{"url":"","error":""},"_links":{"self":[{"href":"https:\/\/www.europesays.com\/no\/wp-json\/wp\/v2\/posts\/10387","targetHints":{"allow":["GET"]}}],"collection":[{"href":"https:\/\/www.europesays.com\/no\/wp-json\/wp\/v2\/posts"}],"about":[{"href":"https:\/\/www.europesays.com\/no\/wp-json\/wp\/v2\/types\/post"}],"author":[{"embeddable":true,"href":"https:\/\/www.europesays.com\/no\/wp-json\/wp\/v2\/users\/2"}],"replies":[{"embeddable":true,"href":"https:\/\/www.europesays.com\/no\/wp-json\/wp\/v2\/comments?post=10387"}],"version-history":[{"count":0,"href":"https:\/\/www.europesays.com\/no\/wp-json\/wp\/v2\/posts\/10387\/revisions"}],"wp:featuredmedia":[{"embeddable":true,"href":"https:\/\/www.europesays.com\/no\/wp-json\/wp\/v2\/media\/10388"}],"wp:attachment":[{"href":"https:\/\/www.europesays.com\/no\/wp-json\/wp\/v2\/media?parent=10387"}],"wp:term":[{"taxonomy":"category","embeddable":true,"href":"https:\/\/www.europesays.com\/no\/wp-json\/wp\/v2\/categories?post=10387"},{"taxonomy":"post_tag","embeddable":true,"href":"https:\/\/www.europesays.com\/no\/wp-json\/wp\/v2\/tags?post=10387"}],"curies":[{"name":"wp","href":"https:\/\/api.w.org\/{rel}","templated":true}]}}