{"id":103873,"date":"2025-12-04T09:41:13","date_gmt":"2025-12-04T09:41:13","guid":{"rendered":"https:\/\/www.europesays.com\/no\/103873\/"},"modified":"2025-12-04T09:41:13","modified_gmt":"2025-12-04T09:41:13","slug":"jernbanetorget-t-banen-brannalarm-ingen-tog-stoppet-pa-t-banens-mest-brukte-stasjon","status":"publish","type":"post","link":"https:\/\/www.europesays.com\/no\/103873\/","title":{"rendered":"Jernbanetorget, T-banen | Brannalarm: Ingen tog stoppet p\u00e5 T-banens mest brukte stasjon"},"content":{"rendered":"\n<p>Jernbanetorget er stengt for T-banetrafikk etter en brannalarm.<\/p>\n<p>Pressevakt Gina Scholz hos Sporveien overfor NTB at passasjerer ikke kunne stige p\u00e5 eller av p\u00e5 <a href=\"https:\/\/www.ao.no\/t-banekartet-viser-et-tydelig-ost-vest-skille-det-betyr-ikke-at-de-pa-vestkanten-kjorer-mer-bil\/s\/5-128-643174\" rel=\"Follow nofollow noopener\" target=\"_blank\">Oslos mest brukte T-banestasjon.<\/a><\/p>\n<p><b>\u2013 Brannvesenet sjekker ut en brannalarm. Det ser ikke ut til \u00e5 v\u00e6re noe, men de m\u00e5 sjekke for sikkerhets skyld, sier hun.<\/b><\/p>\n<p>\u2013 Enn s\u00e5 lenge stopper ikke T-banen p\u00e5 Jernbanetorget, s\u00e5 h\u00e5per vi at brannvesenet f\u00e5r gjort jobben slik at vi kan begynne \u00e5 kj\u00f8re igjen, sier Scholz.<\/p>\n<p><b>Klokka 08:27 opplyser hun at brannalarmen er avsluttet og T-banen g\u00e5r som normalt.<\/b><\/p>\n<p>Bane Nor opplyser at brannalarmen skal v\u00e6re utl\u00f8st bevisst p\u00e5 Oslo S.<\/p>\n<p>\u2013 En person skal ha utl\u00f8st brannalarmen. Noen har funnet det form\u00e5lstjenlig \u00e5 utl\u00f8se den. N\u00e5 er den nullstilt og alt g\u00e5r som normalt, svarer pressevakt Harry Korslund i Bane Nor.<\/p>\n<p>Han vet ikke hvorfor brannalarmen ble utl\u00f8st, men poengterer at brannalarmen skal ha v\u00e6rt relativt kortvarig.<\/p>\n<p>Brannvesenet vet heller ikke hvorfor brannalarmen skal ha blitt utl\u00f8st.<\/p>\n<p>  <a href=\"https:\/\/www.ao.no\/5-128-643174\" class=\"related-teaser has-image default-story-teaser article--c-eRUmMG article--c-eRUmMG-jKCPdD-design-default\" rel=\"nofollow noopener\" target=\"_blank\"><\/p>\n<p>    <img decoding=\"async\" loading=\"lazy\"  src=\"https:\/\/www.europesays.com\/no\/wp-content\/uploads\/2025\/12\/Design+uten+navn+-+2023-10-12T153524.838.jpg\" alt=\"\" class=\"brick-c-cFOWSL\" style=\"\"\/><\/p>\n<p>\n            Les ogs\u00e5<\/p>\n<p>              T-banekartet viser et tydelig \u00f8st-vest-skille. Det betyr ikke at de p\u00e5 vestkanten kj\u00f8rer mer bil\n        <\/p>\n<p>  <\/a><\/p>\n","protected":false},"excerpt":{"rendered":"Jernbanetorget er stengt for T-banetrafikk etter en brannalarm. Pressevakt Gina Scholz hos Sporveien overfor NTB at passasjerer ikke&hellip;\n","protected":false},"author":2,"featured_media":103874,"comment_status":"","ping_status":"","sticky":false,"template":"","format":"standard","meta":{"footnotes":""},"categories":[10],"tags":[36,20,21,24,25,15,286,22,23,13,30,28,29,14,16,288,1510,4836,26,27],"class_list":{"0":"post-103873","1":"post","2":"type-post","3":"status-publish","4":"format-standard","5":"has-post-thumbnail","7":"category-norge","8":"tag-art","9":"tag-breaking-news","10":"tag-breakingnews","11":"tag-featured-news","12":"tag-featurednews","13":"tag-headlines","14":"tag-jernbanetorget","15":"tag-latest-news","16":"tag-latestnews","17":"tag-news","18":"tag-no","19":"tag-norge","20":"tag-norway","21":"tag-nyheter","22":"tag-overskrifter","23":"tag-sporveien","24":"tag-story","25":"tag-t-banen","26":"tag-top-stories","27":"tag-topstories"},"share_on_mastodon":{"url":"https:\/\/pubeurope.com\/@no\/115660645068656281","error":""},"_links":{"self":[{"href":"https:\/\/www.europesays.com\/no\/wp-json\/wp\/v2\/posts\/103873","targetHints":{"allow":["GET"]}}],"collection":[{"href":"https:\/\/www.europesays.com\/no\/wp-json\/wp\/v2\/posts"}],"about":[{"href":"https:\/\/www.europesays.com\/no\/wp-json\/wp\/v2\/types\/post"}],"author":[{"embeddable":true,"href":"https:\/\/www.europesays.com\/no\/wp-json\/wp\/v2\/users\/2"}],"replies":[{"embeddable":true,"href":"https:\/\/www.europesays.com\/no\/wp-json\/wp\/v2\/comments?post=103873"}],"version-history":[{"count":0,"href":"https:\/\/www.europesays.com\/no\/wp-json\/wp\/v2\/posts\/103873\/revisions"}],"wp:featuredmedia":[{"embeddable":true,"href":"https:\/\/www.europesays.com\/no\/wp-json\/wp\/v2\/media\/103874"}],"wp:attachment":[{"href":"https:\/\/www.europesays.com\/no\/wp-json\/wp\/v2\/media?parent=103873"}],"wp:term":[{"taxonomy":"category","embeddable":true,"href":"https:\/\/www.europesays.com\/no\/wp-json\/wp\/v2\/categories?post=103873"},{"taxonomy":"post_tag","embeddable":true,"href":"https:\/\/www.europesays.com\/no\/wp-json\/wp\/v2\/tags?post=103873"}],"curies":[{"name":"wp","href":"https:\/\/api.w.org\/{rel}","templated":true}]}}