{"id":103875,"date":"2025-12-04T09:42:57","date_gmt":"2025-12-04T09:42:57","guid":{"rendered":"https:\/\/www.europesays.com\/no\/103875\/"},"modified":"2025-12-04T09:42:57","modified_gmt":"2025-12-04T09:42:57","slug":"odelegger-omdommet-for-byggebransjen","status":"publish","type":"post","link":"https:\/\/www.europesays.com\/no\/103875\/","title":{"rendered":"\u2013 \u00d8delegger omd\u00f8mmet for byggebransjen"},"content":{"rendered":"<p>    Trestandard AS hevder det er et h\u00f8yt tvisteniv\u00e5 i byggebransjen. NHO Byggen\u00e6ringen er uenig.<\/p>\n<p>\n        Trestandard Bygg AS er for tiden involvert i tre p\u00e5g\u00e5ende rettsprosesser, samtidig med at eierne er anmeldt for 25 tilfeller av l\u00f8nnstyveri i et annet firma de eide.<br \/>\n        Martin N\u00e6ss Kristiansen\n    <\/p>\n<p class=\"kicker t30 tertiary color_mobile_tertiary\" style=\"\">Innenriks<\/p>\n<p class=\"no_italic m-no_italic\" data-lab-italic=\"\">Dagsavisen har skrevet flere artikler om byggefirmaet Trestandard Bygg AS, blant annet tirsdagens artikkel om at de er involvert i fire p\u00e5g\u00e5ende rettsprosesser, som totalt <a href=\"https:\/\/www.dagsavisen.no\/nyheter\/byggefirma-involvert-i-flere-rettskonflikter\/10078306\" rel=\"nofollow noopener\" target=\"_blank\">handler om mer enn 50 millioner kroner<\/a>.<\/p>\n<p class=\"no_italic m-no_italic\" data-lab-italic=\"\">I saken svarer daglig leder i firmaet, Hagbarth Emil Nordberg Falster-Schj\u00f8tt:\u00a0<\/p>\n<p class=\"no_italic m-no_italic\" data-lab-italic=\"\">\u00abN\u00e5r det gjelder sakene, er det liten tvil om at bygg- og anleggsbransjen er en bransje med et generelt h\u00f8yt tvisteniv\u00e5. Dette gjelder alle akt\u00f8rer, inkludert de offentlige. At en entrepren\u00f8r har tvister med byggherre og underentrepren\u00f8r forekommer.\u00bb<\/p>\n","protected":false},"excerpt":{"rendered":"Trestandard AS hevder det er et h\u00f8yt tvisteniv\u00e5 i byggebransjen. NHO Byggen\u00e6ringen er uenig. Trestandard Bygg AS er&hellip;\n","protected":false},"author":2,"featured_media":102176,"comment_status":"","ping_status":"","sticky":false,"template":"","format":"standard","meta":{"footnotes":""},"categories":[5],"tags":[20,21,24,25,15,19,22,23,17,18,13,30,28,29,14,16,26,27],"class_list":{"0":"post-103875","1":"post","2":"type-post","3":"status-publish","4":"format-standard","5":"has-post-thumbnail","7":"category-overskrifter","8":"tag-breaking-news","9":"tag-breakingnews","10":"tag-featured-news","11":"tag-featurednews","12":"tag-headlines","13":"tag-hovedoppslag","14":"tag-latest-news","15":"tag-latestnews","16":"tag-main-news","17":"tag-mainnews","18":"tag-news","19":"tag-no","20":"tag-norge","21":"tag-norway","22":"tag-nyheter","23":"tag-overskrifter","24":"tag-top-stories","25":"tag-topstories"},"share_on_mastodon":{"url":"https:\/\/pubeurope.com\/@no\/115660652778119626","error":""},"_links":{"self":[{"href":"https:\/\/www.europesays.com\/no\/wp-json\/wp\/v2\/posts\/103875","targetHints":{"allow":["GET"]}}],"collection":[{"href":"https:\/\/www.europesays.com\/no\/wp-json\/wp\/v2\/posts"}],"about":[{"href":"https:\/\/www.europesays.com\/no\/wp-json\/wp\/v2\/types\/post"}],"author":[{"embeddable":true,"href":"https:\/\/www.europesays.com\/no\/wp-json\/wp\/v2\/users\/2"}],"replies":[{"embeddable":true,"href":"https:\/\/www.europesays.com\/no\/wp-json\/wp\/v2\/comments?post=103875"}],"version-history":[{"count":0,"href":"https:\/\/www.europesays.com\/no\/wp-json\/wp\/v2\/posts\/103875\/revisions"}],"wp:featuredmedia":[{"embeddable":true,"href":"https:\/\/www.europesays.com\/no\/wp-json\/wp\/v2\/media\/102176"}],"wp:attachment":[{"href":"https:\/\/www.europesays.com\/no\/wp-json\/wp\/v2\/media?parent=103875"}],"wp:term":[{"taxonomy":"category","embeddable":true,"href":"https:\/\/www.europesays.com\/no\/wp-json\/wp\/v2\/categories?post=103875"},{"taxonomy":"post_tag","embeddable":true,"href":"https:\/\/www.europesays.com\/no\/wp-json\/wp\/v2\/tags?post=103875"}],"curies":[{"name":"wp","href":"https:\/\/api.w.org\/{rel}","templated":true}]}}