{"id":103876,"date":"2025-12-04T09:45:11","date_gmt":"2025-12-04T09:45:11","guid":{"rendered":"https:\/\/www.europesays.com\/no\/103876\/"},"modified":"2025-12-04T09:45:11","modified_gmt":"2025-12-04T09:45:11","slug":"finner-ingen-bevis-for-at-tara-reid-ble-dopet","status":"publish","type":"post","link":"https:\/\/www.europesays.com\/no\/103876\/","title":{"rendered":"Finner ingen bevis for at Tara Reid ble dopet"},"content":{"rendered":"\n<p class=\"_lead_o9xde_2 _lead_xtcu6_50 layout-component text-serif-m layout-normal text-serif-l layout-component layout-wide layout-padded _wide_17hqh_1 layout-padded\">Skuespiller Tara Reid (50) ble fraktet ut p\u00e5 b\u00e5re fra et hotell i Chicago i slutten av november. To dager senere leverte hun politianmeldelse.<\/p>\n<p><img alt=\"Tara Reid, her p\u00e5 en prisutdeling i Los Angeles i 2023. Foto: Richard Shotwell \/ AP \/ NTB\" class=\"_image_qp4xg_65 layout-component layout-wide\" data-fullscreen- data-track-element-type=\"Article image fullscreen\" data-track-name=\"ImageFullscreen\" fetchpriority=\"high\" decoding=\"sync\" loading=\"eager\" height=\"2456\" itemprop=\"image\"  src=\"https:\/\/www.europesays.com\/no\/wp-content\/uploads\/2025\/12\/23fd821f-966f-482c-a3f2-69f1c2db4000\"  style=\"object-position:0% 0%\" width=\"3696\"\/>Tara Reid, her p\u00e5 en prisutdeling i Los Angeles i 2023. Foto: Richard Shotwell \/ AP \/ NTB<\/p>\n<ul aria-hidden=\"true\" class=\"_images_1uft6_111\">\n<li><a class=\"_link_1uft6_116\" href=\"https:\/\/www.vg.no\/forfatter\/catherine-gonsholt-ighanian\" style=\"z-index:1\" title=\"Catherine Gonsholt Ighanian\" rel=\"nofollow noopener\" target=\"_blank\"><img alt=\"Bilde av Catherine Gonsholt Ighanian\" class=\"_image_1uft6_93\" fetchpriority=\"low\" loading=\"lazy\" decoding=\"async\" itemprop=\"image\"  src=\"https:\/\/www.europesays.com\/no\/wp-content\/uploads\/2025\/12\/1764841511_746_72dca32d-ee6f-474c-a50e-72a9bb49f38a\"  width=\"480\"\/><\/a><\/li>\n<\/ul>\n<p> Oppdatert torsdag 4. desember kl. 09:56    <\/p>\n<ul class=\"_list_o9xde_3 _list_64s2r_85 _unordered_o9xde_106 text-sans-m\">\n<li class=\"_item_o9xde_30\">Tara Reid hevder \u00e5 ha blitt dopet ned p\u00e5 et hotell i Chicago.<\/li>\n<li class=\"_item_o9xde_30\">Politiet har ikke funnet bevis for noe straffbart etter \u00e5 ha unders\u00f8kt overv\u00e5kningsvideoer.<\/li>\n<li class=\"_item_o9xde_30\">Reid sier at hun var bevisstl\u00f8s i over \u00e5tte timer.<\/li>\n<li class=\"_item_o9xde_30\">Politiet fortsetter etterforskningen og venter p\u00e5 sykehusjournaler.<\/li>\n<\/ul>\n<p>Vis mer <\/p>\n<p class=\"_paragraph_o9xde_4 _paragraph_xtcu6_10 layout-component text-serif-m layout-normal text-serif-m layout-padded\">Reid hevdet nemlig at hun ble dopet ned av en fremmed p\u00e5 DoubleTree Chicago O&#8217;Hare Airport-hotellet. <\/p>\n<p class=\"_paragraph_o9xde_4 _paragraph_xtcu6_10 layout-component text-serif-m layout-normal text-serif-m layout-padded\"><a href=\"https:\/\/www.tmz.com\/2025\/11\/24\/tara-reid-drugged\/\" class=\"_link_o9xde_39\" rel=\"nofollow noopener\" target=\"_blank\">TMZ<\/a> var blant mediene som viste bilder fra hendelsen.<\/p>\n<p class=\"_paragraph_o9xde_4 _paragraph_xtcu6_10 layout-component text-serif-m layout-normal text-serif-m layout-padded\">Politiet, som har studert overv\u00e5kningsbilder fra lokalet den aktuelle kvelden, har imidlertid ikke funnet bevis for at noe straffbart har funnet sted.<\/p>\n<p class=\"_paragraph_o9xde_4 _paragraph_xtcu6_10 layout-component text-serif-m layout-normal text-serif-m layout-padded\">\u2013 Videoopptaket viser Tara Reid i hotellbaren, men ikke at det p\u00e5 noe tidspunkt er blitt tuklet med eller tilsatt noe i drinken hennes, sier en talsperson for Rosemont Public Safety Department til <a href=\"https:\/\/people.com\/tara-reid-surveillance-footage-shows-no-evidence-she-was-drugged-at-chicago-hotel-police-say-11861762\" class=\"_link_o9xde_39\" rel=\"nofollow noopener\" target=\"_blank\">People<\/a>.<\/p>\n<p>\u2013 Blackout<\/p>\n<p class=\"_paragraph_o9xde_4 _paragraph_xtcu6_10 layout-component text-serif-m layout-normal text-serif-m layout-padded\">Politiet bekrefter at en bartender dekket til drinken hennes da hun forlot baren, noe som er \u00abvanlig praksis for bartendere\u00bb.<\/p>\n<p class=\"_paragraph_o9xde_4 _paragraph_xtcu6_10 layout-component text-serif-m layout-normal text-serif-m layout-padded\">I politianmeldelsen informerte Reid om at hun bestilte et glass hvitvin i hotellbaren og m\u00f8tte en mann som presenterte seg som \u00abSean P, en sv\u00e6rt suksessfull influencer og Youtuber\u00bb. <\/p>\n<p class=\"_paragraph_o9xde_4 _paragraph_xtcu6_10 layout-component text-serif-m layout-normal text-serif-m layout-padded\">De gikk ut for \u00e5 r\u00f8yke, og da hun kom tilbake, var en serviett lagt over drinken hennes, st\u00e5r det i anmeldelsen.<\/p>\n<p class=\"_paragraph_o9xde_4 _paragraph_xtcu6_10 layout-component text-serif-m layout-normal text-serif-m layout-padded\">\u2013 Det siste jeg husker, var at jeg drakk den drinken. Det neste jeg husker, var at jeg v\u00e5knet p\u00e5 sykehuset rundt \u00e5tte timer eller mer senere uten \u00e5 vite hvor jeg var, eller noe som hadde skjedd. Jeg \u00abblacket\u00bb helt ut.<\/p>\n<p><img alt=\"Tara Reid p\u00e5 en galla i Hollywood i 2023.  Foto: KEVIN WINTER \/ AFP \/ NTB\" class=\"_image_qp4xg_65 layout-component layout-normal\" data-fullscreen- data-track-element-type=\"Article image fullscreen\" data-track-name=\"ImageFullscreen\" decoding=\"async\" loading=\"lazy\" height=\"1954\" itemprop=\"image\"  src=\"https:\/\/www.europesays.com\/no\/wp-content\/uploads\/2025\/12\/3606eb24-2f56-4cd9-b63d-3b0094f75036\"  style=\"object-position:0% 0%\" width=\"2109\"\/>Tara Reid p\u00e5 en galla i Hollywood i 2023.  Foto: KEVIN WINTER \/ AFP \/ NTB<\/p>\n<p class=\"_paragraph_o9xde_4 _paragraph_xtcu6_10 layout-component text-serif-m layout-normal text-serif-m layout-padded\">Reid fastholder at hun har v\u00e6rt utsatt for noe.<\/p>\n<p class=\"_paragraph_o9xde_4 _paragraph_xtcu6_10 layout-component text-serif-m layout-normal text-serif-m layout-padded\">\u2013 Ingen havner p\u00e5 sykehuset og er bevisstl\u00f8s i over \u00e5tte timer etter en drink, sier hun i en uttalelse til <a href=\"https:\/\/people.com\/tara-reid-surveillance-footage-shows-no-evidence-she-was-drugged-at-chicago-hotel-police-say-11861762\" class=\"_link_o9xde_39\" rel=\"nofollow noopener\" target=\"_blank\">People<\/a>.<\/p>\n<p class=\"_paragraph_o9xde_4 _paragraph_xtcu6_10 layout-component text-serif-m layout-normal text-serif-m layout-padded\">\u2013 Det er den skumleste jeg noensinne har opplevd. Jeg f\u00f8lte meg s\u00e5 hjelpel\u00f8s, sier skuespillere og legger til at hendelsen har p\u00e5f\u00f8rt henne psykisk belastning. <\/p>\n<p class=\"_paragraph_o9xde_4 _paragraph_xtcu6_10 layout-component text-serif-m layout-normal text-serif-m layout-padded\">\u2013 Jeg f\u00e5r ikke sove, det er veldig skremmende \u00e5 ikke vite hva som skjedde. Jeg tror jeg ble dopet. Noe skjedde med meg.<\/p>\n<p>Venter p\u00e5 pr\u00f8vesvar<\/p>\n<p class=\"_paragraph_o9xde_4 _paragraph_xtcu6_10 layout-component text-serif-m layout-normal text-serif-m layout-padded\">Politiet venter fortsatt p\u00e5 sykehusjournal og svar p\u00e5 pr\u00f8ver \u2013 og sier etterforskningen fortsatt p\u00e5g\u00e5r. <\/p>\n<p class=\"_paragraph_o9xde_4 _paragraph_xtcu6_10 layout-component text-serif-m layout-normal text-serif-m layout-padded\">\u2013 Inntil vi f\u00e5r resultater eller ny informasjon, vil v\u00e5re etterforskere f\u00f8lge opp eventuelle spor, sier polititalspersonen. <\/p>\n<p class=\"_paragraph_o9xde_4 _paragraph_xtcu6_10 layout-component text-serif-m layout-normal text-serif-m layout-padded\">Politiet benytter anledningen til generelt \u00e5 minne folk p\u00e5 aldri \u00e5 forlate drikken sin uten tilsyn, og oppfordrer alle som f\u00f8ler seg utrygge eller tror de har blitt dopet, til \u00e5 anmelde.<\/p>\n<p class=\"_paragraph_o9xde_4 _paragraph_xtcu6_10 layout-component text-serif-m layout-normal text-serif-m layout-padded\">Hotellet sier i en uttalelse at de straks reagerte da de oppdaget en mulig helserisiko for en gjest, og at deres sikkerhetsteam tilkalte medisinsk hjelp. <\/p>\n<p class=\"_paragraph_o9xde_4 _paragraph_xtcu6_10 layout-component text-serif-m layout-normal text-serif-m layout-padded\">\u2013 Vi tar alle p\u00e5stander som gjelder gjestenes sikkerhet sv\u00e6rt alvorlig, og vil samarbeide med myndighetene ved behov. Sikkerheten til v\u00e5re gjester og ansatte er v\u00e5r h\u00f8yeste prioritet.<\/p>\n<p class=\"_paragraph_o9xde_4 _paragraph_xtcu6_10 layout-component text-serif-m layout-normal text-serif-m layout-padded\">Reid er best kjent fra \u00abAmerican Pie\u00bb-filmene, men hun har ogs\u00e5 gjort seg bemerket i filmer som \u00abMy Boss\u2019s Daughter\u00bb og \u00abSharknado\u00bb.<\/p>\n<p class=\"_paragraph_o9xde_4 _paragraph_xtcu6_10 layout-component text-serif-m layout-normal text-serif-m layout-padded\">Hun kan skilte med over 50 roller siden debuten i 1987. Blant annet figurerte hun i \u00abThe Hungover Games\u00bb, som skulle v\u00e6re en parodi p\u00e5 og en blanding av \u00abThe Hunger Games\u00bb, \u00abThe Hangover\u00bb og flere andre filmer.<\/p>\n<p>Les ogs\u00e5<\/p>\n","protected":false},"excerpt":{"rendered":"Skuespiller Tara Reid (50) ble fraktet ut p\u00e5 b\u00e5re fra et hotell i Chicago i slutten av november.&hellip;\n","protected":false},"author":2,"featured_media":103877,"comment_status":"","ping_status":"","sticky":false,"template":"","format":"standard","meta":{"footnotes":""},"categories":[58],"tags":[71,80,30,28,29,12431,72,46],"class_list":{"0":"post-103876","1":"post","2":"type-post","3":"status-publish","4":"format-standard","5":"has-post-thumbnail","7":"category-underholdning","8":"tag-entertainment","9":"tag-hollywood","10":"tag-no","11":"tag-norge","12":"tag-norway","13":"tag-tara-reid","14":"tag-underholdning","15":"tag-vgai"},"share_on_mastodon":{"url":"https:\/\/pubeurope.com\/@no\/115660660773943871","error":""},"_links":{"self":[{"href":"https:\/\/www.europesays.com\/no\/wp-json\/wp\/v2\/posts\/103876","targetHints":{"allow":["GET"]}}],"collection":[{"href":"https:\/\/www.europesays.com\/no\/wp-json\/wp\/v2\/posts"}],"about":[{"href":"https:\/\/www.europesays.com\/no\/wp-json\/wp\/v2\/types\/post"}],"author":[{"embeddable":true,"href":"https:\/\/www.europesays.com\/no\/wp-json\/wp\/v2\/users\/2"}],"replies":[{"embeddable":true,"href":"https:\/\/www.europesays.com\/no\/wp-json\/wp\/v2\/comments?post=103876"}],"version-history":[{"count":0,"href":"https:\/\/www.europesays.com\/no\/wp-json\/wp\/v2\/posts\/103876\/revisions"}],"wp:featuredmedia":[{"embeddable":true,"href":"https:\/\/www.europesays.com\/no\/wp-json\/wp\/v2\/media\/103877"}],"wp:attachment":[{"href":"https:\/\/www.europesays.com\/no\/wp-json\/wp\/v2\/media?parent=103876"}],"wp:term":[{"taxonomy":"category","embeddable":true,"href":"https:\/\/www.europesays.com\/no\/wp-json\/wp\/v2\/categories?post=103876"},{"taxonomy":"post_tag","embeddable":true,"href":"https:\/\/www.europesays.com\/no\/wp-json\/wp\/v2\/tags?post=103876"}],"curies":[{"name":"wp","href":"https:\/\/api.w.org\/{rel}","templated":true}]}}