{"id":103878,"date":"2025-12-04T09:48:09","date_gmt":"2025-12-04T09:48:09","guid":{"rendered":"https:\/\/www.europesays.com\/no\/103878\/"},"modified":"2025-12-04T09:48:09","modified_gmt":"2025-12-04T09:48:09","slug":"om-ikke-skandalen-feller-zelenskyj-gjor-fredsavtalen-det","status":"publish","type":"post","link":"https:\/\/www.europesays.com\/no\/103878\/","title":{"rendered":"Om ikke skandalen feller Zelenskyj, gj\u00f8r fredsavtalen det"},"content":{"rendered":"<p><strong>Den ukrainske presidenten har hatt en turbulent uke etter at stabssjefen ble tvunget til \u00e5 g\u00e5. N\u00e5 spekuleres det i om Volodymyr Zelenskyj vil g\u00e5 samme vei \u2013 kastet f\u00f8r freden er sikret, skriver den britiske avisen <a href=\"https:\/\/www.telegraph.co.uk\/news\/2025\/12\/03\/will-volodymyr-zelensky-survive-the-peace-talks\/\" rel=\"nofollow noopener\" target=\"_blank\">The Telegraph<\/a>.<\/strong><\/p>\n<p>Det har v\u00e6rt en r\u00f8ff uke for president Volodymyr Zelenskyj. I l\u00f8pet av de siste syv dagene har han mistet sin stabssjef, russerne hevder \u00e5 ha tatt den strategiske byen Pokrovsk, og amerikanerne har trappet opp kravene om at han m\u00e5 gj\u00f8re ydmykende territorielle innr\u00f8mmelser for \u00e5 kj\u00f8pe fred.<\/p>\n<p>P\u00e5 tirsdag morgen blokkerte opposisjons-MPs i Ukrainas parlament talerstolen for \u00e5 stoppe Zelenskyjs foresl\u00e5tte budsjett og krevde at regjeringen g\u00e5r av.<\/p>\n<p>Det skriver den britiske avisen The Telegraph i en analyse av Zelenskyjs politiske situasjon.<\/p>\n<p><strong>Korrupsjonsskandalen<\/strong><\/p>\n<p>Den 100 millioner dollar-kickback-ordningen ved Ukrenergo som felte Yermak (som benekter ugjerning) har skadet Zelenskyjs posisjon hjemme og blitt utnyttet av Russland for propagandaform\u00e5l.<\/p>\n<p>Men det mest \u00e5penbare slaget vil ha v\u00e6rt mot Zelenskyjs autoritet. Yermak, en gammel venn av Zelenskyj fra presidentens dager i showbransjen, hentet sin makt fra Zelenskyjs egen. Hans fall er sjokkerende bevis p\u00e5 at den ukrainske lederen selv ikke er ukrenkelig, skriver avisen.<\/p>\n<p>At selv Zelenskyjs egne partimedlemmer krevde og fikk Yermaks avgang, viser at den politiske v\u00e5penhvilen siden 2022 er brudt. Tirsdag blokkerte opposisjonsleder Porosjenko parlamentets talerstol \u2013 en retur til fredstids Ukrainas kaotiske politikk.<\/p>\n<p><strong>Bare en fjerdedel vil ha ham etter krigen<\/strong><\/p>\n<p>De nyeste tilgjengelige meningsm\u00e5lingene, publisert i oktober, viser at bare en fjerdedel mener han b\u00f8r forbli ved makten etter at krigen er slutt. Kanskje i erkjennelse av dette har Zelenskyj selv sagt at han ikke vil s\u00f8ke gjenvalg etter krigen.<\/p>\n<p>Upubliserte interne meningsm\u00e5linger antyder if\u00f8lge The Telegraph at folkelig tillit til ham ogs\u00e5 har falt dramatisk i kj\u00f8lvannet av korrupsjonsskandalen.<\/p>\n<p>\u2013 Ingen gr\u00e5ter over det, bortsett fra kanskje Yermak, sier Solomiia Bobrovska, en MP fra opposisjonspartiet Holos, til avisen.<\/p>\n<p>Som mange ukrainske MPs f\u00f8ler hun at Yermak bygde en maskin for \u00e5 omg\u00e5 og n\u00f8ytralisere parlamentet.<\/p>\n<p><strong>Den virkelige faren<\/strong><\/p>\n<p>Den virkelige faren for Zelenskyj, sier Fesenko til The Telegraph, vil komme hvis anti-korrupsjonsetterforskere avdekker bevis som impliserer ham direkte i Ukrenergo-korrupsjonsskandalen ogs\u00e5.<\/p>\n<p>Det er ingen antydning om at Zelenskyj selv er implisert p\u00e5 noen slik m\u00e5te. Men likevel blir det gitt realistisk vurdering til hvem som kan komme neste. Og hvis president Donald Trump kan megle frem en fredsavtale, kan sp\u00f8rsm\u00e5let bli avgjort f\u00f8r enn senere.<\/p>\n<p>Offentlig er den ukrainske lederen uimottakelig for kritikk. Men bak kulissene blir Zelenskyjs skjebne bestemt. Vil han fortsette som krigsleder, eller vil hans statsministerskap bli avsluttet selv f\u00f8r freden bryter ut.<\/p>\n","protected":false},"excerpt":{"rendered":"Den ukrainske presidenten har hatt en turbulent uke etter at stabssjefen ble tvunget til \u00e5 g\u00e5. N\u00e5 spekuleres&hellip;\n","protected":false},"author":2,"featured_media":103879,"comment_status":"","ping_status":"","sticky":false,"template":"","format":"standard","meta":{"footnotes":""},"categories":[12],"tags":[20,21,24,25,12629,15,2109,179,22,23,13,30,28,29,14,16,26,27,42,43,44,45,6495],"class_list":{"0":"post-103878","1":"post","2":"type-post","3":"status-publish","4":"format-standard","5":"has-post-thumbnail","7":"category-verden","8":"tag-breaking-news","9":"tag-breakingnews","10":"tag-featured-news","11":"tag-featurednews","12":"tag-fredsavtale","13":"tag-headlines","14":"tag-korrupsjon","15":"tag-krigen-i-ukraina","16":"tag-latest-news","17":"tag-latestnews","18":"tag-news","19":"tag-no","20":"tag-norge","21":"tag-norway","22":"tag-nyheter","23":"tag-overskrifter","24":"tag-top-stories","25":"tag-topstories","26":"tag-verden","27":"tag-world","28":"tag-world-news","29":"tag-worldnews","30":"tag-zelenskyj"},"share_on_mastodon":{"url":"https:\/\/pubeurope.com\/@no\/115660672528540920","error":""},"_links":{"self":[{"href":"https:\/\/www.europesays.com\/no\/wp-json\/wp\/v2\/posts\/103878","targetHints":{"allow":["GET"]}}],"collection":[{"href":"https:\/\/www.europesays.com\/no\/wp-json\/wp\/v2\/posts"}],"about":[{"href":"https:\/\/www.europesays.com\/no\/wp-json\/wp\/v2\/types\/post"}],"author":[{"embeddable":true,"href":"https:\/\/www.europesays.com\/no\/wp-json\/wp\/v2\/users\/2"}],"replies":[{"embeddable":true,"href":"https:\/\/www.europesays.com\/no\/wp-json\/wp\/v2\/comments?post=103878"}],"version-history":[{"count":0,"href":"https:\/\/www.europesays.com\/no\/wp-json\/wp\/v2\/posts\/103878\/revisions"}],"wp:featuredmedia":[{"embeddable":true,"href":"https:\/\/www.europesays.com\/no\/wp-json\/wp\/v2\/media\/103879"}],"wp:attachment":[{"href":"https:\/\/www.europesays.com\/no\/wp-json\/wp\/v2\/media?parent=103878"}],"wp:term":[{"taxonomy":"category","embeddable":true,"href":"https:\/\/www.europesays.com\/no\/wp-json\/wp\/v2\/categories?post=103878"},{"taxonomy":"post_tag","embeddable":true,"href":"https:\/\/www.europesays.com\/no\/wp-json\/wp\/v2\/tags?post=103878"}],"curies":[{"name":"wp","href":"https:\/\/api.w.org\/{rel}","templated":true}]}}