{"id":103888,"date":"2025-12-04T09:56:11","date_gmt":"2025-12-04T09:56:11","guid":{"rendered":"https:\/\/www.europesays.com\/no\/103888\/"},"modified":"2025-12-04T09:56:11","modified_gmt":"2025-12-04T09:56:11","slug":"mange-klimaforskere-tror-noen-kommer-til-a-prove-a-dempe-stralingen-fra-sola","status":"publish","type":"post","link":"https:\/\/www.europesays.com\/no\/103888\/","title":{"rendered":"Mange klimaforskere tror noen kommer til \u00e5 pr\u00f8ve \u00e5 dempe str\u00e5lingen fra sola"},"content":{"rendered":"<p>    En sp\u00f8rreunders\u00f8kelse blant klimaforskere viser at et flertall frykter at enkeltland eller milliard\u00e6rer vil ta klimasaken i egne hender.\u00a0<\/p>\n<p>\n        Solen, sett av Solar Orbiter-satellitten.<br \/>\n        (Foto: ESA &amp; NASA\/Solar Orbiter\/EUI team; Data processing: E. Kraaikamp (ROB)\n    <\/p>\n<p>Det kalles geoengineering eller geofiksing. Det er ideen om \u00e5 gj\u00f8re noe med for eksempel atmosf\u00e6ren for \u00e5 motvirke effektene av global oppvarming.\u00a0<\/p>\n<p>For eksempel \u00e5 reflektere mer sollys tilbake ut i rommet.\u00a0<\/p>\n<p>Og mange klimaforskere tror det kommer til \u00e5 bli brukt en gang l\u00f8pet av ti\u00e5rene fram mot 2100, if\u00f8lge en <a href=\"https:\/\/www.newscientist.com\/article\/2498137-exclusive-climate-scientists-expect-attempts-to-dim-the-sun-by-2100\/\" rel=\"nofollow noopener\" target=\"_blank\">sp\u00f8rreunders\u00f8kelse gjort av magasinet New Scientist.\u00a0<\/a><\/p>\n<p>Magasinet har spurt rundt 800 klimaforskere som har bidratt til IPCC-rapporter flere sp\u00f8rsm\u00e5l om bruken av geofiksing \u2013 og spesifikt om \u00e5 stoppe en del av solens oppvarming av atmosf\u00e6ren.\u00a0<\/p>\n<p>Nesten 70 prosent av de spurte forskerne tror at enten enkeltgrupper eller land kommer til \u00e5 settes i gang storskala-fors\u00f8k p\u00e5 s\u00e5kalt solar radiation modification (SRM) i l\u00f8pet av dette \u00e5rhundret.\u00a0<\/p>\n<p>Alts\u00e5 \u00e5 gj\u00f8re sola m\u00f8rkere for noen her p\u00e5 jorda.\u00a0<\/p>\n<p>\u2013 Det illustrerer hva veldig mange klimaforskere tenker, at det b\u00e5de er noe som kan v\u00e6re aktuelt og at det er veldig problemfylt, sier Gunnar Myhre til forskning.no.\u00a0<\/p>\n<p>Han er klimaforsker og forskningsleder ved CICERO-senter for klimaforskning.\u00a0<\/p>\n<p>                <img decoding=\"async\" src=\"https:\/\/www.europesays.com\/no\/wp-content\/uploads\/2025\/12\/2584074.webp\" width=\"480\" height=\"360\" title=\"Skyer til besv\u00e6r. Kommer vi til \u00e5 se storskala-modifisering av skyer i atmosf\u00e6ren?\" alt=\"\" loading=\"lazy\" style=\"\"\/><\/p>\n<p>\n            Skyer til besv\u00e6r. Kommer vi til \u00e5 se storskala-modifisering av skyer i atmosf\u00e6ren?<br \/>\n            (Illustrasjonsfoto: SmartfonWITHmeALWAYS\/Shutterstock, NTB)\n        <\/p>\n<p>Modifisere skyer<\/p>\n<p>De mest aktuelle ideene g\u00e5r ut p\u00e5 \u00e5 modifisere skyer slik at de reflekterer mer sollys og dermed sender energi ut i rommet igjen.\u00a0<\/p>\n<p>Men det er mye forskerne ikke vet om dette, og mange peker p\u00e5 at det kan ha farlige konsekvenser.\u00a0<\/p>\n<p>\u2013 Risikoen for ukjente konsekvenser, politisk misbruk eller plutselig avslutning er sv\u00e6rt store, sier In\u00e9s Camilloni, klimaforsker ved Universitetet i Buenos Aires til New Scientist.\u00a0<\/p>\n<p>                <img decoding=\"async\" src=\"https:\/\/www.europesays.com\/no\/wp-content\/uploads\/2025\/12\/2584076.webp\" width=\"480\" height=\"322\" title=\"Enorme tordenskyer over Borneo - sett fra romstasjonen ISS.\" alt=\"\" loading=\"lazy\" style=\"\"\/><\/p>\n<p>\n            Enorme tordenskyer over Borneo &#8211; sett fra romstasjonen ISS.<br \/>\n            (ILLUSTRASJONSFOTO: NASA)\n        <\/p>\n<p>En av metodene for \u00e5 modifisere skyer er \u00e5 spr\u00f8yte massevis av sm\u00e5 partikler opp i atmosf\u00e6ren med fly. Dette kalles stratospheric aerosol injection.\u00a0<\/p>\n<p>\u2013 Dette tilsvarer kraftige vulkaner, sier Gunnar Myhre til forskning.no.\u00a0<\/p>\n<p>Vulkaner har tidligere hatt store effekter p\u00e5 jordas klima, for eksempel gikk hele verdens temperatur ned med en grad etter kjempeutbruddet fra Pinatubo i 1991, <a href=\"https:\/\/earthobservatory.nasa.gov\/images\/1510\/global-effects-of-mount-pinatubo\" rel=\"nofollow noopener\" target=\"_blank\">if\u00f8lge NASA.<\/a><\/p>\n<p>En annen teknologi er s\u00e5kalt marine cloud brightening\u00a0\u2013 alts\u00e5 \u00e5 gj\u00f8re skyer over havet lysere for \u00e5 f\u00e5 dem til \u00e5 reflektere mer lys. Dette kan ogs\u00e5 gj\u00f8res med partikler.\u00a0<\/p>\n<p>Disse og flere andre teknikker er i startfasen og er et kontroversielt felt, if\u00f8lge New Scientist. I lang tid har disse ideene blitt sett p\u00e5 som noe ekstremt og kanskje for kontroversielt til \u00e5 teste ut, <a href=\"https:\/\/theconversation.com\/plans-to-cool-the-earth-by-blocking-sunlight-are-gaining-momentum-but-critical-voices-risk-being-excluded-236882\" rel=\"nofollow noopener\" target=\"_blank\">if\u00f8lge en forskergruppe som skriver i The Conversation.\u00a0<\/a><\/p>\n<p>\u2013 Kan v\u00e6re en sovepute<\/p>\n<p>Gunnar Myhre mener det er mange faktorer som gj\u00f8r det problematisk.\u00a0<\/p>\n<p>\u2013 Det kan v\u00e6re en sovepute.\u00a0<\/p>\n<p>Hvis dette er initiativ som settes i gang i stor skala, s\u00e5 kan folk f\u00e5 ideen om at det ikke s\u00e5 farlig \u00e5 kutte drivhusgassutslipp, sier Myhre.\u00a0<\/p>\n<p>Han peker ogs\u00e5 p\u00e5 at man m\u00e5 fortsette \u00e5 fylle p\u00e5 med slike partikler, fordi de har kort levetid i atmosf\u00e6ren. Klimagasser har mye lengre levetid.\u00a0<\/p>\n<p>Hvis slike teknikker avsluttes, kan ogs\u00e5 oppvarmingen skyte fart, slik at den \u00abmaskerende effekten forsvinner\u00bb som Myhre sier.\u00a0<\/p>\n<p>Flere forskningsinitiativer er i gang for \u00e5 unders\u00f8ke slike teknikker. Blant annet er det gitt 57 millioner pund til flere prosjekter i Storbritannia, if\u00f8lge <a href=\"https:\/\/theconversation.com\/five-geoengineering-trials-the-uk-is-funding-to-combat-global-warming-256515\" rel=\"nofollow noopener\" target=\"_blank\">forskeren Robert Chris i The Conversation.\u00a0<\/a><\/p>\n<p>Magasinet New Scientist har snakket med Andy Parker, som leder Degrees Initiative i Storbritannia. Det er en non-profit-organisasjon som finansierer sol-geofiksing-prosjekter.\u00a0<\/p>\n<p>Han mener at resultatene i unders\u00f8kelsen viser en fornuftig tiln\u00e6rming, og at folk er p\u00e5 vei til \u00e5 bli mer positive til behovet for SRM-forskning.\u00a0<\/p>\n<p>Politisk tr\u00f8bbel<\/p>\n<p>I unders\u00f8kelsen kommer det fram at over halvparten av klimaforskerne tror at dette kan komme til \u00e5 bli satt i gang av en uavhengig akt\u00f8r som et selskap, en milliard\u00e6r eller enkeltland.\u00a0<\/p>\n<p>\u2013 Det kan skape konflikter, sier Myhre.\u00a0<\/p>\n<p>\u2013 Slike teknologier kan skape regionale endringer i nedb\u00f8rsm\u00f8nster og kan for eksempel f\u00f8re til t\u00f8rke andre steder.\u00a0<\/p>\n<p>Myhre understreker at han er skeptisk til disse teknologiene, men han tror ogs\u00e5 det kan komme til \u00e5 bli brukt.<\/p>\n<p>\u2013 Jeg frykter at det kommer til \u00e5 bli brukt, men den beste m\u00e5ten \u00e5 unng\u00e5 det er en rask reduksjon av drivhusgassutslipp.\u00a0<\/p>\n<p>Han sier at om utslippene \u00f8ker i ti\u00e5ret framover, s\u00e5 er det st\u00f8rre sjanse for at noen vil bruke denne teknologien.<\/p>\n<p>Mange av klimaforskerne mener ogs\u00e5 at det b\u00f8r forskes mer p\u00e5 hvordan geofiksing egentlig fungerer. Rundt en tredjedel av de spurte forskerne st\u00f8tter slik forskning mer enn f\u00f8r, og nesten halvparten st\u00f8tter utend\u00f8rs fors\u00f8k i liten skala for \u00e5 forst\u00e5 konsekvenser og risiko ved metodene.<\/p>\n<p>\u2013 \u00c5 l\u00e6re hvordan skyer p\u00e5virkes av sm\u00e5 partikler er viktig ogs\u00e5 fordi vi l\u00e6rer mer om den totale klimaeffekten fra slike partikler, sier Myhre.\u00a0<\/p>\n<p>            Ledige stillinger<\/p>\n<p class=\"ingress align-center mobile_text_align_align-center\"><a href=\"https:\/\/stilling.forskning.no\/\" target=\"_blank\" class=\"dacBtn bg-btn-color\" rel=\"nofollow noopener\">Vis alle ledige stillinger<\/a><\/p>\n","protected":false},"excerpt":{"rendered":"En sp\u00f8rreunders\u00f8kelse blant klimaforskere viser at et flertall frykter at enkeltland eller milliard\u00e6rer vil ta klimasaken i egne&hellip;\n","protected":false},"author":2,"featured_media":103889,"comment_status":"","ping_status":"","sticky":false,"template":"","format":"standard","meta":{"footnotes":""},"categories":[12],"tags":[20,21,24,25,15,22,23,13,30,28,29,14,16,26,27,42,43,44,45],"class_list":{"0":"post-103888","1":"post","2":"type-post","3":"status-publish","4":"format-standard","5":"has-post-thumbnail","7":"category-verden","8":"tag-breaking-news","9":"tag-breakingnews","10":"tag-featured-news","11":"tag-featurednews","12":"tag-headlines","13":"tag-latest-news","14":"tag-latestnews","15":"tag-news","16":"tag-no","17":"tag-norge","18":"tag-norway","19":"tag-nyheter","20":"tag-overskrifter","21":"tag-top-stories","22":"tag-topstories","23":"tag-verden","24":"tag-world","25":"tag-world-news","26":"tag-worldnews"},"share_on_mastodon":{"url":"https:\/\/pubeurope.com\/@no\/115660704199031946","error":""},"_links":{"self":[{"href":"https:\/\/www.europesays.com\/no\/wp-json\/wp\/v2\/posts\/103888","targetHints":{"allow":["GET"]}}],"collection":[{"href":"https:\/\/www.europesays.com\/no\/wp-json\/wp\/v2\/posts"}],"about":[{"href":"https:\/\/www.europesays.com\/no\/wp-json\/wp\/v2\/types\/post"}],"author":[{"embeddable":true,"href":"https:\/\/www.europesays.com\/no\/wp-json\/wp\/v2\/users\/2"}],"replies":[{"embeddable":true,"href":"https:\/\/www.europesays.com\/no\/wp-json\/wp\/v2\/comments?post=103888"}],"version-history":[{"count":0,"href":"https:\/\/www.europesays.com\/no\/wp-json\/wp\/v2\/posts\/103888\/revisions"}],"wp:featuredmedia":[{"embeddable":true,"href":"https:\/\/www.europesays.com\/no\/wp-json\/wp\/v2\/media\/103889"}],"wp:attachment":[{"href":"https:\/\/www.europesays.com\/no\/wp-json\/wp\/v2\/media?parent=103888"}],"wp:term":[{"taxonomy":"category","embeddable":true,"href":"https:\/\/www.europesays.com\/no\/wp-json\/wp\/v2\/categories?post=103888"},{"taxonomy":"post_tag","embeddable":true,"href":"https:\/\/www.europesays.com\/no\/wp-json\/wp\/v2\/tags?post=103888"}],"curies":[{"name":"wp","href":"https:\/\/api.w.org\/{rel}","templated":true}]}}