{"id":103890,"date":"2025-12-04T09:57:11","date_gmt":"2025-12-04T09:57:11","guid":{"rendered":"https:\/\/www.europesays.com\/no\/103890\/"},"modified":"2025-12-04T09:57:11","modified_gmt":"2025-12-04T09:57:11","slug":"derfor-kan-du-se-en-rekke-av-politiets-store-innsatsbiler-torsdag","status":"publish","type":"post","link":"https:\/\/www.europesays.com\/no\/103890\/","title":{"rendered":"Derfor kan du se en rekke av politiets store innsatsbiler torsdag"},"content":{"rendered":"\n<p>Det vil v\u00e6re mye synlig politi i sentrum torsdag, opplyser operasjonsleder Rune Hekkelstrand. <\/p>\n<p>Det er forbindelse med trening av s\u00e5kalt MIK (Mobiltaktisk innsatskonsept), som er de st\u00f8rre bilene du ser under blant annet demonstrasjoner.<\/p>\n<p>Politiet har trent med disse flere dager de siste to ukene \u2013 seneste <a href=\"https:\/\/www.ao.no\/politiet-stenger-sentral-gate-varsler-om-mye-royk-og-stoy\/s\/5-128-1207841\" title=\"\" rel=\"nofollow noopener\" target=\"_blank\">onsdag denne uken.<\/a><\/p>\n<p>\u2013 Det kan bli benyttet pyrotekniske virkemidler og st\u00f8ykilder. Dette er \u00e5rlige \u00f8velse for mannskapene, skrev operasjonsleder Roy Langengen onsdag.<\/p>\n<p>I tillegg vil trafikkorpset \u00f8ve p\u00e5 kortesjekj\u00f8ring i sentrum.<\/p>\n<p>   <img decoding=\"async\" width=\"1200\" height=\"899\" fetchpriority=\"low\"  loading=\"lazy\"  src=\"https:\/\/www.europesays.com\/no\/wp-content\/uploads\/2025\/12\/1f2e36ae-59a3-4269-8031-0ca98f58d243\" alt=\"\" class=\"brick-c-cFOWSL\" style=\"--brick-image-ratio: 1200 \/ 899;\"\/><\/p>\n<p>      Fra Majorstuen tidligere denne uken.<br \/>\n      Foto: Silje Lien Sveen \/ Avisa Oslo\n    <\/p>\n","protected":false},"excerpt":{"rendered":"Det vil v\u00e6re mye synlig politi i sentrum torsdag, opplyser operasjonsleder Rune Hekkelstrand. Det er forbindelse med trening&hellip;\n","protected":false},"author":2,"featured_media":103891,"comment_status":"","ping_status":"","sticky":false,"template":"","format":"standard","meta":{"footnotes":""},"categories":[10],"tags":[36,20,21,24,25,15,22,23,13,30,28,29,14,16,1510,26,27],"class_list":{"0":"post-103890","1":"post","2":"type-post","3":"status-publish","4":"format-standard","5":"has-post-thumbnail","7":"category-norge","8":"tag-art","9":"tag-breaking-news","10":"tag-breakingnews","11":"tag-featured-news","12":"tag-featurednews","13":"tag-headlines","14":"tag-latest-news","15":"tag-latestnews","16":"tag-news","17":"tag-no","18":"tag-norge","19":"tag-norway","20":"tag-nyheter","21":"tag-overskrifter","22":"tag-story","23":"tag-top-stories","24":"tag-topstories"},"share_on_mastodon":{"url":"https:\/\/pubeurope.com\/@no\/115660707904105012","error":""},"_links":{"self":[{"href":"https:\/\/www.europesays.com\/no\/wp-json\/wp\/v2\/posts\/103890","targetHints":{"allow":["GET"]}}],"collection":[{"href":"https:\/\/www.europesays.com\/no\/wp-json\/wp\/v2\/posts"}],"about":[{"href":"https:\/\/www.europesays.com\/no\/wp-json\/wp\/v2\/types\/post"}],"author":[{"embeddable":true,"href":"https:\/\/www.europesays.com\/no\/wp-json\/wp\/v2\/users\/2"}],"replies":[{"embeddable":true,"href":"https:\/\/www.europesays.com\/no\/wp-json\/wp\/v2\/comments?post=103890"}],"version-history":[{"count":0,"href":"https:\/\/www.europesays.com\/no\/wp-json\/wp\/v2\/posts\/103890\/revisions"}],"wp:featuredmedia":[{"embeddable":true,"href":"https:\/\/www.europesays.com\/no\/wp-json\/wp\/v2\/media\/103891"}],"wp:attachment":[{"href":"https:\/\/www.europesays.com\/no\/wp-json\/wp\/v2\/media?parent=103890"}],"wp:term":[{"taxonomy":"category","embeddable":true,"href":"https:\/\/www.europesays.com\/no\/wp-json\/wp\/v2\/categories?post=103890"},{"taxonomy":"post_tag","embeddable":true,"href":"https:\/\/www.europesays.com\/no\/wp-json\/wp\/v2\/tags?post=103890"}],"curies":[{"name":"wp","href":"https:\/\/api.w.org\/{rel}","templated":true}]}}