{"id":103894,"date":"2025-12-04T10:03:23","date_gmt":"2025-12-04T10:03:23","guid":{"rendered":"https:\/\/www.europesays.com\/no\/103894\/"},"modified":"2025-12-04T10:03:23","modified_gmt":"2025-12-04T10:03:23","slug":"nve-venter-ny-kraftboom-e24","status":"publish","type":"post","link":"https:\/\/www.europesays.com\/no\/103894\/","title":{"rendered":"NVE venter ny kraftboom \u2013 E24"},"content":{"rendered":"<p class=\"fullWidthDesktop hyperion-css-71ztg2\" data-test-tag=\"lead-text\">Etter \u00e5r med f\u00e5 konsesjoner er det mange kraftplaner p\u00e5 gang. \u2013 Snakker om \u00f8kning p\u00e5 kanskje 10-15 prosent i l\u00f8pet av f\u00e5 \u00e5r, sier NVE-sjef Kjetil Lund.<\/p>\n<p><img decoding=\"async\" class=\"image-asset hyperion-css-u06ts1\" data-test-tag=\"image-asset\" src=\"https:\/\/www.europesays.com\/no\/wp-content\/uploads\/2025\/12\/38b500f0-9545-420e-a6b2-e45906ab2e0f\"  alt=\"Dette er vindturbiner p\u00e5 Fr\u00f8ya i Tr\u00f8ndelag.\"  loading=\"eager\" fetchpriority=\"high\" style=\"aspect-ratio:1900 \/ 1267\"\/>Dette er vindturbiner p\u00e5 Fr\u00f8ya i Tr\u00f8ndelag. Foto: Ole Martin WoldPublisert: Publisert: <\/p>\n<p>For mindre enn 3 timer siden<\/p>\n<p>Kortversjonen<\/p>\n<ul class=\"hyperion-css-pkq1ci\" data-test-tag=\"list\">\n<li class=\"hyperion-css-12h2ush\">NVE forventer betydelig kraftutbygging i Norge, inkludert vind-, sol- og vannkraft, etter noen \u00e5r hvor det har blitt gitt f\u00e5 konsesjoner til ny kraft.<\/li>\n<li class=\"hyperion-css-12h2ush\">NVE-sjef Kjetil Lund utelukker ikke en \u00f8kning p\u00e5 10-15 prosent i den installerte kapasiteten i kraftsystemet i l\u00f8pet av f\u00e5 \u00e5r.<\/li>\n<li class=\"hyperion-css-12h2ush\">Ekspertmilj\u00f8er og flere politiske partier har etterlyst \u00f8kt utbygging av kraft og nett for \u00e5 oppfylle klimam\u00e5l og sikre industriens behov, og n\u00e5 ser det ut til at det l\u00f8sner, mener NVE-sjefen.<\/li>\n<li class=\"hyperion-css-12h2ush\">NVE forventer at det blir kontroverser rundt naturinngrep, men Lund lover skikkelige prosesser der ogs\u00e5 lokalbefolkningens og reindriftens syns skal h\u00f8res.<\/li>\n<\/ul>\n<p class=\"hyperion-css-10lbhat\">Oppsummeringen er laget av AI-verkt\u00f8yet ChatGPT og kvalitetssikret av E24s journalister<\/p>\n<p>Vis mer <\/p>\n<ul class=\"hyperion-css-pte5x0\">\n<li aria-label=\"link\" class=\"narrow-button hyperion-css-1sz7d3n\">Kopier lenke<\/li>\n<li aria-label=\"link\" class=\"wide-button hyperion-css-1sz7d3n\">Kopier lenke<\/li>\n<li aria-label=\"facebook\" class=\"narrow-button hyperion-css-1sz7d3n\">Del p\u00e5 Facebook<\/li>\n<li aria-label=\"facebook\" class=\"wide-button hyperion-css-1sz7d3n\">Del p\u00e5 Facebook<\/li>\n<li aria-label=\"email\" class=\"narrow-button hyperion-css-1sz7d3n\">Del med e-post<\/li>\n<li aria-label=\"email\" class=\"wide-button hyperion-css-1sz7d3n\">Del med e-post<\/li>\n<\/ul>\n<p class=\"hyperion-css-1lemvax\">Flere akt\u00f8rer s\u00f8ker n\u00e5 konsesjon for \u00e5 bygge ut ny kraftproduksjon, viser ferske tall som Norges vassdrags- og energidirektorat (NVE) legger frem torsdag.<\/p>\n<p class=\"hyperion-css-1lemvax\"><strong>\u2013 Vi st\u00e5r n\u00e5 foran et nytt kapittel i norsk kraftutbygging, sier NVE-sjef Kjetil Lund til E24.<\/strong><\/p>\n<p class=\"hyperion-css-1lemvax\"><strong>\u2013 Det ligger an til en rekke nye, store utbygginger de neste \u00e5rene, etter flere \u00e5r med <\/strong><a data-test-tag=\"internal-link\" href=\"https:\/\/e24.no\/energi-og-klima\/i\/pPbOyX\/ville-sikre-billig-stroem-skuffet\" class=\"hyperion-css-1rezu2g\" rel=\"nofollow noopener\" target=\"\"><strong>f\u00e5 saker og lite utbygging<\/strong><\/a><strong>. Dette gjelder b\u00e5de vindkraft, solkraft og vannkraft, og ikke minst nett, sier han.<\/strong><\/p>\n<p class=\"hyperion-css-1lemvax\">NVE har bare i \u00e5r f\u00e5tt inn flere store <a data-test-tag=\"internal-link\" href=\"https:\/\/e24.no\/energi-og-klima\/i\/wgjo65\/vil-oppgradere-for-milliarder-viktig-for-kraftsystemet\" class=\"hyperion-css-1rezu2g\" rel=\"nofollow noopener\" target=\"\" aria-label=\"vannkraftsaker\">vannkraftsaker<\/a> enn det de til sammen har f\u00e5tt over flere ti\u00e5r, if\u00f8lge Lund. I tillegg <a data-test-tag=\"internal-link\" href=\"https:\/\/e24.no\/energi-og-klima\/i\/eM4PO4\/foerste-paa-ti-aar-helt-klart-kraft-norge-trenger\" class=\"hyperion-css-1rezu2g\" rel=\"nofollow noopener\" target=\"\" aria-label=\"s\u00f8ker flere om vindkraft\">s\u00f8ker flere om vindkraft<\/a> etter en tidligere stans i saksbehandlingen, og det s\u00f8kes om solkraft.<\/p>\n<p class=\"hyperion-css-1lemvax\">Summen kan bli en betydelig \u00f8kt kapasitet i kraftbransjen, mener Lund.<\/p>\n<p class=\"hyperion-css-1lemvax\">\u2013 Vi snakker om en \u00f8kning i installert kapasitet i det norske kraftsystemet p\u00e5 kanskje 10-15 prosent i l\u00f8pet av f\u00e5 \u00e5r. Det er mye, i en sektor som har v\u00e6rt bygget opp over mer enn 100 \u00e5r, sier han.<\/p>\n<p class=\"hyperion-css-1lemvax\">\u2013 S\u00e5 er det sikkert flere av disse prosjektene som ikke blir noe av, enten fordi de <a data-test-tag=\"internal-link\" href=\"https:\/\/e24.no\/energi-og-klima\/i\/QMpoEJ\/nve-avslaar-omstridt-vindprosjekt-ikke-en-vanskelig-beslutning\" class=\"hyperion-css-1rezu2g\" rel=\"nofollow noopener\" target=\"\" aria-label=\"ikke f\u00e5r konsesjon p\u00e5 grunn av store naturinngrep\">ikke f\u00e5r konsesjon p\u00e5 grunn av store naturinngrep<\/a>, eller fordi de ikke er l\u00f8nnsomme. Men det peker likevel mot store investeringer i \u00e5rene framover.<\/p>\n<p><img decoding=\"async\" class=\"image-asset hyperion-css-1fbxvny\" data-test-tag=\"image-asset\" src=\"https:\/\/www.europesays.com\/no\/wp-content\/uploads\/2025\/12\/ef26233c-b481-4376-8167-0f3be441efe2\"  alt=\"NVE-sjef Kjetil Lund.\"  loading=\"eager\" fetchpriority=\"high\" style=\"aspect-ratio:1900 \/ 1325\"\/>NVE-sjef Kjetil Lund. Foto: Frode Hansen \/ VG<a data-test-tag=\"teaser-small:link-internal\" href=\"https:\/\/e24.no\/energi-og-klima\/i\/bm7n3g\/stroemsparing-kan-kreve-410-mrd-syns-ikke-det-er-avskrekkende-dyrt\" class=\"imagePosition-top inline hyperion-css-6238vu\" rel=\"nofollow noopener\" target=\"\" aria-label=\"Str\u00f8msparing kan kreve 410 mrd.: \u2013 Syns ikke det er avskrekkende dyrt\"><\/p>\n<p>Les ogs\u00e5<\/p>\n<p>Str\u00f8msparing kan kreve 410 mrd.: \u2013 Syns ikke det er avskrekkende dyrt<\/p>\n<p><\/a>\u2013 N\u00e5 har det l\u00f8snet<\/p>\n<p class=\"hyperion-css-1lemvax\">Ekspertmilj\u00f8er som <a data-test-tag=\"internal-link\" href=\"https:\/\/e24.no\/energi-og-klima\/i\/EQjqgP\/energikommisjonen-behov-for-et-taktskifte\" class=\"hyperion-css-1rezu2g\" rel=\"nofollow noopener\" target=\"\" aria-label=\"Energikommisjonen\">Energikommisjonen<\/a>, <a data-test-tag=\"internal-link\" href=\"https:\/\/e24.no\/energi-og-klima\/i\/LlLvm9\/klimarapport-etterlyser-mye-stroem-urealistisk\" class=\"hyperion-css-1rezu2g\" rel=\"nofollow noopener\" target=\"\" aria-label=\"Milj\u00f8direktoratet\">Milj\u00f8direktoratet<\/a> og <a data-test-tag=\"internal-link\" href=\"https:\/\/e24.no\/energi-og-klima\/i\/Ex4V5P\/dnv-gassfokus-kan-bremse-omstillingen\" class=\"hyperion-css-1rezu2g\" rel=\"nofollow noopener\" target=\"\" aria-label=\"DNV\">DNV<\/a> mener det trengs sv\u00e6rt mye kraft for \u00e5 n\u00e5 industri- og klimam\u00e5l, men ettersp\u00f8rselen har \u00f8kt saktere enn ventet.<\/p>\n<p class=\"hyperion-css-1lemvax\">I 2022 advarte Statnett om <a data-test-tag=\"internal-link\" href=\"https:\/\/e24.no\/energi-og-klima\/i\/rlPQk8\/ferske-analyser-fra-statnett-kan-faa-kraftunderskudd-fra-2027\" class=\"hyperion-css-1rezu2g\" rel=\"nofollow noopener\" target=\"\" aria-label=\"mulig kraftunderskudd alt i 2027\">mulig kraftunderskudd alt i 2027<\/a>. Men mange gr\u00f8nne prosjekter er stanset eller utsatt, og b\u00e5de NVE og Statnett har <a data-test-tag=\"internal-link\" href=\"https:\/\/e24.no\/energi-og-klima\/i\/KM96aE\/hydrogen-og-batterier-droppes-nve-tror-kraftunderskuddet-uteblir\" class=\"hyperion-css-1rezu2g\" rel=\"nofollow noopener\" target=\"\" aria-label=\"justert sine anslag\">justert sine anslag<\/a> om fremtidig ettersp\u00f8rselsvekst.<\/p>\n<p class=\"hyperion-css-1lemvax\">Samtidig <a data-test-tag=\"internal-link\" href=\"https:\/\/e24.no\/energi-og-klima\/i\/al6bg2\/antall-datasentre-i-norge-oeker-kraftig\" class=\"hyperion-css-1rezu2g\" rel=\"nofollow noopener\" target=\"\" aria-label=\"melder stadig flere datasentre interesse\">melder stadig flere datasentre interesse<\/a> for \u00e5 bruke mye kraft, og Stortinget <a data-test-tag=\"internal-link\" href=\"https:\/\/e24.no\/energi-og-klima\/i\/d45bKO\/kan-stanse-omstridt-kraft-fra-land-alvorlig\" class=\"hyperion-css-1rezu2g\" rel=\"nofollow noopener\" target=\"\" aria-label=\"diskuterer \u00e5 stanse kraftsluk i oljebransjen\">diskuterer \u00e5 stanse kraftsluk i oljebransjen<\/a>.<\/p>\n<p class=\"hyperion-css-1lemvax\">\u2013 Man kan <a data-test-tag=\"internal-link\" href=\"https:\/\/e24.no\/energi-og-klima\/i\/P41o6p\/slik-vil-lo-og-nho-sikre-billig-stroem\" class=\"hyperion-css-1rezu2g\" rel=\"nofollow noopener\" target=\"\" aria-label=\"sette seg ambisi\u00f8se m\u00e5l\">sette seg ambisi\u00f8se m\u00e5l<\/a>, men det blir ikke bygget ut mer kraft bare av den grunn. \u00d8kt utbygging skjer hvis kommersielle akt\u00f8rer utvikler gode, l\u00f8nnsomme og akseptable prosjekter, sier Lund.<\/p>\n<p class=\"hyperion-css-1lemvax\"><strong>\u2013 Lenge var det politisk stans i vindkraft og mye frem og tilbake p\u00e5 vannkraft, og lite skjedde. N\u00e5 har det l\u00f8snet, og det kommer flere prosjekter.<\/strong><\/p>\n<p><a data-test-tag=\"teaser-small:link-internal\" href=\"https:\/\/e24.no\/energi-og-klima\/i\/XwkO6B\/utenlandske-milliarder-til-norsk-vindkraft-vi-liker-norden\" class=\"imagePosition-top inline hyperion-css-6238vu\" rel=\"nofollow noopener\" target=\"\" aria-label=\"E24 i 2018: Boom i nordisk vindkraft\"><\/p>\n<p>Les ogs\u00e5<\/p>\n<p>E24 i 2018: Boom i nordisk vindkraft<\/p>\n<p><\/a>\u2013 Alle skal h\u00f8res<\/p>\n<p class=\"hyperion-css-1lemvax\">\u2013 N\u00e5 kan det bli en <a data-test-tag=\"internal-link\" href=\"https:\/\/e24.no\/energi-og-klima\/i\/XwkO6B\/utenlandske-milliarder-til-norsk-vindkraft-vi-liker-norden\" class=\"hyperion-css-1rezu2g\" rel=\"nofollow noopener\" target=\"\">ny boom i kraftutbyggingen<\/a>?<\/p>\n<p class=\"hyperion-css-1lemvax\">\u2013 Mye tyder p\u00e5 det, med alle de planene og s\u00f8knadene vi har f\u00e5tt inn, sier Lund.<\/p>\n<p class=\"hyperion-css-1lemvax\">\u2013 Venter du da ogs\u00e5 en ny runde med protester fra naturvernere og akt\u00f8rer som st\u00f8tter reindriften?<\/p>\n<p class=\"hyperion-css-1lemvax\">\u2013 Det er helt sikkert saker det blir diskusjoner og kontroverser rundt. Vi legger stor vekt p\u00e5 \u00e5 ha skikkelige prosesser om naturinngrep, om \u00e5 h\u00f8re lokalbefolkningens syn, og om reindrift, sier NVE-sjefen.<\/p>\n<p class=\"hyperion-css-1lemvax\">\u2013 Det kan f\u00f8re til mer omfattende prosesser, men for \u00e5 sikre kvalitet og legitimitet i beslutningene er det ogs\u00e5 viktig at alle skal h\u00f8res.<\/p>\n<p><img decoding=\"async\" class=\"image-asset hyperion-css-u06ts1\" data-test-tag=\"image-asset\" src=\"https:\/\/www.europesays.com\/no\/wp-content\/uploads\/2025\/12\/69543976-c875-4bba-8534-2348b34254af\"  alt=\"I 2023 var det demonstrasjoner i Oslos gater mot vindkraftverkene p\u00e5 Fosen. H\u00f8yesterett avgjorde i 2021 at tillatelsene var i strid med samisk rett til kulturut\u00f8velse. Senere ble det forlik mellom reindriften og vindkraften.\"  loading=\"eager\" fetchpriority=\"high\" style=\"aspect-ratio:1900 \/ 1267\"\/>I 2023 var det demonstrasjoner i Oslos gater mot vindkraftverkene p\u00e5 Fosen. H\u00f8yesterett avgjorde i 2021 at tillatelsene var i strid med samisk rett til kulturut\u00f8velse. Senere ble det forlik mellom reindriften og vindkraften. Foto: Javad Parsa \/ NTB<a data-test-tag=\"teaser-small:link-internal\" href=\"https:\/\/e24.no\/energi-og-klima\/i\/QMpoEJ\/nve-avslaar-omstridt-vindprosjekt-ikke-en-vanskelig-beslutning\" class=\"imagePosition-top inline hyperion-css-6238vu\" rel=\"nofollow noopener\" target=\"\" aria-label=\"NVE avsl\u00e5r omstridt vindprosjekt: \u2013 Ikke en vanskelig beslutning\"><\/p>\n<p>Les ogs\u00e5<\/p>\n<p>NVE avsl\u00e5r omstridt vindprosjekt: \u2013 Ikke en vanskelig beslutning<\/p>\n<p><\/a>Venter mer nettutbygging<\/p>\n<p class=\"hyperion-css-1lemvax\">Det har ogs\u00e5 kommet advarsler om for treg utbygging av kraftnettet. Tidligere i \u00e5r <a data-test-tag=\"internal-link\" href=\"https:\/\/e24.no\/energi-og-klima\/i\/bmBJ8e\/riksrevisjonen-kritisk-til-stroem-kapasitet\" class=\"hyperion-css-1rezu2g\" rel=\"nofollow noopener\" target=\"\" aria-label=\"kom Riksrevisjonen med kritikk\">kom Riksrevisjonen med kritikk<\/a> av tempoet.<\/p>\n<p class=\"hyperion-css-1lemvax\">If\u00f8lge Lund ligger det n\u00e5 an til mer fart ogs\u00e5 p\u00e5 nettutbyggingen.<\/p>\n<p class=\"hyperion-css-1lemvax\">\u2013 N\u00e5 bygges det mye nett. Vi forventer en sterk \u00f8kning ogs\u00e5 fremover. Vi har f\u00e5tt inn mange konsesjonss\u00f8knader, og Statnett planlegger nye, store nettinvesteringer, sier han.<\/p>\n<p class=\"hyperion-css-1lemvax\">\u2013 Jeg tror de fleste nettselskaper ser i bakspeilet og tenker at det ikke ble bygget nok nett de siste 10-20 \u00e5rene. De gode nyhetene er at vi ser at antallet s\u00f8knader stiger. Det kan bli investeringer p\u00e5 kanskje 200 milliarder kroner frem mot 2030.<\/p>\n<p><a data-test-tag=\"teaser-small:link-internal\" href=\"https:\/\/e24.no\/energi-og-klima\/i\/Ex4V5P\/dnv-gassfokus-kan-bremse-omstillingen\" class=\"imagePosition-top inline hyperion-css-6238vu\" rel=\"nofollow noopener\" target=\"\" aria-label=\"DNV: Gassfokus kan bremse omstillingen\"><\/p>\n<p>Les ogs\u00e5<\/p>\n<p>DNV: Gassfokus kan bremse omstillingen<\/p>\n<p><\/a>Mener tempoet har \u00f8kt<\/p>\n<p class=\"hyperion-css-1lemvax\">If\u00f8lge Lund har tempoet i saksbehandlingen i NVE g\u00e5tt opp.<\/p>\n<p class=\"hyperion-css-1lemvax\">\u2013 For en tid siden hadde vi rundt 100 nettsaker i k\u00f8, n\u00e5 er den k\u00f8en for alle praktiske form\u00e5l borte. Det er vi stolte av. Innen kraftutbygging har vi klart \u00e5 ta unna en del saker, selv om det kan bli en utfordring hvis antallet \u00f8ker videre, sier han.<\/p>\n<p class=\"hyperion-css-1lemvax\">\u2013 V\u00e5r egen digitalisering bidrar ogs\u00e5 til \u00f8kt tempo. I tillegg er vi glad for regelendringer, som at mindre solkraft og nettsaker ikke lenger trenger konsesjon fra NVE, og at vi n\u00e5 kan gi raskt avslag p\u00e5 \u00e5penbart urealistiske saker.<\/p>\n<p class=\"hyperion-css-1lemvax\">Det er saker til behandling som NVE ikke prioriterer, blant annet saker som ikke har f\u00e5tt nettilknytning eller hvor det ikke er vurdert om tilknytning er driftsmessig forsvarlig.<\/p>\n<p class=\"hyperion-css-1lemvax\"> \u2013 Men saker som er h\u00f8yt prioritert, de klarer vi \u00e5 holde noenlunde tritt med, sier Lund.<\/p>\n<p><a data-test-tag=\"teaser-small:link-internal\" href=\"https:\/\/e24.no\/energi-og-klima\/i\/wgjo65\/vil-oppgradere-for-milliarder-viktig-for-kraftsystemet\" class=\"imagePosition-top inline hyperion-css-6238vu\" rel=\"nofollow noopener\" target=\"\" aria-label=\"Vil oppgradere for milliarder: \u2013 Viktig for kraftsystemet\"><\/p>\n<p>Les ogs\u00e5<\/p>\n<p>Vil oppgradere for milliarder: \u2013 Viktig for kraftsystemet<\/p>\n<p><\/a><a data-test-tag=\"teaser-small:link-internal\" href=\"https:\/\/e24.no\/energi-og-klima\/i\/1MQGRQ\/vannkraft-i-sogn-hydro-blar-opp-over-en-milliard\" class=\"imagePosition-top inline hyperion-css-6238vu\" rel=\"nofollow noopener\" target=\"\" aria-label=\"Vannkraft i Sogn: Hydro blar opp over \u00e9n milliard\"><\/p>\n<p>Les ogs\u00e5<\/p>\n<p>Vannkraft i Sogn: Hydro blar opp over \u00e9n milliard<\/p>\n<p><\/a><\/p>\n","protected":false},"excerpt":{"rendered":"Etter \u00e5r med f\u00e5 konsesjoner er det mange kraftplaner p\u00e5 gang. \u2013 Snakker om \u00f8kning p\u00e5 kanskje 10-15&hellip;\n","protected":false},"author":2,"featured_media":103895,"comment_status":"","ping_status":"","sticky":false,"template":"","format":"standard","meta":{"footnotes":""},"categories":[56],"tags":[60,61,62,30,28,29],"class_list":{"0":"post-103894","1":"post","2":"type-post","3":"status-publish","4":"format-standard","5":"has-post-thumbnail","7":"category-naeringsliv","8":"tag-business","9":"tag-economy","10":"tag-naeringsliv","11":"tag-no","12":"tag-norge","13":"tag-norway"},"share_on_mastodon":{"url":"https:\/\/pubeurope.com\/@no\/115660731674170386","error":""},"_links":{"self":[{"href":"https:\/\/www.europesays.com\/no\/wp-json\/wp\/v2\/posts\/103894","targetHints":{"allow":["GET"]}}],"collection":[{"href":"https:\/\/www.europesays.com\/no\/wp-json\/wp\/v2\/posts"}],"about":[{"href":"https:\/\/www.europesays.com\/no\/wp-json\/wp\/v2\/types\/post"}],"author":[{"embeddable":true,"href":"https:\/\/www.europesays.com\/no\/wp-json\/wp\/v2\/users\/2"}],"replies":[{"embeddable":true,"href":"https:\/\/www.europesays.com\/no\/wp-json\/wp\/v2\/comments?post=103894"}],"version-history":[{"count":0,"href":"https:\/\/www.europesays.com\/no\/wp-json\/wp\/v2\/posts\/103894\/revisions"}],"wp:featuredmedia":[{"embeddable":true,"href":"https:\/\/www.europesays.com\/no\/wp-json\/wp\/v2\/media\/103895"}],"wp:attachment":[{"href":"https:\/\/www.europesays.com\/no\/wp-json\/wp\/v2\/media?parent=103894"}],"wp:term":[{"taxonomy":"category","embeddable":true,"href":"https:\/\/www.europesays.com\/no\/wp-json\/wp\/v2\/categories?post=103894"},{"taxonomy":"post_tag","embeddable":true,"href":"https:\/\/www.europesays.com\/no\/wp-json\/wp\/v2\/tags?post=103894"}],"curies":[{"name":"wp","href":"https:\/\/api.w.org\/{rel}","templated":true}]}}