{"id":103906,"date":"2025-12-04T10:14:10","date_gmt":"2025-12-04T10:14:10","guid":{"rendered":"https:\/\/www.europesays.com\/no\/103906\/"},"modified":"2025-12-04T10:14:10","modified_gmt":"2025-12-04T10:14:10","slug":"sier-han-ikke-forhandlet-med-rokke-e24","status":"publish","type":"post","link":"https:\/\/www.europesays.com\/no\/103906\/","title":{"rendered":"Sier han ikke forhandlet med R\u00f8kke \u2013 E24"},"content":{"rendered":"<p class=\"fullWidthDesktop hyperion-css-71ztg2\" data-test-tag=\"lead-text\">Det gikk en kule varmt i forhandlingene om rederiet. Pareto-sjefen mener samtalene med Kjell Inge R\u00f8kke ikke er det viktigste i saken. <\/p>\n<p><img decoding=\"async\" class=\"image-asset hyperion-css-1x5zqk4\" data-test-tag=\"image-asset\" src=\"https:\/\/www.europesays.com\/no\/wp-content\/uploads\/2025\/12\/dc49bd3e-e2eb-4c40-96c4-d7450298648a\"  alt=\"Christian Jomaas forklarer seg i retten torsdag. \"  loading=\"eager\" fetchpriority=\"high\" style=\"aspect-ratio:1900 \/ 1267\"\/>Christian Jomaas forklarer seg i retten torsdag. Foto: Skjalg B\u00f8hmer Vold \/ Skjalg VoldPublisert: <\/p>\n<p>For mindre enn 20 minutter siden<\/p>\n<p>Oppdatert for mindre enn 10 minutter siden<\/p>\n<ul class=\"hyperion-css-pte5x0\">\n<li aria-label=\"link\" class=\"narrow-button hyperion-css-1sz7d3n\">Kopier lenke<\/li>\n<li aria-label=\"link\" class=\"wide-button hyperion-css-1sz7d3n\">Kopier lenke<\/li>\n<li aria-label=\"facebook\" class=\"narrow-button hyperion-css-1sz7d3n\">Del p\u00e5 Facebook<\/li>\n<li aria-label=\"facebook\" class=\"wide-button hyperion-css-1sz7d3n\">Del p\u00e5 Facebook<\/li>\n<li aria-label=\"email\" class=\"narrow-button hyperion-css-1sz7d3n\">Del med e-post<\/li>\n<li aria-label=\"email\" class=\"wide-button hyperion-css-1sz7d3n\">Del med e-post<\/li>\n<\/ul>\n<p class=\"hyperion-css-1lemvax\">\u2013 Det var mot Eriksen jeg gjorde konsesjonsbelagte tjenester, sier Pareto-sjef Christian Jomaas i retten torsdag, med henvisning til Aker-sjef \u00d8yvind Eriksen. <\/p>\n<p class=\"hyperion-css-1lemvax\">Svaret er p\u00e5 sp\u00f8rsm\u00e5l om samtaler Jomaas har hatt med Kjell Inge R\u00f8kke. <\/p>\n<p class=\"hyperion-css-1lemvax\">Han blir spurt ut om samtalen da R\u00f8kke ble beskrevet som \u00abl\u00f8ven i Sveits\u00bb som hadde <a data-test-tag=\"internal-link\" href=\"https:\/\/e24.no\/boers-og-finans\/i\/0VMxKM\/solstad-om-roekke-dirty-aa-true-paa-den-maaten\" class=\"hyperion-css-1rezu2g\" rel=\"nofollow noopener\" target=\"\" aria-label=\"sluppet ut av buret\">sluppet ut av buret<\/a>. <\/p>\n<p>Mener alt er gjort korrekt<\/p>\n<p class=\"hyperion-css-1lemvax\">Torsdag vitner Jomaas i rettssaken der Christen Sveaas\u2019 Kistefos har saks\u00f8kt Aker, Pareto og styret i Solstad fordi de mener at Aker stakk av med altfor mye av Solstad da de spyttet inn 2,25 milliarder kroner, og fikk tilbake over 50 prosent av aksjene i datterselskapet Solstad Maritime i 2023. <\/p>\n<p><a data-test-tag=\"teaser-small:link-internal\" href=\"https:\/\/e24.no\/boers-og-finans\/i\/y51X9a\/dette-sier-pareto-sjefen-om-de-hemmelige-roekke-samtalene\" class=\"imagePosition-top inline hyperion-css-6238vu\" rel=\"nofollow noopener\" target=\"\" aria-label=\"Dette sier Pareto-sjefen om de \u00abhemmelige\u00bb R\u00f8kke-samtalene \"><\/p>\n<p>Les p\u00e5 E24+<\/p>\n<p>Dette sier Pareto-sjefen om de \u00abhemmelige\u00bb R\u00f8kke-samtalene <\/p>\n<p><\/a><\/p>\n<p class=\"hyperion-css-1lemvax\">Like f\u00f8r avtalen ble landet i 2023 begynte Aker og Kjell Inge R\u00f8kke \u00e5 bli ut\u00e5lmodige. <\/p>\n<p class=\"hyperion-css-1lemvax\">Da mottok sjefen for meglerhuset som h\u00e5ndterte forhandlingene, Christian Jomaas i Pareto, stadig flere telefoner fra R\u00f8kke, som fulgte med fra Lugano i Sveits. <\/p>\n<p>Dette er saken<\/p>\n<ul class=\"hyperion-css-pkq1ci\" data-test-tag=\"list\">\n<li class=\"hyperion-css-12h2ush\">Kistefos med Christen Sveaas i spissen har samlet flere aksjon\u00e6rer i rederiet Solstad Offshore i et s\u00f8ksm\u00e5l mot Kjell Inge R\u00f8kkes Aker Capital og Solstads styre og toppledelse, i tillegg til meglerhuset Pareto Securities.<\/li>\n<li class=\"hyperion-css-12h2ush\">\u00c5rsaken er at de mener aksjon\u00e6rene ble overkj\u00f8rt da Aker Capital kj\u00f8pte seg kraftig opp under en refinansiering av Solstad i 2023.<\/li>\n<li class=\"hyperion-css-12h2ush\">Kort fortalt mener Kistefos og de andre saks\u00f8kerne at styret og toppsjefen i Solstad og s\u00e6rlig meglerhuset Pareto ble utsatt for press fra R\u00f8kke og Aker da selskapet kj\u00f8pte seg opp.<\/li>\n<li class=\"hyperion-css-12h2ush\">Sveaas har kalt saken \u00abEn av de mest grisete transaksjonene vi har sett p\u00e5 Oslo B\u00f8rs\u00bb.<\/li>\n<li class=\"hyperion-css-12h2ush\">R\u00f8kke og Aker har, i likhet med de andre saks\u00f8kte, hele veien avvist anklagen. I et intervju med DN sa R\u00f8kke at han brydde seg lite om hva \u00abChristen Smeaas, Sveaas eller hva han heter, mener\u00bb, og at \u00abhvis du skal bli general, kan du ikke bry deg om hva menige soldater mener til enhver tid\u00bb.<\/li>\n<\/ul>\n<p>Vis mer<\/p>\n<p class=\"hyperion-css-1lemvax\">I lydopptak av telefonsamtaler som har blitt lagt frem i retten har R\u00f8kke blitt kalt b\u00e5de \u00abl\u00f8ve\u00bb og \u00abtiger\u00bb, og deltagerne i forhandlingene gir uttrykk for at R\u00f8kke er oppjaget av at Aker m\u00e5 jobbe for \u00e5 f\u00e5 vilje sin i forhandlingene. <\/p>\n<p class=\"hyperion-css-1lemvax\">Kistefos sin advokat, Helge Skoseth Berg, vil at Jomaas skal fortelle hva han sa i samtaler med R\u00f8kke, fordi det ikke er gjort opptak av samtalene.<\/p>\n<p>\u2013 Ikke p\u00e5 langt n\u00e6r skambud<\/p>\n<p class=\"hyperion-css-1lemvax\">Jomaas sier han fors\u00f8kte \u00e5 ivareta alle hensyn i samtalene, og at han sa til R\u00f8kke at f\u00f8lgende ting m\u00e5tte p\u00e5 plass: <\/p>\n<p class=\"hyperion-css-1lemvax\">\u2013 Vi m\u00e5 ha en deal som st\u00e5r seg i forhold til aksjeloven, vi m\u00e5 ha en pre money som er bra, og vi m\u00e5 ha deltagelse fra eksisterende aksjon\u00e6rer. <\/p>\n<p class=\"hyperion-css-1lemvax\">\u2013 Hva svarte R\u00f8kke til det?<\/p>\n<p class=\"hyperion-css-1lemvax\">\u2013 Han &#8230; han refererte ogs\u00e5 til det. De mente jo opprinnelig at det budet de hadde kommet til var p\u00e5 langt n\u00e6r noe skambud. De hadde sammenlignet med prising av DOF, som var helt naturlig, sier Jomaas, og viser til rederiet DOF som gikk p\u00e5 b\u00f8rs kort tid f\u00f8r Solstad-refinansieringen i 2023. <\/p>\n<p class=\"hyperion-css-1lemvax\">Jomaas sier at at han tok alle forhandlinger som Pareto er lovp\u00e5lagt \u00e5 dokumentere, med Aker-sjef \u00d8yvind Eriksen, og at samtalene med R\u00f8kke ikke var like vesentlige for den endelige avtalen. <\/p>\n<p><img decoding=\"async\" class=\"image-asset hyperion-css-1fhm13\" data-test-tag=\"image-asset\" src=\"https:\/\/www.europesays.com\/no\/wp-content\/uploads\/2025\/12\/0aa139a0-c37b-475f-bcd9-3cdb53047db1\"  alt=\"Kjell Inge R\u00f8kke, her sammen med \u00d8yvind Eriksen og Christian Jomaas p\u00e5 Pareto-konferansen i 2020.\"  loading=\"eager\" fetchpriority=\"high\" style=\"aspect-ratio:1900 \/ 1435\"\/>Kjell Inge R\u00f8kke, her sammen med \u00d8yvind Eriksen og Christian Jomaas p\u00e5 Pareto-konferansen i 2020. Foto: Morten Uglum \/ Aftenposten<\/p>\n<p class=\"hyperion-css-1lemvax\">Han sier at de med vilje valgte \u00e5 \u00abdra bena etter seg\u00bb fordi de ville se hvilke muligheter de hadde i markedet. Han mener uansett av lydopptakene som er spilt av i retten gir et s\u00e5 godt som fullstendig bilde av det som skjedde. <\/p>\n<p class=\"hyperion-css-1lemvax\">\u2013 Det er ikke mye dere ikke har f\u00e5tt med dere, sier han.<\/p>\n<p class=\"hyperion-css-1lemvax\">Advokat Berg presser Jomaas p\u00e5 samtalene med Aker-eieren.<\/p>\n<p class=\"hyperion-css-1lemvax\">\u2013 R\u00f8kke-samtalene er ikke tapet, sier han. <\/p>\n<p class=\"hyperion-css-1lemvax\">\u2013 Men innholdet i samtalen er dokumentert. Alle disse samtalene er beh\u00f8rig dokumentert og informert til selskapet og internt, ikke bare av plikt men ogs\u00e5 fordi det er viktig fordi vi m\u00e5tte ha all info. Vi m\u00e5tte spille p\u00e5 det vi hadde \u00e5 spille p\u00e5, og lage det slik at vi hadde alterantiver, og at det ikke s\u00e5 ut som vi l\u00f8p andres \u00e6rend. Og det m\u00e5 st\u00e5 seg i forhold til aksjeloven, sier Jomaas. <\/p>\n<p class=\"hyperion-css-1lemvax\">Aker la frem flere bud underveis i forhandlingene, og i lydopptakene som er spilt av i retten gir Pareto-meglerne uttrykk for at de mener flere av budene er problematiske, blant annet fordi de ikke ivaretar samtlige aksjon\u00e6rer. <\/p>\n<p class=\"hyperion-css-1lemvax\">Aker ville at avtalen ikke skulle behandles i generalforsamling, og sa i forhandlingene at de ville stemme mot en avtale som ikke hadde Aker som ankerinvestor. <\/p>\n<p>Maratonrettssak<\/p>\n<p class=\"hyperion-css-1lemvax\">Jomaas forklarer seg f\u00f8r Kjell Inge R\u00f8kke skal snakke torsdag. <\/p>\n<p class=\"hyperion-css-1lemvax\">Maratonrettsaken har p\u00e5g\u00e5tt i tingretten siden oktober, og skal etter planen fortsette frem til midten av januar. <\/p>\n<p class=\"hyperion-css-1lemvax\">Kistefos har varslet et krav p\u00e5 opptil 1,7 milliarder i erstatning. De saks\u00f8kte, som er Aker, Pareto, og styret i Solstad, mener de ikke har gjort noe galt. <\/p>\n","protected":false},"excerpt":{"rendered":"Det gikk en kule varmt i forhandlingene om rederiet. Pareto-sjefen mener samtalene med Kjell Inge R\u00f8kke ikke er&hellip;\n","protected":false},"author":2,"featured_media":103907,"comment_status":"","ping_status":"","sticky":false,"template":"","format":"standard","meta":{"footnotes":""},"categories":[5],"tags":[20,21,24,25,15,19,22,23,17,18,13,30,28,29,14,16,26,27],"class_list":{"0":"post-103906","1":"post","2":"type-post","3":"status-publish","4":"format-standard","5":"has-post-thumbnail","7":"category-overskrifter","8":"tag-breaking-news","9":"tag-breakingnews","10":"tag-featured-news","11":"tag-featurednews","12":"tag-headlines","13":"tag-hovedoppslag","14":"tag-latest-news","15":"tag-latestnews","16":"tag-main-news","17":"tag-mainnews","18":"tag-news","19":"tag-no","20":"tag-norge","21":"tag-norway","22":"tag-nyheter","23":"tag-overskrifter","24":"tag-top-stories","25":"tag-topstories"},"share_on_mastodon":{"url":"https:\/\/pubeurope.com\/@no\/115660774905823613","error":""},"_links":{"self":[{"href":"https:\/\/www.europesays.com\/no\/wp-json\/wp\/v2\/posts\/103906","targetHints":{"allow":["GET"]}}],"collection":[{"href":"https:\/\/www.europesays.com\/no\/wp-json\/wp\/v2\/posts"}],"about":[{"href":"https:\/\/www.europesays.com\/no\/wp-json\/wp\/v2\/types\/post"}],"author":[{"embeddable":true,"href":"https:\/\/www.europesays.com\/no\/wp-json\/wp\/v2\/users\/2"}],"replies":[{"embeddable":true,"href":"https:\/\/www.europesays.com\/no\/wp-json\/wp\/v2\/comments?post=103906"}],"version-history":[{"count":0,"href":"https:\/\/www.europesays.com\/no\/wp-json\/wp\/v2\/posts\/103906\/revisions"}],"wp:featuredmedia":[{"embeddable":true,"href":"https:\/\/www.europesays.com\/no\/wp-json\/wp\/v2\/media\/103907"}],"wp:attachment":[{"href":"https:\/\/www.europesays.com\/no\/wp-json\/wp\/v2\/media?parent=103906"}],"wp:term":[{"taxonomy":"category","embeddable":true,"href":"https:\/\/www.europesays.com\/no\/wp-json\/wp\/v2\/categories?post=103906"},{"taxonomy":"post_tag","embeddable":true,"href":"https:\/\/www.europesays.com\/no\/wp-json\/wp\/v2\/tags?post=103906"}],"curies":[{"name":"wp","href":"https:\/\/api.w.org\/{rel}","templated":true}]}}