{"id":103908,"date":"2025-12-04T10:16:10","date_gmt":"2025-12-04T10:16:10","guid":{"rendered":"https:\/\/www.europesays.com\/no\/103908\/"},"modified":"2025-12-04T10:16:10","modified_gmt":"2025-12-04T10:16:10","slug":"taylor-swifts-later-skal-ikke-spilles-pa-chiefs-kamper","status":"publish","type":"post","link":"https:\/\/www.europesays.com\/no\/103908\/","title":{"rendered":"Taylor Swifts l\u00e5ter skal ikke spilles p\u00e5 Chiefs-kamper"},"content":{"rendered":"\n<p class=\"_lead_o9xde_2 _lead_xtcu6_50 layout-component text-serif-m layout-normal text-serif-l layout-component layout-wide layout-padded _wide_17hqh_1 layout-padded\">Taylor Swifts kj\u00e6reste har gitt ledelsen i det amerikanske fotballaget Kansas City Chiefs beskjed om \u00e5 ikke bruke popdronningen musikk p\u00e5 kampdager. <\/p>\n<p><img alt=\"Travis Kelce og Taylor Swift er forlovet.  Foto: Ashley Landis \/ AP \/ NTB\" class=\"_image_qp4xg_65 layout-component layout-wide\" data-fullscreen- data-track-element-type=\"Article image fullscreen\" data-track-name=\"ImageFullscreen\" fetchpriority=\"high\" decoding=\"sync\" loading=\"eager\" height=\"2190\" itemprop=\"image\"  src=\"https:\/\/www.europesays.com\/no\/wp-content\/uploads\/2025\/12\/4bbad6e1-75fb-488d-b8cc-5922b59980fc\"  style=\"object-position:0% 0%\" width=\"3285\"\/>Travis Kelce og Taylor Swift er forlovet.  Foto: Ashley Landis \/ AP \/ NTB<\/p>\n<ul aria-hidden=\"true\" class=\"_images_1uft6_111\">\n<li><a class=\"_link_1uft6_116\" href=\"https:\/\/www.vg.no\/forfatter\/ntb\" style=\"z-index:1\" title=\"NTB\" rel=\"nofollow noopener\" target=\"_blank\"><img alt=\"Bilde av NTB\" class=\"_image_1uft6_93\" fetchpriority=\"low\" loading=\"lazy\" decoding=\"async\" itemprop=\"image\"  src=\"https:\/\/www.europesays.com\/no\/wp-content\/uploads\/2025\/12\/1764843370_402_c33980b0-5d07-4027-84a1-813f90a7c8d6\"  width=\"480\"\/><\/a><\/li>\n<\/ul>\n<p> Oppdatert torsdag 4. desember kl. 10:34     <\/p>\n<p class=\"_paragraph_o9xde_4 _paragraph_xtcu6_10 layout-component text-serif-m layout-normal text-serif-m layout-padded\">Swift har i flere \u00e5r v\u00e6rt sammen med Chiefs-profilen Travis Kelce. Tidligere i \u00e5r ble det kjent at de hadde inng\u00e5tt forlovelse.<\/p>\n<p class=\"_paragraph_o9xde_4 _paragraph_xtcu6_10 layout-component text-serif-m layout-normal text-serif-m layout-padded\"> N\u00e5 r\u00f8per Chiefs-toppen Mark Donovan at Kelce har bedt klubben om \u00e5 avst\u00e5 fra \u00e5 spille Swift-musikk. Donovan kom med uttalelsene <a href=\"https:\/\/www.youtube.com\/@UpAndAdamsShow\" class=\"_link_o9xde_39\" rel=\"nofollow noopener\" target=\"_blank\">i en fersk episode av programmet <\/a> \u00ab <a href=\"https:\/\/www.youtube.com\/@UpAndAdamsShow\" class=\"_link_o9xde_39\" rel=\"nofollow noopener\" target=\"_blank\">Up &amp; Adams<\/a> \u00bb.<\/p>\n<p class=\"_paragraph_o9xde_4 _paragraph_xtcu6_10 layout-component text-serif-m layout-normal text-serif-m layout-padded\">\u2013 Vi har aldri spilt en <a href=\"https:\/\/www.vg.no\/tag\/taylor-swift?utm_source=vg-article&amp;utm_medium=auto-tagger&amp;utm_campaign=k0aa59\" class=\"_link_o9xde_39\" rel=\"nofollow noopener\" target=\"_blank\">Taylor Swift<\/a>-sang p\u00e5 stadion n\u00e5r hun er til stede, sier Chiefs-lederen.<\/p>\n<p class=\"_paragraph_o9xde_4 _paragraph_xtcu6_10 layout-component text-serif-m layout-normal text-serif-m layout-padded\">\u2013 For Travis handler alt om laget, spillerne og det \u00e5 v\u00e6re en del av laget og ikke v\u00e6re atskilt fra dem. Han har sagt at \u00abdette skaper et skille, for n\u00e5r vi spiller en kamp, \u200b\u200bn\u00e5r vi er p\u00e5 stadion, skal det handle om oss. Jeg vil at det skal handle om oss\u00bb, fortsetter Donovan.<\/p>\n<p class=\"_paragraph_o9xde_4 _paragraph_xtcu6_10 layout-component text-serif-m layout-normal text-serif-m layout-padded\">Han er ogs\u00e5 opptatt av \u00e5 vise musikkikonet Swift respekten han mener hun fortjener.<\/p>\n<p class=\"_paragraph_o9xde_4 _paragraph_xtcu6_10 layout-component text-serif-m layout-normal text-serif-m layout-padded\">\u2013 Vi viser aldri bilder av Taylor p\u00e5 storskjermene p\u00e5 arenaen v\u00e5r, aldri. Det er av respekt. Vi utnytter ikke relasjonen deres, sier Donovan.<\/p>\n<p class=\"_paragraph_o9xde_4 _paragraph_xtcu6_10 layout-component text-serif-m layout-normal text-serif-m layout-padded\">Taylor Swift har i en \u00e5rrekke v\u00e6rt et av musikkindustriens st\u00f8rste navn. Tidligere i \u00e5r ga hun ut et nytt kritikerrost album.<\/p>\n","protected":false},"excerpt":{"rendered":"Taylor Swifts kj\u00e6reste har gitt ledelsen i det amerikanske fotballaget Kansas City Chiefs beskjed om \u00e5 ikke bruke&hellip;\n","protected":false},"author":2,"featured_media":103909,"comment_status":"","ping_status":"","sticky":false,"template":"","format":"standard","meta":{"footnotes":""},"categories":[58],"tags":[71,30,28,29,1453,1452,72],"class_list":{"0":"post-103908","1":"post","2":"type-post","3":"status-publish","4":"format-standard","5":"has-post-thumbnail","7":"category-underholdning","8":"tag-entertainment","9":"tag-no","10":"tag-norge","11":"tag-norway","12":"tag-taylor-swift","13":"tag-travis-kelce","14":"tag-underholdning"},"share_on_mastodon":{"url":"https:\/\/pubeurope.com\/@no\/115660782907787497","error":""},"_links":{"self":[{"href":"https:\/\/www.europesays.com\/no\/wp-json\/wp\/v2\/posts\/103908","targetHints":{"allow":["GET"]}}],"collection":[{"href":"https:\/\/www.europesays.com\/no\/wp-json\/wp\/v2\/posts"}],"about":[{"href":"https:\/\/www.europesays.com\/no\/wp-json\/wp\/v2\/types\/post"}],"author":[{"embeddable":true,"href":"https:\/\/www.europesays.com\/no\/wp-json\/wp\/v2\/users\/2"}],"replies":[{"embeddable":true,"href":"https:\/\/www.europesays.com\/no\/wp-json\/wp\/v2\/comments?post=103908"}],"version-history":[{"count":0,"href":"https:\/\/www.europesays.com\/no\/wp-json\/wp\/v2\/posts\/103908\/revisions"}],"wp:featuredmedia":[{"embeddable":true,"href":"https:\/\/www.europesays.com\/no\/wp-json\/wp\/v2\/media\/103909"}],"wp:attachment":[{"href":"https:\/\/www.europesays.com\/no\/wp-json\/wp\/v2\/media?parent=103908"}],"wp:term":[{"taxonomy":"category","embeddable":true,"href":"https:\/\/www.europesays.com\/no\/wp-json\/wp\/v2\/categories?post=103908"},{"taxonomy":"post_tag","embeddable":true,"href":"https:\/\/www.europesays.com\/no\/wp-json\/wp\/v2\/tags?post=103908"}],"curies":[{"name":"wp","href":"https:\/\/api.w.org\/{rel}","templated":true}]}}