{"id":103915,"date":"2025-12-04T10:20:08","date_gmt":"2025-12-04T10:20:08","guid":{"rendered":"https:\/\/www.europesays.com\/no\/103915\/"},"modified":"2025-12-04T10:20:08","modified_gmt":"2025-12-04T10:20:08","slug":"nyheter-krim-tre-menn-pagrepet-i-stor-narkotikasak","status":"publish","type":"post","link":"https:\/\/www.europesays.com\/no\/103915\/","title":{"rendered":"Nyheter, Krim | Tre menn p\u00e5grepet i stor narkotikasak"},"content":{"rendered":"\n<p>Politiet mener trioen har hatt befatning med st\u00f8rre mengder hasj og kokain, og har siktet dem for grov narkotikaforbrytelse.<\/p>\n<p>To av dem ble p\u00e5grepet i Bergen, mens tredjemann ble arrestert av politiet i M\u00f8re og Romsdal.<\/p>\n<p>\u2013 De siktede er ubeskrevne blad og ikke domfelt tidligere, sier politiadvokat J\u00f8rgen Henriksen i Vest politidistrikt til BA.<\/p>\n<p>En av de siktede har ikke \u00f8nsket \u00e5 forklare seg, og politiet venter p\u00e5 tilbakemelding fra de to andre som er p\u00e5grepet.<\/p>\n<p>\u2013 Det er tidlig i etterforskningen og vi har ikke oversikt. Derfor vil vi be om at de tre fremstilles for varetektsfengsling enten torsdag eller fredag, sier Henriksen.<\/p>\n<p>Politiadvokaten \u00f8nsker ikke \u00e5 kommentere ytterligere detaljer, verken om det er foretatt beslag eller om hvordan politiet kom p\u00e5 sporet av trioen.<\/p>\n","protected":false},"excerpt":{"rendered":"Politiet mener trioen har hatt befatning med st\u00f8rre mengder hasj og kokain, og har siktet dem for grov&hellip;\n","protected":false},"author":2,"featured_media":1615,"comment_status":"","ping_status":"","sticky":false,"template":"","format":"standard","meta":{"footnotes":""},"categories":[10],"tags":[36,444,20,21,24,25,15,983,22,23,13,30,28,29,14,16,1510,26,27],"class_list":{"0":"post-103915","1":"post","2":"type-post","3":"status-publish","4":"format-standard","5":"has-post-thumbnail","7":"category-norge","8":"tag-art","9":"tag-bergen","10":"tag-breaking-news","11":"tag-breakingnews","12":"tag-featured-news","13":"tag-featurednews","14":"tag-headlines","15":"tag-krim","16":"tag-latest-news","17":"tag-latestnews","18":"tag-news","19":"tag-no","20":"tag-norge","21":"tag-norway","22":"tag-nyheter","23":"tag-overskrifter","24":"tag-story","25":"tag-top-stories","26":"tag-topstories"},"share_on_mastodon":{"url":"https:\/\/pubeurope.com\/@no\/115660798518283539","error":""},"_links":{"self":[{"href":"https:\/\/www.europesays.com\/no\/wp-json\/wp\/v2\/posts\/103915","targetHints":{"allow":["GET"]}}],"collection":[{"href":"https:\/\/www.europesays.com\/no\/wp-json\/wp\/v2\/posts"}],"about":[{"href":"https:\/\/www.europesays.com\/no\/wp-json\/wp\/v2\/types\/post"}],"author":[{"embeddable":true,"href":"https:\/\/www.europesays.com\/no\/wp-json\/wp\/v2\/users\/2"}],"replies":[{"embeddable":true,"href":"https:\/\/www.europesays.com\/no\/wp-json\/wp\/v2\/comments?post=103915"}],"version-history":[{"count":0,"href":"https:\/\/www.europesays.com\/no\/wp-json\/wp\/v2\/posts\/103915\/revisions"}],"wp:featuredmedia":[{"embeddable":true,"href":"https:\/\/www.europesays.com\/no\/wp-json\/wp\/v2\/media\/1615"}],"wp:attachment":[{"href":"https:\/\/www.europesays.com\/no\/wp-json\/wp\/v2\/media?parent=103915"}],"wp:term":[{"taxonomy":"category","embeddable":true,"href":"https:\/\/www.europesays.com\/no\/wp-json\/wp\/v2\/categories?post=103915"},{"taxonomy":"post_tag","embeddable":true,"href":"https:\/\/www.europesays.com\/no\/wp-json\/wp\/v2\/tags?post=103915"}],"curies":[{"name":"wp","href":"https:\/\/api.w.org\/{rel}","templated":true}]}}