{"id":103916,"date":"2025-12-04T10:21:14","date_gmt":"2025-12-04T10:21:14","guid":{"rendered":"https:\/\/www.europesays.com\/no\/103916\/"},"modified":"2025-12-04T10:21:14","modified_gmt":"2025-12-04T10:21:14","slug":"nordmenn-ma-vende-seg-til-en-helt-ny-smak","status":"publish","type":"post","link":"https:\/\/www.europesays.com\/no\/103916\/","title":{"rendered":"Nordmenn m\u00e5 vende seg til en helt ny smak"},"content":{"rendered":"\n<p class=\"_lead_o9xde_2 _lead_xtcu6_50 layout-component text-serif-m layout-normal text-serif-l layout-component layout-wide layout-padded _wide_17hqh_1 layout-padded\">Om utviklingen fortsetter m\u00e5 nordmenn venne seg til en helt ny kaffesmak. <\/p>\n<p><img alt=\"Norske forbrukere er bortskjemt p\u00e5 kvalitetskaffe, sier eksperten.  Foto: \u00d8yvind Nordahl N\u00e6ss \/ VG\" class=\"_image_qp4xg_65 layout-component layout-wide\" data-fullscreen- data-track-element-type=\"Article image fullscreen\" data-track-name=\"ImageFullscreen\" fetchpriority=\"high\" decoding=\"sync\" loading=\"eager\" height=\"3456\" itemprop=\"image\"  src=\"https:\/\/www.europesays.com\/no\/wp-content\/uploads\/2025\/12\/38244f3c-9d6f-4858-89dc-88a8cc78c8ed\"  style=\"object-position:0% 0%\" width=\"5184\"\/>Norske forbrukere er bortskjemt p\u00e5 kvalitetskaffe, sier eksperten.  Foto: \u00d8yvind Nordahl N\u00e6ss \/ VG<\/p>\n<ul aria-hidden=\"true\" class=\"_images_1uft6_111\">\n<li><a class=\"_link_1uft6_116\" href=\"https:\/\/www.vg.no\/forfatter\/live-tronstad\" style=\"z-index:1\" title=\"Live Tronstad\" rel=\"nofollow noopener\" target=\"_blank\"><img alt=\"Bilde av Live Tronstad\" class=\"_image_1uft6_93\" fetchpriority=\"low\" loading=\"lazy\" decoding=\"async\" itemprop=\"image\"  src=\"https:\/\/www.europesays.com\/no\/wp-content\/uploads\/2025\/12\/1764843671_979_730bca66-e713-4274-9d1c-1222feeb3c7d\"  width=\"480\"\/><\/a><\/li>\n<\/ul>\n<p> Oppdatert torsdag 4. desember kl. 09:18    <\/p>\n<ul class=\"_list_o9xde_3 _list_64s2r_85 _unordered_o9xde_106 text-sans-m\">\n<li class=\"_item_o9xde_30\">Klimaendringer truer tilgangen p\u00e5 den popul\u00e6re Arabica-kaffeb\u00f8nnen.<\/li>\n<li class=\"_item_o9xde_30\">Nordmenn m\u00e5 derfor kanskje venne seg til Robusta-kaffe, som har en sterkere smak.<\/li>\n<li class=\"_item_o9xde_30\">Ekspert Minette Ros\u00e9n understreker viktigheten av b\u00e6rekraftige dyrkingsmetoder for fremtidig kaffeforsyning.<\/li>\n<\/ul>\n<p>Vis mer <\/p>\n<p class=\"_paragraph_o9xde_4 _paragraph_xtcu6_10 layout-component text-serif-m layout-normal text-serif-m layout-padded\">Det er ingen tvil om at nordmenn er glad i kaffe. \u00c5rlig transporteres 40.000 tonn kaffe til Norge \u2013 det vil si over ti kilo per voksne innbygger. Det var i hvert fall estimatene til <a href=\"https:\/\/www.ssb.no\/utenriksokonomi\/artikler-og-publikasjoner\/kaffeavhengige-nordmenn\" class=\"_link_o9xde_39\" rel=\"nofollow noopener\" target=\"_blank\">SSB<\/a> i 2019. <\/p>\n<p class=\"_paragraph_o9xde_4 _paragraph_xtcu6_10 layout-component text-serif-m layout-normal text-serif-m layout-padded\">Nordmenn er fortsatt glad i kaffe, skal vi tro <a href=\"https:\/\/www.fhi.no\/le\/kosthold\/koffein-koffeinholdige-drikker\/#hvor-mye-koffein-fr-vi-i-oss-daglig\" class=\"_link_o9xde_39\" rel=\"nofollow noopener\" target=\"_blank\">en unders\u00f8kelse fra 2023<\/a>. Den sl\u00e5r fast at voksne mellom 18 og 79 \u00e5r i snitt 3,8 dl kaffe daglig \u2013 omtrent to kopper om dagen. <\/p>\n<p class=\"_paragraph_o9xde_4 _paragraph_xtcu6_10 layout-component text-serif-m layout-normal text-serif-m layout-padded\">Og det er ikke hvilken som helst kaffe vi helst vil ha: <\/p>\n<p class=\"_paragraph_o9xde_4 _paragraph_xtcu6_10 layout-component text-serif-m layout-normal text-serif-m layout-padded\">\u2013 <strong class=\"_strong_o9xde_25\">Nordiske forbrukere er krevende og vil ha en god kopp kaffe. Vi er bortskjemte med veldig fine kaffeb\u00f8nner, sier kaffeekspert Minette Ros\u00e9n. <\/strong><\/p>\n<p class=\"_paragraph_o9xde_4 _paragraph_xtcu6_10 layout-component text-serif-m layout-normal text-serif-m layout-padded\">Hun har jobbet med kaffeinnkj\u00f8p i <a href=\"https:\/\/www.vg.no\/tag\/nestle?utm_source=vg-article&amp;utm_medium=auto-tagger&amp;utm_campaign=dR665z\" class=\"_link_o9xde_39\" rel=\"nofollow noopener\" target=\"_blank\">Nestl\u00e9<\/a> og Zo\u00e9gas i n\u00e6rmere 30 \u00e5r, hvor hun er ansvarlig for \u00e5 sikre kvaliteten p\u00e5 kaffen. <\/p>\n<p><img alt=\"Minette Ros\u00e9n er kaffeekspert i Nestl\u00e9 og Zo\u00e9ga. Her fra tur til en kaffeplantasje.   Foto: Privat\" class=\"_image_qp4xg_65 layout-component layout-normal\" data-fullscreen- data-track-element-type=\"Article image fullscreen\" data-track-name=\"ImageFullscreen\" decoding=\"async\" loading=\"lazy\" height=\"2663\" itemprop=\"image\"  src=\"https:\/\/www.europesays.com\/no\/wp-content\/uploads\/2025\/12\/7ebda265-0d8f-4e00-9bde-bd44211bc473\"  style=\"object-position:0% 0%\" width=\"2663\"\/>Minette Ros\u00e9n er kaffeekspert i Nestl\u00e9 og Zo\u00e9ga. Her fra tur til en kaffeplantasje.   Foto: Privat<\/p>\n<p class=\"_paragraph_o9xde_4 _paragraph_xtcu6_10 layout-component text-serif-m layout-normal text-serif-m layout-padded\">Men tilgangen p\u00e5 de fine kaffeb\u00f8nnene kan det bli en slutt p\u00e5: <\/p>\n<p class=\"_paragraph_o9xde_4 _paragraph_xtcu6_10 layout-component text-serif-m layout-normal text-serif-m layout-padded\"> <strong class=\"_strong_o9xde_25\">\u2013 Kaffe er en drikk som er under press, fastsl\u00e5r Ros\u00e9n.<\/strong><\/p>\n<p>Store utfordringer<\/p>\n<p class=\"_paragraph_o9xde_4 _paragraph_xtcu6_10 layout-component text-serif-m layout-normal text-serif-m layout-padded\">Den gode \u00abkvalitetskoppen\u00bb med kaffe som skandinaver er s\u00e5 glad i, kommer fra kaffeb\u00f8nnen Arabica. <\/p>\n<p class=\"_paragraph_o9xde_4 _paragraph_xtcu6_10 layout-component text-serif-m layout-normal text-serif-m layout-padded\">If\u00f8lge tall fra <a href=\"https:\/\/kiwi.no\/drikke\/dette-kjennetegner-arabica-kaffe\" class=\"_link_o9xde_39\" rel=\"nofollow noopener\" target=\"_blank\">Kiwi<\/a> er 98 prosent av all kaffe som importeres til Norge fra arabica-b\u00f8nnen. <\/p>\n<p class=\"_paragraph_o9xde_4 _paragraph_xtcu6_10 layout-component text-serif-m layout-normal text-serif-m layout-padded\">Men blant kaffeb\u00f8nner, er Arabica kjent som litt av en prinsesse p\u00e5 erten: krevende og f\u00f8lsom. Og spesielt s\u00e5rbar for klimaendringer. <\/p>\n<p><img alt=\"Foto: Trond Solberg \/ VG\" class=\"_image_qp4xg_65 layout-component layout-normal\" data-fullscreen- data-track-element-type=\"Article image fullscreen\" data-track-name=\"ImageFullscreen\" decoding=\"async\" loading=\"lazy\" height=\"2895\" itemprop=\"image\"  src=\"https:\/\/www.europesays.com\/no\/wp-content\/uploads\/2025\/12\/26c234df-8b93-4741-8405-1c2df4468ea7\"  style=\"object-position:0% 0%\" width=\"4035\"\/>Foto: Trond Solberg \/ VG<\/p>\n<p class=\"_paragraph_o9xde_4 _paragraph_xtcu6_10 layout-component text-serif-m layout-normal text-serif-m layout-padded\">Arabica-b\u00f8nnen krever nemlig spesielle v\u00e6rforhold. Som annen kvalitetskaffe, vokser den sakte og i h\u00f8yden, hvor det er litt kj\u00f8ligere temperaturer. <\/p>\n<p class=\"_paragraph_o9xde_4 _paragraph_xtcu6_10 layout-component text-serif-m layout-normal text-serif-m layout-padded\">Klimaendringene f\u00f8rer med seg s\u00e6rlig to endringer som er ugunstig for Arabica-b\u00f8nnen, opplyser Ros\u00e9n: <\/p>\n<ol class=\"_list_o9xde_3 _list_xtcu6_9 _ordered_o9xde_79 layout-component text-serif-m layout-normal text-serif-m layout-padded\">\n<li class=\"_item_o9xde_30\"> <strong class=\"_strong_o9xde_25\">Uregelmessige v\u00e6rm\u00f8nster<\/strong>: Det skaper forvirring blant b\u00f8ndene og p\u00e5virker hele innh\u00f8stingssyklusen. <\/li>\n<li class=\"_item_o9xde_30\"><strong class=\"_strong_o9xde_25\"> Stadig flere omr\u00e5der blir uegnet for dyrking<\/strong>. B\u00e5de p\u00e5 grunn av klimaendringer og fordi jordbruksarealer bygges ned. <\/li>\n<\/ol>\n<p class=\"_paragraph_o9xde_4 _paragraph_xtcu6_10 layout-component text-serif-m layout-normal text-serif-m layout-padded\">P\u00e5 grunn av endringene har avlingene blitt kraftig redusert de siste \u00e5rene. Og verre skal det bli: <\/p>\n<p class=\"_paragraph_o9xde_4 _paragraph_xtcu6_10 layout-component text-serif-m layout-normal text-serif-m layout-padded\"><strong class=\"_strong_o9xde_25\">\u2013 Det er ansl\u00e5tt at omtrent halvparten av omr\u00e5dene vi produserer kaffe p\u00e5 i verden n\u00e5 <a href=\"https:\/\/www.iadb.org\/en\/most-unexpected-effect-climate-change?utm_source=chatgpt.com\" class=\"_link_o9xde_39\" rel=\"nofollow noopener\" target=\"_blank\">vil v\u00e6re uegnet innen 2050,<\/a> sier Ros\u00e9n. <\/strong><\/p>\n<p class=\"_paragraph_o9xde_4 _paragraph_xtcu6_10 layout-component text-serif-m layout-normal text-serif-m layout-padded\">Men selv om det ikke blir kvalitetskaffen fra Arabica-b\u00f8nnen, skal nordmenn kunne slukke kaffet\u00f8rsten p\u00e5 annet vis fremover. Men da m\u00e5 nordmenn vende seg til en ny smak.<\/p>\n<p>Dette er redningen<\/p>\n<p class=\"_paragraph_o9xde_4 _paragraph_xtcu6_10 layout-component text-serif-m layout-normal text-serif-m layout-padded\">Robusta-b\u00f8nnen kan erstatte Arabica i det norske markedet.<\/p>\n<p class=\"_paragraph_o9xde_4 _paragraph_xtcu6_10 layout-component text-serif-m layout-normal text-serif-m layout-padded\">\u2013 Robusta er mer motstandsdyktig mot sopp og sykdommer, mens arabicab\u00f8nnen \u2013 spesielt de eldre, mest finsmakende variantene \u2013 er veldig f\u00f8lsomme.<\/p>\n<p class=\"_paragraph_o9xde_4 _paragraph_xtcu6_10 layout-component text-serif-m layout-normal text-serif-m layout-padded\">Denne b\u00f8nnen er sterkere p\u00e5 smak og koffein. Mange vil nok assosiere den med espressokaffe, ogs\u00e5 fordi man f\u00e5r det lysebrune \u00abskummet\u00bb p\u00e5 toppen av kaffen, kalt crema.<\/p>\n<p class=\"_paragraph_o9xde_4 _paragraph_xtcu6_10 layout-component text-serif-m layout-normal text-serif-m layout-padded\">Litt s\u00e5nn som du f\u00e5r kaffen i Syden. <\/p>\n<p class=\"_paragraph_o9xde_4 _paragraph_xtcu6_10 layout-component text-serif-m layout-normal text-serif-m layout-padded\">\u2013 Enkelt sagt kan vi si at kaffen i Norge kommer til \u00e5 bli mer som kaffen du f\u00e5r rundt Middelhavet, sier Ros\u00e9n. <\/p>\n<p class=\"_paragraph_o9xde_4 _paragraph_xtcu6_10 layout-component text-serif-m layout-normal text-serif-m layout-padded\">\u2013 Den er ikke best, men den t\u00e5ler mer v\u00e6r og varme.<\/p>\n<p class=\"_paragraph_o9xde_4 _paragraph_xtcu6_10 layout-component text-serif-m layout-normal text-serif-m layout-padded\">Ros\u00e9n sier det ikke finnes noen \u00abquick fix\u00bb p\u00e5 kaffe-problemet. Hun sier et \u00f8kt fokus p\u00e5 regenerativt landbrukregenerativt landbrukIf\u00f8ge Ros\u00e9n g\u00e5r dette ut p\u00e5 \u00e5 hjelpe b\u00f8ndene med \u00e5 l\u00e6re dyrkingsmetoder som bedrer jordsmonnet og diversifisering av hva de dyrker som kan gi dem b\u00e5de alternative inntektskilder og at kaffeplantene t\u00e5ler klimautfordringene bedre. hos b\u00f8ndene er viktig.<\/p>\n<p class=\"_paragraph_o9xde_4 _paragraph_xtcu6_10 layout-component text-serif-m layout-normal text-serif-m layout-padded\">I tillegg m\u00e5 det skapes bevissthet om at den gode kaffekoppen ikke kan tas for gitt, if\u00f8lge Ros\u00e9n. <\/p>\n<p><img alt=\"Foto: Jan Ovind \/ VG\" class=\"_image_qp4xg_65 layout-component layout-normal\" data-fullscreen- data-track-element-type=\"Article image fullscreen\" data-track-name=\"ImageFullscreen\" decoding=\"async\" loading=\"lazy\" height=\"3072\" itemprop=\"image\"  src=\"https:\/\/www.europesays.com\/no\/wp-content\/uploads\/2025\/12\/0e1972e5-3e83-4fff-9da4-da2184407bb4\"  style=\"object-position:0% 0%\" width=\"2304\"\/>Foto: Jan Ovind \/ VG<\/p>\n<p class=\"_paragraph_o9xde_4 _paragraph_xtcu6_10 layout-component text-serif-m layout-normal text-serif-m layout-padded\"><strong class=\"_strong_o9xde_25\">\u2013 Vi m\u00e5 slutte \u00e5 g\u00e5 p\u00e5 autopilot og tro at kaffe alltid skal koste det samme og smake likt. <\/strong><\/p>\n<p class=\"_paragraph_o9xde_4 _paragraph_xtcu6_10 layout-component text-serif-m layout-normal text-serif-m layout-padded\">Hun sier at kaffe ikke er en bruk-og-kast-vare. Tiden for \u00e5 brygge en hel kanne og helle ut halve, b\u00f8r v\u00e6re forbi. <\/p>\n<p class=\"_paragraph_o9xde_4 _paragraph_xtcu6_10 layout-component text-serif-m layout-normal text-serif-m layout-padded\">\u2013 Det ville man aldri gjort med en flaske champagne. Vi m\u00e5 forst\u00e5 verdien av kaffen, av menneskene som dyrker den, og av b\u00e6rekraftige dyrkingsmetoder.<\/p>\n","protected":false},"excerpt":{"rendered":"Om utviklingen fortsetter m\u00e5 nordmenn venne seg til en helt ny kaffesmak. Norske forbrukere er bortskjemt p\u00e5 kvalitetskaffe,&hellip;\n","protected":false},"author":2,"featured_media":103917,"comment_status":"","ping_status":"","sticky":false,"template":"","format":"standard","meta":{"footnotes":""},"categories":[5],"tags":[20,21,24,25,15,19,1227,22,23,17,18,13071,13,30,28,29,14,16,26,27],"class_list":{"0":"post-103916","1":"post","2":"type-post","3":"status-publish","4":"format-standard","5":"has-post-thumbnail","7":"category-overskrifter","8":"tag-breaking-news","9":"tag-breakingnews","10":"tag-featured-news","11":"tag-featurednews","12":"tag-headlines","13":"tag-hovedoppslag","14":"tag-kaffe","15":"tag-latest-news","16":"tag-latestnews","17":"tag-main-news","18":"tag-mainnews","19":"tag-nestle","20":"tag-news","21":"tag-no","22":"tag-norge","23":"tag-norway","24":"tag-nyheter","25":"tag-overskrifter","26":"tag-top-stories","27":"tag-topstories"},"share_on_mastodon":{"url":"https:\/\/pubeurope.com\/@no\/115660802530159728","error":""},"_links":{"self":[{"href":"https:\/\/www.europesays.com\/no\/wp-json\/wp\/v2\/posts\/103916","targetHints":{"allow":["GET"]}}],"collection":[{"href":"https:\/\/www.europesays.com\/no\/wp-json\/wp\/v2\/posts"}],"about":[{"href":"https:\/\/www.europesays.com\/no\/wp-json\/wp\/v2\/types\/post"}],"author":[{"embeddable":true,"href":"https:\/\/www.europesays.com\/no\/wp-json\/wp\/v2\/users\/2"}],"replies":[{"embeddable":true,"href":"https:\/\/www.europesays.com\/no\/wp-json\/wp\/v2\/comments?post=103916"}],"version-history":[{"count":0,"href":"https:\/\/www.europesays.com\/no\/wp-json\/wp\/v2\/posts\/103916\/revisions"}],"wp:featuredmedia":[{"embeddable":true,"href":"https:\/\/www.europesays.com\/no\/wp-json\/wp\/v2\/media\/103917"}],"wp:attachment":[{"href":"https:\/\/www.europesays.com\/no\/wp-json\/wp\/v2\/media?parent=103916"}],"wp:term":[{"taxonomy":"category","embeddable":true,"href":"https:\/\/www.europesays.com\/no\/wp-json\/wp\/v2\/categories?post=103916"},{"taxonomy":"post_tag","embeddable":true,"href":"https:\/\/www.europesays.com\/no\/wp-json\/wp\/v2\/tags?post=103916"}],"curies":[{"name":"wp","href":"https:\/\/api.w.org\/{rel}","templated":true}]}}