{"id":103920,"date":"2025-12-04T10:23:12","date_gmt":"2025-12-04T10:23:12","guid":{"rendered":"https:\/\/www.europesays.com\/no\/103920\/"},"modified":"2025-12-04T10:23:12","modified_gmt":"2025-12-04T10:23:12","slug":"linni-meister-brakk-kragebeinet-pa-40-arsdagen","status":"publish","type":"post","link":"https:\/\/www.europesays.com\/no\/103920\/","title":{"rendered":"Linni Meister brakk kragebeinet p\u00e5 40-\u00e5rsdagen"},"content":{"rendered":"\n<p class=\"_lead_o9xde_2 _lead_xtcu6_50 layout-component text-serif-m layout-normal text-serif-l layout-component layout-wide layout-padded _wide_17hqh_1 layout-padded\">Meister ble fraktet til sykehus etter uhell under bursdagsfeiringen.<\/p>\n<p><img alt=\"Linni Meister fyller 40 \u00e5r 4. desember. Foto: Gabriel Aas Sk\u00e5levik \/ VG\" class=\"_image_qp4xg_65 layout-component layout-wide\" data-fullscreen- data-track-element-type=\"Article image fullscreen\" data-track-name=\"ImageFullscreen\" fetchpriority=\"high\" decoding=\"sync\" loading=\"eager\" height=\"4000\" itemprop=\"image\"  src=\"https:\/\/www.europesays.com\/no\/wp-content\/uploads\/2025\/12\/279bc821-fb74-4278-8f4b-8ce2629e8613\"  style=\"object-position:0% 0%\" width=\"6000\"\/>Linni Meister fyller 40 \u00e5r 4. desember. Foto: Gabriel Aas Sk\u00e5levik \/ VG<\/p>\n<ul aria-hidden=\"true\" class=\"_images_1uft6_111\">\n<li><a class=\"_link_1uft6_116\" href=\"https:\/\/www.vg.no\/forfatter\/ingrid-storeboe\" style=\"z-index:1\" title=\"Ingrid Storeb\u00f8\" rel=\"nofollow noopener\" target=\"_blank\"><img alt=\"Bilde av Ingrid Storeb\u00f8\" class=\"_image_1uft6_93\" fetchpriority=\"low\" loading=\"lazy\" decoding=\"async\" itemprop=\"image\"  src=\"https:\/\/www.europesays.com\/no\/wp-content\/uploads\/2025\/12\/1764843791_662_b3fc896d-536d-4041-8257-79b6b2cd3323\"  width=\"480\"\/><\/a><\/li>\n<\/ul>\n<p> Oppdatert torsdag 4. desember kl. 08:53     <\/p>\n<p class=\"_paragraph_o9xde_4 _paragraph_xtcu6_10 layout-component text-serif-m layout-normal text-serif-m layout-padded\"><a href=\"https:\/\/www.vg.no\/tag\/linni-meister?utm_source=vg-article&amp;utm_medium=auto-tagger&amp;utm_campaign=RjxxmO\" class=\"_link_o9xde_39\" rel=\"nofollow noopener\" target=\"_blank\">Linni Meister<\/a> fyller 40 \u00e5r i dag, men bursdagsfeiringen endte p\u00e5 legevakten.<\/p>\n<p class=\"_paragraph_o9xde_4 _paragraph_xtcu6_10 layout-component text-serif-m layout-normal text-serif-m layout-padded\">Onsdag kveld feiret hun p\u00e5 forh\u00e5nd med venner, men da klokken bikket midnatt tok kvelden en dramatisk vending.<\/p>\n<p class=\"_paragraph_o9xde_4 _paragraph_xtcu6_10 layout-component text-serif-m layout-normal text-serif-m layout-padded\">P\u00e5 Snapchat forteller 40-\u00e5ringen hva som skjedde:<\/p>\n<p class=\"_paragraph_o9xde_4 _paragraph_xtcu6_10 layout-component text-serif-m layout-normal text-serif-m layout-padded\">\u2013 En venn skulle l\u00f8fte meg opp etter klokken 00:00 for \u00e5 rope at jeg har bursdag, og i det vedkommende snurrer meg rundt mistet vedkommende meg med hodet i kanten p\u00e5 et bord, s\u00e5 jeg brakk kragebeinet mitt, skriver Meister p\u00e5 Snapchat.<\/p>\n<p class=\"_paragraph_o9xde_4 _paragraph_xtcu6_10 layout-component text-serif-m layout-normal text-serif-m layout-padded\">Det var <a href=\"https:\/\/www.dagbladet.no\/kjendis\/hastet-til-sykehus-etter-bursdagsfeiring\/83936481\" class=\"_link_o9xde_39\" rel=\"nofollow noopener\" target=\"_blank\">Dagbladet <\/a>som meldte saken f\u00f8rst. <\/p>\n<p class=\"_paragraph_o9xde_4 _paragraph_xtcu6_10 layout-component text-serif-m layout-normal text-serif-m layout-padded\">Hun delte bilder fra ambulansen hvor hun ligger i b\u00e5re med h\u00e5nden i fanget p\u00e5 en ambulansearbeider. I neste bilde forteller hun at hun \u00abskriker litt av smerter\u00bb, men at hun pr\u00f8ver \u00e5 tulle det bort.<\/p>\n<ul class=\"_gallery_1qa3s_23\" tabindex=\"0\">\n<li class=\"_item_1qa3s_37\" data-index=\"0\"><img decoding=\"async\" class=\"_image_foru8_23 _articleGallery_foru8_39\" data-fullscreen- width=\"1179\" height=\"1473\" itemprop=\"image\" loading=\"lazy\"  src=\"https:\/\/www.europesays.com\/no\/wp-content\/uploads\/2025\/12\/e874dbbb-092c-4e97-b1e5-5481e1c6b8e6\"  style=\"object-position:50% 50%;aspect-ratio:var(--gallery-aspect-ratio, 16 \/ 9)\"\/><\/li>\n<li class=\"_item_1qa3s_37\" data-index=\"1\"><img decoding=\"async\" class=\"_image_foru8_23 _articleGallery_foru8_39\" data-fullscreen- width=\"1179\" height=\"1889\" itemprop=\"image\" loading=\"lazy\"  src=\"https:\/\/www.europesays.com\/no\/wp-content\/uploads\/2025\/12\/78320d3b-d18b-472e-b6e0-db810cacb1fb\"  style=\"object-position:50% 50%;aspect-ratio:var(--gallery-aspect-ratio, 16 \/ 9)\"\/><\/li>\n<\/ul>\n<p class=\"_paragraph_o9xde_4 _paragraph_xtcu6_10 layout-component text-serif-m layout-normal text-serif-m layout-padded\">Blant gjestene p\u00e5 festen var kjente ansikt som Lilli Bendriss, Anette B\u00f8e, Mia Gundersen og Mari Haugersveen. Stemningen virket \u00e5 v\u00e6re sv\u00e6rt god f\u00f8r uhellet skjedde.<\/p>\n<p class=\"_paragraph_o9xde_4 _paragraph_xtcu6_10 layout-component text-serif-m layout-normal text-serif-m layout-padded\">\u2013 Denne gangen var ikke jeg en kl\u00f8ne, skriver Meister p\u00e5 en video som viser at hun trilles ut av ambulansen med armen i fatle.<\/p>\n<p class=\"_paragraph_o9xde_4 _paragraph_xtcu6_10 layout-component text-serif-m layout-normal text-serif-m layout-padded\">Fra det som tilsynelatende er legevakten, deler hun en selfie med teksten:<\/p>\n<p class=\"_paragraph_o9xde_4 _paragraph_xtcu6_10 layout-component text-serif-m layout-normal text-serif-m layout-padded\">\u2013 Jeg er ingen sterk kjerring. Dette skal g\u00e5 bra. Ingenting skal brekke meg, bortsett fra kragebeinet mitt.<\/p>\n","protected":false},"excerpt":{"rendered":"Meister ble fraktet til sykehus etter uhell under bursdagsfeiringen. Linni Meister fyller 40 \u00e5r 4. desember. Foto: Gabriel&hellip;\n","protected":false},"author":2,"featured_media":103921,"comment_status":"","ping_status":"","sticky":false,"template":"","format":"standard","meta":{"footnotes":""},"categories":[58],"tags":[71,2404,30,28,29,72,46],"class_list":{"0":"post-103920","1":"post","2":"type-post","3":"status-publish","4":"format-standard","5":"has-post-thumbnail","7":"category-underholdning","8":"tag-entertainment","9":"tag-linni-meister","10":"tag-no","11":"tag-norge","12":"tag-norway","13":"tag-underholdning","14":"tag-vgai"},"share_on_mastodon":{"url":"https:\/\/pubeurope.com\/@no\/115660810378582151","error":""},"_links":{"self":[{"href":"https:\/\/www.europesays.com\/no\/wp-json\/wp\/v2\/posts\/103920","targetHints":{"allow":["GET"]}}],"collection":[{"href":"https:\/\/www.europesays.com\/no\/wp-json\/wp\/v2\/posts"}],"about":[{"href":"https:\/\/www.europesays.com\/no\/wp-json\/wp\/v2\/types\/post"}],"author":[{"embeddable":true,"href":"https:\/\/www.europesays.com\/no\/wp-json\/wp\/v2\/users\/2"}],"replies":[{"embeddable":true,"href":"https:\/\/www.europesays.com\/no\/wp-json\/wp\/v2\/comments?post=103920"}],"version-history":[{"count":0,"href":"https:\/\/www.europesays.com\/no\/wp-json\/wp\/v2\/posts\/103920\/revisions"}],"wp:featuredmedia":[{"embeddable":true,"href":"https:\/\/www.europesays.com\/no\/wp-json\/wp\/v2\/media\/103921"}],"wp:attachment":[{"href":"https:\/\/www.europesays.com\/no\/wp-json\/wp\/v2\/media?parent=103920"}],"wp:term":[{"taxonomy":"category","embeddable":true,"href":"https:\/\/www.europesays.com\/no\/wp-json\/wp\/v2\/categories?post=103920"},{"taxonomy":"post_tag","embeddable":true,"href":"https:\/\/www.europesays.com\/no\/wp-json\/wp\/v2\/tags?post=103920"}],"curies":[{"name":"wp","href":"https:\/\/api.w.org\/{rel}","templated":true}]}}