{"id":103930,"date":"2025-12-04T10:33:11","date_gmt":"2025-12-04T10:33:11","guid":{"rendered":"https:\/\/www.europesays.com\/no\/103930\/"},"modified":"2025-12-04T10:33:11","modified_gmt":"2025-12-04T10:33:11","slug":"linni-meister-ulykke-linni-meister-hastet-til-sykehus","status":"publish","type":"post","link":"https:\/\/www.europesays.com\/no\/103930\/","title":{"rendered":"Linni meister, Ulykke | Linni Meister hastet til sykehus"},"content":{"rendered":"\n<p>Onsdag kveld feiret TV-profil Linni Meister (39) bursdagen sin i T\u00f8nsberg, men kvelden tok en dramatisk vending da festlighetene plutselig ble avbrutt.<\/p>\n<p>P\u00e5 Snapchat skriver Meister at hun ble fraktet til sykehus etter en ulykke:\u00a0<\/p>\n<p>\u00abEn venn skulle l\u00f8fte meg opp etter klokka 00:00 for \u00e5 rope at jeg har bursdag, og i det vedkommende snurrer meg rundt mistet vedkommende meg med hodet i kanten p\u00e5 et bord, s\u00e5 jeg BRAKK kragebeinet mitt. Min uflaks\u00bb, skriver 40-\u00e5ringen.\u00a0<\/p>\n<p>   <img decoding=\"async\" width=\"1179\" height=\"1890\" fetchpriority=\"low\"  loading=\"lazy\"  src=\"https:\/\/www.europesays.com\/no\/wp-content\/uploads\/2025\/12\/IMG_9367.jpg\" alt=\"\" class=\"brick-c-cFOWSL\" style=\"--brick-image-ratio: 1179 \/ 1890;\"\/><\/p>\n<p>      AMBULANSE: Linni Meister m\u00e5tte bli hentet i ambulanse etter en fallulykke i sin egen bursdagsfeiring.<br \/>\n      Foto: Skjermdump (Snapchat)\n    <\/p>\n<p>TV-profilen understreker at det var et uhell, og at hun ikke selv var \u00e5rsaken til ulykken.<\/p>\n<p><a rel=\"Follow nofollow noopener\" href=\"https:\/\/www.dagbladet.no\/kjendis\/hastet-til-sykehus-etter-bursdagsfeiring\/83936481\" target=\"_blank\">Dagbladet<\/a> omtalte saken f\u00f8rst.\u00a0<\/p>\n<p><b>Les ogs\u00e5:<a rel=\"Follow nofollow noopener\" href=\"https:\/\/www.nettavisen.no\/kjendis\/linni-meister-fikk-millionbeskjed-endelig-noe-bra-som-skjedde\/s\/5-95-2507229\" target=\"_blank\"> Linni Meister fikk millionbeskjed: \u2013 Endelig noe bra som skjedde<\/a><\/b><\/p>\n<p>Tidligere p\u00e5 kvelden delte Meister flere glimt fra bursdagsfeiringen, hvor man kunne se flere kjente fjes \u2013 blant dem Mia Gundersen (64), Anette B\u00f8e (68) og Lilli Bendriss (79).<\/p>\n<p>   <img decoding=\"async\" width=\"1179\" height=\"2085\" fetchpriority=\"low\"  loading=\"lazy\"  src=\"https:\/\/www.europesays.com\/no\/wp-content\/uploads\/2025\/12\/IMG_9370.jpg\" alt=\"\" class=\"brick-c-cFOWSL\" style=\"--brick-image-ratio: 1179 \/ 2085;\"\/><\/p>\n<p>      FEIRING: Linni Meister feiret 40 \u00e5r sammen med flere gode venner i T\u00f8nsberg.<br \/>\n      Foto: Skjermdump (Snapchat)\n    <\/p>\n<p>Linni Meister har forel\u00f8pig ikke besvart Nettavisens henvendelse.\u00a0<\/p>\n<p>    Vil du se neste video?<\/p>\n<p>    <a href=\"https:\/\/www.nettavisen.no\/fredrik-solvang\/jonas-gahr-store\/debatten\/fredrik-solvang-himler-av-jonas-gahr-store-men-i-alle\/v\/5-95-2751917\" class=\"recommend-poster\" data-adp-clicklabel=\"video-recommend\" data-adp-clickvalue=\"poster\" rel=\"nofollow noopener\" target=\"_blank\"><br \/>\n      <img decoding=\"async\" width=\"200\" height=\"200\" loading=\"lazy\" src=\"https:\/\/www.europesays.com\/no\/wp-content\/uploads\/2025\/11\/Solvang+bredde.jpg\" alt=\"\" class=\"brick-c-cFOWSL\" style=\"--brick-image-ratio: 200 \/ 200;\"\/><\/p>\n<p>Himler av St\u00f8re: \u2013 Men i alle\u20261:06<\/p>\n<p>    <\/a><\/p>\n<p>    Vil du se neste video?<\/p>\n<p>    <a href=\"https:\/\/www.nettavisen.no\/fredrik-solvang\/jonas-gahr-store\/debatten\/fredrik-solvang-himler-av-jonas-gahr-store-men-i-alle\/v\/5-95-2751917\" class=\"recommend-poster\" data-adp-clicklabel=\"video-recommend\" data-adp-clickvalue=\"poster\" rel=\"nofollow noopener\" target=\"_blank\"><br \/>\n      <img decoding=\"async\" width=\"200\" height=\"200\" loading=\"lazy\" src=\"https:\/\/www.europesays.com\/no\/wp-content\/uploads\/2025\/11\/Solvang+bredde.jpg\" alt=\"\" class=\"brick-c-cFOWSL\" style=\"--brick-image-ratio: 200 \/ 200;\"\/><\/p>\n<p>Himler av St\u00f8re: \u2013 Men i alle\u20261:06<\/p>\n<p>    <\/a><\/p>\n","protected":false},"excerpt":{"rendered":"Onsdag kveld feiret TV-profil Linni Meister (39) bursdagen sin i T\u00f8nsberg, men kvelden tok en dramatisk vending da&hellip;\n","protected":false},"author":2,"featured_media":103931,"comment_status":"","ping_status":"","sticky":false,"template":"","format":"standard","meta":{"footnotes":""},"categories":[58],"tags":[71,30,28,29,72],"class_list":{"0":"post-103930","1":"post","2":"type-post","3":"status-publish","4":"format-standard","5":"has-post-thumbnail","7":"category-underholdning","8":"tag-entertainment","9":"tag-no","10":"tag-norge","11":"tag-norway","12":"tag-underholdning"},"share_on_mastodon":{"url":"https:\/\/pubeurope.com\/@no\/115660849674934648","error":""},"_links":{"self":[{"href":"https:\/\/www.europesays.com\/no\/wp-json\/wp\/v2\/posts\/103930","targetHints":{"allow":["GET"]}}],"collection":[{"href":"https:\/\/www.europesays.com\/no\/wp-json\/wp\/v2\/posts"}],"about":[{"href":"https:\/\/www.europesays.com\/no\/wp-json\/wp\/v2\/types\/post"}],"author":[{"embeddable":true,"href":"https:\/\/www.europesays.com\/no\/wp-json\/wp\/v2\/users\/2"}],"replies":[{"embeddable":true,"href":"https:\/\/www.europesays.com\/no\/wp-json\/wp\/v2\/comments?post=103930"}],"version-history":[{"count":0,"href":"https:\/\/www.europesays.com\/no\/wp-json\/wp\/v2\/posts\/103930\/revisions"}],"wp:featuredmedia":[{"embeddable":true,"href":"https:\/\/www.europesays.com\/no\/wp-json\/wp\/v2\/media\/103931"}],"wp:attachment":[{"href":"https:\/\/www.europesays.com\/no\/wp-json\/wp\/v2\/media?parent=103930"}],"wp:term":[{"taxonomy":"category","embeddable":true,"href":"https:\/\/www.europesays.com\/no\/wp-json\/wp\/v2\/categories?post=103930"},{"taxonomy":"post_tag","embeddable":true,"href":"https:\/\/www.europesays.com\/no\/wp-json\/wp\/v2\/tags?post=103930"}],"curies":[{"name":"wp","href":"https:\/\/api.w.org\/{rel}","templated":true}]}}