{"id":103934,"date":"2025-12-04T10:38:20","date_gmt":"2025-12-04T10:38:20","guid":{"rendered":"https:\/\/www.europesays.com\/no\/103934\/"},"modified":"2025-12-04T10:38:20","modified_gmt":"2025-12-04T10:38:20","slug":"skatt-2024-alstahaug-ordforeren-tjente-93-millioner-i-2024-jeg-er-mest-opptatt-av-a-gjore-en-jobb-isandnessjoen","status":"publish","type":"post","link":"https:\/\/www.europesays.com\/no\/103934\/","title":{"rendered":"Skatt 2024, Alstahaug | Ordf\u00f8reren tjente 9,3 millioner i 2024: \u2013 Jeg er mest opptatt av \u00e5 gj\u00f8re en jobb &#8211; iSandnessj\u00f8en"},"content":{"rendered":"<ol>\n<li><a href=\"https:\/\/news.google.com\/rss\/articles\/CBMivgFBVV95cUxPZEo4ZExPbFlUQ1pFVW5WTmNWT3JtaGU5WllqWmRFNE8wczVoWjVwU3M2cXphTDBqX0xiWWlUT05udXNYVWUxWF91TFdUbF9MTHFUaUJ1X0wzUzRmMEl1a2pWVDZwX2pINkl4NE9NYjZ1SEQ1eVFWc1RTSE1IYlN0TGJ2cUlPVzNzWjROTkY1WkVwTHFhdmU0RmFjcXM3b1k3aWRhQUFHWV8zQTczOUZjS2cyeDVYUmRGR2NwVkpR?oc=5\" target=\"_blank\" rel=\"nofollow noopener\">Skatt 2024, Alstahaug | Ordf\u00f8reren tjente 9,3 millioner i 2024: \u2013 Jeg er mest opptatt av \u00e5 gj\u00f8re en jobb<\/a>&nbsp;&nbsp;iSandnessj\u00f8en<\/li>\n<li><a href=\"https:\/\/news.google.com\/rss\/articles\/CBMi3wFBVV95cUxPeF9yN3kzUkZ1NFZFTlBfWkpEVW5hVTc4a2lTMFEzX0dvZ2hyZ2VmQWtPNzdJTDVJV2RCTjk4bHNtVUF6Vmw1aERIMkVDdldYc3ZtWkROOUl5ZlV5U1Jxc1VibkJVSmc3RHF2Y2tLaEJ3QTlJbllyRVNBeGI0ZC12VWNTMTVvbGFnZE1HZGZMM1ZVME1hRDAtbVJIWXBrbC1UeUJGejFGcy01OFdaTUxYaTNoUUdxb19kaWRTLTRlSC1MRjQwQWViRkpjYmtsVEh1aDZPbTE2SFVuMjEwNE5r?oc=5\" target=\"_blank\" rel=\"nofollow noopener\">Nei, Robert Pettersen topper verken inntekt- eller formuelista for ordf\u00f8rere og kommunedirekt\u00f8rer &#8211; i \u00e5r heller<\/a>&nbsp;&nbsp;Rana Blad<\/li>\n<li><a href=\"https:\/\/news.google.com\/rss\/articles\/CBMigAFBVV95cUxPUHJPbDN0RVZPbThXZ2dhTVg5bWtFQ3FNc1Rzc0luWkZDMzFaX0sxSHh4dHBhcUJsaVEyeHNSZ0lzaElIRWhnS1lSUTkyb0RYRmZRV2FSeGFPeEE4RXZxQjZnVDRONDJzUk1rNjM4UUhvbjBOdHZEWHprRHItWHZnOQ?oc=5\" target=\"_blank\" rel=\"nofollow noopener\">Se hva ordf\u00f8reren din tjente i fjor<\/a>&nbsp;&nbsp;banett.no<\/li>\n<li><a href=\"https:\/\/news.google.com\/rss\/articles\/CBMif0FVX3lxTFBsanNWaUtWODNwYlYzdjJfVnFwR0V5SmFoelRWMlI1WkV3bXlpOV9OUlFwSFVPWkxYd29wdzVDblZUbnJiN0NkQWxINmgxd2FybkdGQzJ3Zlc2ZU54MFpPbzhzNGNTaW55MnlVRVI5WnZMdm94TXpDVWNSRnU5ZFE?oc=5\" target=\"_blank\" rel=\"nofollow noopener\">Ordf\u00f8rer tjente mest i Vevelstad<\/a>&nbsp;&nbsp;banett.no<\/li>\n<li><a href=\"https:\/\/news.google.com\/rss\/articles\/CBMiwAFBVV95cUxNXzFnbEJUUEFCeGtZQzhYclZHbVJKbUZBVlR6dGVQeXR5WUltQjBNd0R3WDEyN0ZkNGt2SVNzWTJ5N3ZqbzNnN2lFcGVmam1GMk9WM2RBUUljOUFESm0taTkwU3hhRF9NQ3BhOGJsR2Q0NWFhOGx1dUlSUjJjMEZITUJiUmpJa3N5RzFwMzhQVnJZUERSTmNFSjlkY3lReE12cmt3UElITXZpMU9HamZ6THFfdWl4aXEyS2FVZElNeEM?oc=5\" target=\"_blank\" rel=\"nofollow noopener\">Nykommer p\u00e5 topplista i Alstahaug &#8211; ordf\u00f8reren har \u00f8kt inntekt p\u00e5 flere millioner<\/a>&nbsp;&nbsp;iSandnessj\u00f8en<\/li>\n<\/ol>\n","protected":false},"excerpt":{"rendered":"Skatt 2024, Alstahaug | Ordf\u00f8reren tjente 9,3 millioner i 2024: \u2013 Jeg er mest opptatt av \u00e5 gj\u00f8re&hellip;\n","protected":false},"author":2,"featured_media":103935,"comment_status":"","ping_status":"","sticky":false,"template":"","format":"standard","meta":{"footnotes":""},"categories":[10],"tags":[20,21,24,25,15,22,23,13,30,28,29,14,16,26,27],"class_list":{"0":"post-103934","1":"post","2":"type-post","3":"status-publish","4":"format-standard","5":"has-post-thumbnail","7":"category-norge","8":"tag-breaking-news","9":"tag-breakingnews","10":"tag-featured-news","11":"tag-featurednews","12":"tag-headlines","13":"tag-latest-news","14":"tag-latestnews","15":"tag-news","16":"tag-no","17":"tag-norge","18":"tag-norway","19":"tag-nyheter","20":"tag-overskrifter","21":"tag-top-stories","22":"tag-topstories"},"share_on_mastodon":{"url":"https:\/\/pubeurope.com\/@no\/115660869017709021","error":""},"_links":{"self":[{"href":"https:\/\/www.europesays.com\/no\/wp-json\/wp\/v2\/posts\/103934","targetHints":{"allow":["GET"]}}],"collection":[{"href":"https:\/\/www.europesays.com\/no\/wp-json\/wp\/v2\/posts"}],"about":[{"href":"https:\/\/www.europesays.com\/no\/wp-json\/wp\/v2\/types\/post"}],"author":[{"embeddable":true,"href":"https:\/\/www.europesays.com\/no\/wp-json\/wp\/v2\/users\/2"}],"replies":[{"embeddable":true,"href":"https:\/\/www.europesays.com\/no\/wp-json\/wp\/v2\/comments?post=103934"}],"version-history":[{"count":0,"href":"https:\/\/www.europesays.com\/no\/wp-json\/wp\/v2\/posts\/103934\/revisions"}],"wp:featuredmedia":[{"embeddable":true,"href":"https:\/\/www.europesays.com\/no\/wp-json\/wp\/v2\/media\/103935"}],"wp:attachment":[{"href":"https:\/\/www.europesays.com\/no\/wp-json\/wp\/v2\/media?parent=103934"}],"wp:term":[{"taxonomy":"category","embeddable":true,"href":"https:\/\/www.europesays.com\/no\/wp-json\/wp\/v2\/categories?post=103934"},{"taxonomy":"post_tag","embeddable":true,"href":"https:\/\/www.europesays.com\/no\/wp-json\/wp\/v2\/tags?post=103934"}],"curies":[{"name":"wp","href":"https:\/\/api.w.org\/{rel}","templated":true}]}}