{"id":103940,"date":"2025-12-04T10:48:13","date_gmt":"2025-12-04T10:48:13","guid":{"rendered":"https:\/\/www.europesays.com\/no\/103940\/"},"modified":"2025-12-04T10:48:13","modified_gmt":"2025-12-04T10:48:13","slug":"skolestilen-gry-skrev-var-sa-rystende-at-hun-ble-utvist","status":"publish","type":"post","link":"https:\/\/www.europesays.com\/no\/103940\/","title":{"rendered":"Skolestilen Gry skrev var s\u00e5 rystende at hun ble utvist"},"content":{"rendered":"<p>\u2013 Jeg tror aldri moren eller faren min noen gang sa til oss s\u00f8stre at de var glade i oss. Og ingen av oss har nok noen gang sittet p\u00e5 deres fang, sier Gry Wigre.\u00a0<\/p>\n<p>Hun har satt frem Mummikopper, kjeks og kaffe p\u00e5 termos. Det er koselig hjemme hos henne i huset p\u00e5 Nesodden. Utenfor verandad\u00f8ren er det en dam med vannliljer der en andefamilie sv\u00f8mmer forbi. Stolte foreldre med en flokk andunger. Den omsorgen andungene opplever har aldri Gry hatt. Men hun har klart \u00e5 holde seg flytende.\u00a0<\/p>\n<p>12-\u00e5ring p\u00e5 fyllefest<\/p>\n<p>Foran henne p\u00e5 bordet ligger boken \u00abFull i Bikini\u00bb, skrevet av Gry.\u00a0Bokcoveret viser et bilde av en ung jente som lener hodet bakover mens en m\u00f8rkh\u00e5ret mann heller drikke ned i munnen hennes.<\/p>\n<p>\u2013 Det er meg, ja. Gry smiler, selv om det som skjer p\u00e5 bildet, er tragisk.<\/p>\n<p>\u2013 Jeg er p\u00e5 grisefest p\u00e5 Mallorca. Det var jo sv\u00e6rt p\u00e5 70-tallet. Moren og faren min var sammen med oss, de drakk og danset og hadde det g\u00f8y. De elsket grisefestene, forteller hun.<\/p>\n<p>\u2013 Men det var jo helt sykt. At en 12-\u00e5ring drikker seg full og at foreldrene synes det er helt greit. Eller, sannheten er at de brydde seg ikke.<\/p>\n<p>                <img decoding=\"async\" src=\"https:\/\/www.europesays.com\/no\/wp-content\/uploads\/2025\/12\/7578108.webp\" width=\"480\" height=\"370\" title=\"\u00abHELT SYKT\u00bb: Gry var if\u00f8lge henne selv 12 \u00e5r da dette bildet ble tatt. Bildet er blitt coveret p\u00e5 den nye boka.\" alt=\"\" loading=\"lazy\" style=\"\"\/><\/p>\n<p>\n            \u00abHELT SYKT\u00bb: Gry var if\u00f8lge henne selv 12 \u00e5r da dette bildet ble tatt. Bildet er blitt coveret p\u00e5 den nye boka.<br \/>\n            Privat\n        <\/p>\n<p>Tung bagasje<\/p>\n<p>I boken deler hun fra en brutal historie om oppveksten med to alkoholiserte foreldre, og om fire s\u00f8stre som p\u00e5 hver sin m\u00e5te l\u00e6rte seg \u00e5 leve med utrygghet og usikkerhet, og som p\u00e5 hver sin m\u00e5te har greid \u00e5 g\u00e5 videre, med en bagasje de aldri blir kvitt.<\/p>\n<p>\u00a0\u2013 Det er en roman, men alt som st\u00e5r der, har skjedd, selv om karakterene i boka ikke alltid stemmer overens med hendelsene. Og hovedpersonen er veldig lik meg, selv om hun har et annet navn, sier Gry.<\/p>\n<p>                <img decoding=\"async\" src=\"https:\/\/www.europesays.com\/no\/wp-content\/uploads\/2025\/12\/7578090.webp\" width=\"480\" height=\"502\" title=\"SYDENTUR: Gry og mamma June ankommer Mallorca i 1976. Her skal hun oppleve fyll og grisefester. Hun er\u00a012 \u00e5r. Den gangen var det naturlig at det sto\u00a0fotografer p\u00e5 flyplassen n\u00e5r man gikk av flyet \u2013 og s\u00e5 kunne du kj\u00f8pe bildene etterp\u00e5.\" alt=\"\" loading=\"lazy\" style=\"\"\/><\/p>\n<p>\n            <b>SYDENTUR:<\/b> Gry og mamma June ankommer Mallorca i 1976. Her skal hun oppleve fyll og grisefester. Hun er\u00a012 \u00e5r. Den gangen var det naturlig at det sto\u00a0fotografer p\u00e5 flyplassen n\u00e5r man gikk av flyet \u2013 og s\u00e5 kunne du kj\u00f8pe bildene etterp\u00e5.<br \/>\n            Privat\n        <\/p>\n<p>En form for terapi<\/p>\n<p>\u2013 Det er ganske dr\u00f8ye ting du skriver om? Hvordan har det v\u00e6rt \u00e5 dykke ned i en barndom med s\u00e5 mange vonde minner?<\/p>\n<p>\u2013 Dette er materiale jeg lenge har hatt lyst til \u00e5 bruke. Jeg ville skrive om dette og v\u00e6re brutalt \u00e6rlig i det jeg beskriver. Prosessen har p\u00e5 mange m\u00e5ter v\u00e6rt terapeutisk for meg, sier Gry.<\/p>\n<p>Hverken faren eller moren hennes lever lenger. Boka Gry har skrevet skal de aldri lese. Etter \u00e5 ha levd et hardt liv, d\u00f8de begge med kort tids mellomrom, 66 \u00e5r gamle.\u00a0<\/p>\n<p>\u2013 Jeg har ikke savnet faren min, moren min kanskje litt.<\/p>\n<p> Les ogs\u00e5 (+):\u00a0<a href=\"https:\/\/www.klikk.no\/historier\/jeg-orket-ikke-mer-og-valgte-a-skilles-fra-mannen-min-da-jeg-en-dag-gikk-forbi-huset-hans-ble-jeg-rystet-6957762\" rel=\"nofollow noopener\" target=\"_blank\">Jeg orket ikke mer og valgte \u00e5 skilles fra mannen min. Da jeg en dag gikk forbi huset hans, ble jeg rystet<\/a> <\/p>\n<p>En annerledes oppvekst<\/p>\n<p>Gry og de tre s\u00f8strene hennes vokser opp p\u00e5 et lite tettsted p\u00e5 \u00d8stlandet p\u00e5 70-tallet. I en enebolig i et rolig boligstr\u00f8k. Gry er nest yngst av de fire. Det kunne v\u00e6rt idyllisk, men det Gry og s\u00f8strene opplever, er stadige fyllefester, en far som enten var full eller bakfull. Han dirigerer familien fra den slitte lenestolen sin.\u00a0<\/p>\n<p>Moren finner seg i det meste, og er selv ogs\u00e5 over gjennomsnittlig glad i en fest. \u00c5 t\u00f8rke opp sprits\u00f8l og rydde vekk flasker og knuste glass etter foreldrene og de festglade \u00advennene, var en vanlig aktivitet for jentene.<\/p>\n<p>Selv blir Gry mer og mer grensel\u00f8s.\u00a0<\/p>\n<p>\u2013 Alt g\u00f8rret m\u00e5tte ut.<\/p>\n<p>                <img decoding=\"async\" src=\"https:\/\/www.europesays.com\/no\/wp-content\/uploads\/2025\/12\/7578094.webp\" width=\"480\" height=\"418\" title=\"BESTEFAR: Gry hadde en\u00a0kj\u00e6rlig og snill farfar. Han var ofte p\u00e5 bes\u00f8k p\u00e5 campingen og hjemme hos barnebarna. Men han if\u00f8lge Gry er dessverre ogs\u00e5 veldig glad i en \u00abtynn en\u00bb. Her sitter hun p\u00e5 armen hans i 1966.\" alt=\"\" loading=\"lazy\" style=\"\"\/><\/p>\n<p>\n            <b>BESTEFAR:<\/b> Gry hadde en\u00a0kj\u00e6rlig og snill farfar. Han var ofte p\u00e5 bes\u00f8k p\u00e5 campingen og hjemme hos barnebarna. Men han if\u00f8lge Gry er dessverre ogs\u00e5 veldig glad i en \u00abtynn en\u00bb. Her sitter hun p\u00e5 armen hans i 1966.<br \/>\n            Privat\n        <\/p>\n<p>Slem og upopul\u00e6r<\/p>\n<p>Det f\u00f8rer til mobbing, utfrysing og feil valg av venner. Men det var ikke barna som var verst. Det var l\u00e6rerne som var de verste mobberne, sier Gry.<\/p>\n<p>\u2013 De sa til barna i klassen at de ikke skulle leke med Wigre-ungene. De mente vi hadde d\u00e5rlig innflytelse og kom fra et d\u00e5rlig hjem.<\/p>\n<p>Hun kunne komme p\u00e5 skolen og oppleve at de andre barna s\u00e5\u00a0en annen vei.<\/p>\n<p>Gry trekker pusten. Hun opplevde at l\u00e6rerne s\u00e5 at de hadde de t\u00f8ft hjemme, men uten \u00e5 vise forst\u00e5else.<\/p>\n<p>\u2013 Jeg ble slem, full av misunnelse og tok mange d\u00e5rlige valg. Jeg var en som hverken l\u00e6rere eller barna i klassen likte. Og jeg kan forst\u00e5 det. Hvorfor skulle noen ville v\u00e6re sammen med meg? N\u00e5r jeg opplevde at l\u00e6rerne mobbet meg, sparket jeg nedover, og tok det ut p\u00e5 de andre barna. Jeg var en brutal, rappkjefta bajas. Men ja, jeg ba hver kveld til Gud om at jeg skulle bli snill, forteller Gry.<\/p>\n<p>                <img decoding=\"async\" src=\"https:\/\/www.europesays.com\/no\/wp-content\/uploads\/2025\/12\/7578096.webp\" width=\"480\" height=\"360\" title=\"OGS\u00c5 FINE \u00d8YEBLIKK: Her er Gry 3 \u00e5r og sitter p\u00e5 verandaen en tidlig v\u00e5rdag med s\u00f8steren Nina og moren June.\" alt=\"\" loading=\"lazy\" style=\"\"\/><\/p>\n<p>\n            <b>OGS\u00c5 FINE \u00d8YEBLIKK: <\/b>Her er Gry 3 \u00e5r og sitter p\u00e5 verandaen en tidlig v\u00e5rdag med s\u00f8steren Nina og moren June.<br \/>\n            Privat\n        <\/p>\n<p>Sjokkerende skolestil<\/p>\n<p>En skolestil der elevene skulle skrive en tekst basert p\u00e5 Edvard Munchs maleri \u00abPubertet\u00bb, f\u00f8rte til at Gry f\u00f8rst m\u00e5tte til rektor og deretter ble utvist. Dette er p\u00e5 barneskolen.<\/p>\n<p>Et lite utdrag fra teksten som f\u00e5r l\u00e6reren og rektor til \u00e5 reagere med sjokk og raseri:<\/p>\n<p>\u00abHun ser redd ut. Angrer hun p\u00e5 noe hun har gjort. Har hun pult med en gutt. Eller har en gutt voldtatt henne? Er \u00adfaren hennes Edvard Munch som tilfeldigvis er pedo? \u2026 Hun holder hendene mellom beina for \u00e5 skjule tissen sin. Det er sikkert fordi hun bl\u00f8r..\u00bb<\/p>\n<p>Teksten handlet om Munchs maleri.<\/p>\n<p>I dag ville skole, barnevern og omgivelsene spurt seg hva som foregikk og hvorfor Gry oppf\u00f8rte seg som hun gjorde. Og skrev det hun skrev. Spurt om hun hadde det vanskelig hjemme.<\/p>\n<p>\u2013 S\u00e5nn var det ikke da. Jeg ble bare stempla som umulig.<\/p>\n<p>G\u00f8y \u2013 til det bikket over<\/p>\n<p>Selv om det var lite kj\u00e6rlighet i barndommen, og det man i dag vil kalle omsorgssvikt, s\u00e5 hadde s\u00f8strene det bra materielt. Og det var alltid sosialt og mye g\u00f8y, helt frem til det morsomme ble til sn\u00f8vling og snubling. Familien var mye p\u00e5 camping, og jentene elsket friheten, det sosiale fellesskapet og foreldre som var i godt hum\u00f8r. Inntil det bikka over og alkoholen ble det viktigste.<\/p>\n<p>\u2013 Men p\u00e5 en eller annen m\u00e5te godtok vi det. Man vil jo alltid ha et b\u00e5nd og en lojalitet til foreldrene sine, uansett hvor skakkj\u00f8rte de er.<\/p>\n<p>Gry tar en slurk kaffe av Mummikoppen.<\/p>\n<p>Boka Gry har skrevet er b\u00e5de interessant og fryktelig ubehagelig. Vi m\u00f8ter p\u00e5 barn som drikker sprit. Voksne som krangler og spyr. Vold, mobbing og voldtekt. Skuffelser og svik. Og en ung jente som tiltrekkes av det destruktive. Det var i dette ungdomsmilj\u00f8et hun b\u00e5de var vitne til, og selv opplevde voldtekt.<\/p>\n<p>\u2013 Det handlet mye om uforsiktighet og en grensel\u00f8s tilv\u00e6relse.<\/p>\n<p class=\"font-weight-bold m-font-weight-bold\" data-lab-font_weight=\"font-weight-bold\">Les ogs\u00e5: (+)\u00a0<a href=\"https:\/\/www.klikk.no\/a\/7291518\" target=\"_blank\" rel=\"nofollow noopener\">D\u00f8trene mine ville nekte meg \u00e5 se barnebarna. Ultimatumet deres forandret alt<\/a><\/p>\n<p>                <img decoding=\"async\" src=\"https:\/\/www.europesays.com\/no\/wp-content\/uploads\/2025\/12\/7578092.webp\" width=\"480\" height=\"322\" title=\"DYPDYKK I BARNDOMMEN: Gry Wigre har hatt en oppvekst t\u00f8ffere enn de fleste. I dag lever hun en rolig liv p\u00e5 Nesodden, og har skrevet boka \u00abFull i bikini\u00bb basert p\u00e5 det hun selv har opplevd.\" alt=\"\" loading=\"lazy\" style=\"\"\/><\/p>\n<p>\n            <b>DYPDYKK I BARNDOMMEN: <\/b>Gry Wigre har hatt en oppvekst t\u00f8ffere enn de fleste. I dag lever hun en rolig liv p\u00e5 Nesodden, og har skrevet boka \u00abFull i bikini\u00bb basert p\u00e5 det hun selv har opplevd.<br \/>\n            Gry Traaen\n        <\/p>\n<p>Normalt liv<\/p>\n<p>At den smilende kvinnen som sitter her i dag, med to voksne barn, kj\u00e6reste, et \u00adbonusbarn og to katter har opplevd det hun skriver om, er nesten ikke til \u00e5 tro. At hun fikk utdannelse, jobb, karriere og til slutt et normalt liv, er ganske enkelt utrolig. Gry er regnskapsf\u00f8rer og driver eget firma.<\/p>\n<p>\u2013 Jeg kan til og med kose meg med et glass vin, uten at det f\u00e5r negative konsekvenser for meg selv eller noen andre, smiler Gry.<\/p>\n<p>Som mor har hun pr\u00f8vd \u00e5 gi barna sine det hun savnet i sin egen oppvekst; grenser, omsorg, \u00e6rlighet og et normalt forhold til alkohol.<\/p>\n<p>\u2013 De har nok syntes det var slitsomt at jeg har v\u00e6rt ekstra bekymret for alt som har med stoff og alkohol \u00e5 gj\u00f8re. Det har ikke v\u00e6rt totalforbud, og jeg har nok ikke v\u00e6rt strengere enn andre foreldre, bare mer bekymret antageligvis.<\/p>\n<p>\u2013 Vet de hvordan din barndom var?<\/p>\n<p>\u2013 Ja, de er veldig informert. Men de opplevde ikke mormor og bestefar p\u00e5 samme m\u00e5te som jeg, de har jo aldri levd med dem.\u00a0<\/p>\n<p>                <img decoding=\"async\" src=\"https:\/\/www.europesays.com\/no\/wp-content\/uploads\/2025\/12\/7578098.webp\" width=\"480\" height=\"321\" title=\"VONDE MINNER: \u00c5 skrive basert p\u00e5 eget liv har kostet, men har ogs\u00e5 v\u00e6rt en form for terapi. Og Gry Wigre kan n\u00e5 kalle seg forfatter.\" alt=\"\" loading=\"lazy\" style=\"\"\/><\/p>\n<p>\n            <b>VONDE MINNER:<\/b> \u00c5 skrive basert p\u00e5 eget liv har kostet, men har ogs\u00e5 v\u00e6rt en form for terapi. Og Gry Wigre kan n\u00e5 kalle seg forfatter.<br \/>\n            Gry Traaen\n        <\/p>\n<p>Tvang foreldrene\u00a0<\/p>\n<p>I likhet med foreldrene i boka, tvinger Gry og s\u00f8strene faren p\u00e5 avrusningsopphold p\u00e5 institusjonen Vangseter. N\u00e5r dette skjer er jentene voksne og de er bekymret for foreldrene.<\/p>\n<p>P\u00e5 Vangseter m\u00e5 b\u00e5de faren og resten av familien delta i terapisamtaler og snakke \u00e5pent om hvor mye alkoholen har \u00f8delagt.<\/p>\n<p>\u2013 Det var ekstremt t\u00f8ft \u00e5 skulle v\u00e6re s\u00e5 \u00e6rlig, og konfrontere faren og moren min med hvordan vi har opplevd dem, sier Gry.<\/p>\n<p>Men terapien virker. Og de siste ti \u00e5rene av livet, r\u00f8rer hverken moren eller faren alkohol.<\/p>\n<p>Rus i familien<\/p>\n<p>En unders\u00f8kelse viser at ca. 15 prosent av barn og unge (8\u201319 \u00e5r) har opplevd problemer knyttet til foreldres rusbruk \u2013 rundt 113 000 barn. (2025, Barn av Rusmisbrukere\/Ipsos.<\/p>\n<p>If\u00f8lge Folkehelseinstituttet (FHI) har opptil 100 000 barn minst \u00e9n forelder med rusproblemer.<\/p>\n<p>Mange barn lever med uro, skam og uforutsigbarhet i hverdagen.<\/p>\n<p>Trenger du noen \u00e5 snakke med? Kontakt Kors p\u00e5 halsen p\u00e5 telefon 800 333 21, eller chat anonymt p\u00e5 korsp\u00e5halsen.no.<\/p>\n<p>\u2013 Fikk de et bedre liv som t\u00f8rrlagte?<\/p>\n<p>\u2013 Nei, jeg tror ikke egentlig det. Drikkingen var jo p\u00e5 en m\u00e5te limet i tilv\u00e6relsen deres. De elsket fyll og fest, og det er jo ofte der problemet ligger.<\/p>\n<p>P\u00e5 godt og vondt<\/p>\n<p>Selv om \u00e5rene som barn i en dysfunksjonell familie er forbi, har barndommen skapt s\u00e5r som aldri helt vil gro.<\/p>\n<p>\u2013 Det har g\u00e5tt bra med oss, tross alt. Men b\u00e5de jeg og s\u00f8strene mine ble nok litt \u00f8delagt, og vi er selvsagt preget av oppveksten \u2013 p\u00e5 godt og vondt, sier Gry.\u00a0<\/p>\n<p>\u2013 Selv er jeg ofte brutalt \u00e6rlig, og kan nok virke litt konfronterende. Ikke alle liker det. Og s\u00e5 har jeg hatt problemer med relasjoner. Jeg har liksom ikke hatt troen p\u00e5 vennskap og kj\u00e6rlighet, og tenkt at jeg er litt skadet. Selv om jeg er sosialt klok. Men jeg har blitt bedre p\u00e5 relasjoner, forsikrer hun.<\/p>\n<p>\u2013 Og s\u00e5 har jeg greid \u00e5 skrive denne boka. Det er jeg stolt av.<\/p>\n<p>Det er ogs\u00e5 kj\u00e6resten og samboeren hennes. Han titter frem fra hjemmekontoret og smiler til Gry. Hun smiler tilbake. Hun har begynt \u00e5 tro p\u00e5 kj\u00e6rligheten.<\/p>\n<p>Grys s\u00f8stre har begge lest og godkjent teksten. Grys stores\u00f8ster, Aina Wigre Anmarkrud er enig i det som er beskrevet, men har ett innspill:<\/p>\n<p>\u2013 Det eneste jeg ikke er enig i er at mamma og pappa ikke fikk et bedre liv etter de hadde v\u00e6rt p\u00e5 Vangseter. Det mener jeg de fikk, sier hun.<\/p>\n","protected":false},"excerpt":{"rendered":"\u2013 Jeg tror aldri moren eller faren min noen gang sa til oss s\u00f8stre at de var glade&hellip;\n","protected":false},"author":2,"featured_media":103941,"comment_status":"","ping_status":"","sticky":false,"template":"","format":"standard","meta":{"footnotes":""},"categories":[5],"tags":[20,21,24,25,15,19,22,23,17,18,13,30,28,29,14,16,26,27],"class_list":{"0":"post-103940","1":"post","2":"type-post","3":"status-publish","4":"format-standard","5":"has-post-thumbnail","7":"category-overskrifter","8":"tag-breaking-news","9":"tag-breakingnews","10":"tag-featured-news","11":"tag-featurednews","12":"tag-headlines","13":"tag-hovedoppslag","14":"tag-latest-news","15":"tag-latestnews","16":"tag-main-news","17":"tag-mainnews","18":"tag-news","19":"tag-no","20":"tag-norge","21":"tag-norway","22":"tag-nyheter","23":"tag-overskrifter","24":"tag-top-stories","25":"tag-topstories"},"share_on_mastodon":{"url":"https:\/\/pubeurope.com\/@no\/115660908597786279","error":""},"_links":{"self":[{"href":"https:\/\/www.europesays.com\/no\/wp-json\/wp\/v2\/posts\/103940","targetHints":{"allow":["GET"]}}],"collection":[{"href":"https:\/\/www.europesays.com\/no\/wp-json\/wp\/v2\/posts"}],"about":[{"href":"https:\/\/www.europesays.com\/no\/wp-json\/wp\/v2\/types\/post"}],"author":[{"embeddable":true,"href":"https:\/\/www.europesays.com\/no\/wp-json\/wp\/v2\/users\/2"}],"replies":[{"embeddable":true,"href":"https:\/\/www.europesays.com\/no\/wp-json\/wp\/v2\/comments?post=103940"}],"version-history":[{"count":0,"href":"https:\/\/www.europesays.com\/no\/wp-json\/wp\/v2\/posts\/103940\/revisions"}],"wp:featuredmedia":[{"embeddable":true,"href":"https:\/\/www.europesays.com\/no\/wp-json\/wp\/v2\/media\/103941"}],"wp:attachment":[{"href":"https:\/\/www.europesays.com\/no\/wp-json\/wp\/v2\/media?parent=103940"}],"wp:term":[{"taxonomy":"category","embeddable":true,"href":"https:\/\/www.europesays.com\/no\/wp-json\/wp\/v2\/categories?post=103940"},{"taxonomy":"post_tag","embeddable":true,"href":"https:\/\/www.europesays.com\/no\/wp-json\/wp\/v2\/tags?post=103940"}],"curies":[{"name":"wp","href":"https:\/\/api.w.org\/{rel}","templated":true}]}}