{"id":103946,"date":"2025-12-04T10:54:10","date_gmt":"2025-12-04T10:54:10","guid":{"rendered":"https:\/\/www.europesays.com\/no\/103946\/"},"modified":"2025-12-04T10:54:10","modified_gmt":"2025-12-04T10:54:10","slug":"bloomberg-india-leier-russisk-atomubat","status":"publish","type":"post","link":"https:\/\/www.europesays.com\/no\/103946\/","title":{"rendered":"Bloomberg: India leier russisk atomub\u00e5t"},"content":{"rendered":"\n<p class=\"_lead_o9xde_2 _lead_xtcu6_50 layout-component text-serif-m layout-normal text-serif-l layout-component layout-wide layout-padded _wide_17hqh_1 layout-padded\">India skal leie en atomdrevet angrepsub\u00e5t av Russland, men f\u00e5r i henhold til leasingavtalen ikke bruke den i krigshandlinger, if\u00f8lge nyhetsbyr\u00e5et Bloomberg.<\/p>\n<p><img alt=\"Indias statsminister Narendra Modi har inng\u00e5tt en avtale med Russland om \u00e5 leie en atomdrevet ub\u00e5t i ti \u00e5r.  Foto: Manish Swarup \/ AP \/ NTB\" class=\"_image_qp4xg_65 layout-component layout-wide\" data-fullscreen- data-track-element-type=\"Article image fullscreen\" data-track-name=\"ImageFullscreen\" fetchpriority=\"high\" decoding=\"sync\" loading=\"eager\" height=\"1821\" itemprop=\"image\"  src=\"https:\/\/www.europesays.com\/no\/wp-content\/uploads\/2025\/12\/cec725d6-cf9e-4ee6-b8c9-2449f7c75960\"  style=\"object-position:0% 0%\" width=\"2732\"\/>Indias statsminister Narendra Modi har inng\u00e5tt en avtale med Russland om \u00e5 leie en atomdrevet ub\u00e5t i ti \u00e5r.  Foto: Manish Swarup \/ AP \/ NTB<\/p>\n<ul aria-hidden=\"true\" class=\"_images_1uft6_111\">\n<li><a class=\"_link_1uft6_116\" href=\"https:\/\/www.vg.no\/forfatter\/ingrid-storeboe\" style=\"z-index:2\" title=\"Ingrid Storeb\u00f8\" rel=\"nofollow noopener\" target=\"_blank\"><img alt=\"Bilde av Ingrid Storeb\u00f8\" class=\"_image_1uft6_93\" fetchpriority=\"low\" loading=\"lazy\" decoding=\"async\" itemprop=\"image\"  src=\"https:\/\/www.europesays.com\/no\/wp-content\/uploads\/2025\/12\/1764845649_406_b3fc896d-536d-4041-8257-79b6b2cd3323\"  width=\"480\"\/><\/a><\/li>\n<li><a class=\"_link_1uft6_116\" href=\"https:\/\/www.vg.no\/forfatter\/ntb\" style=\"z-index:1\" title=\"NTB\" rel=\"nofollow noopener\" target=\"_blank\"><img alt=\"Bilde av NTB\" class=\"_image_1uft6_93\" fetchpriority=\"low\" loading=\"lazy\" decoding=\"async\" itemprop=\"image\"  src=\"https:\/\/www.europesays.com\/no\/wp-content\/uploads\/2025\/12\/1764845650_4_c33980b0-5d07-4027-84a1-813f90a7c8d6\"  width=\"480\"\/><\/a><\/li>\n<\/ul>\n<p> Oppdatert torsdag 4. desember kl. 11:09     <\/p>\n<p class=\"_paragraph_o9xde_4 _paragraph_xtcu6_10 layout-component text-serif-m layout-normal text-serif-m layout-padded\">Leieprisen er rundt to milliarder dollar, melder <a href=\"https:\/\/www.bloomberg.com\/news\/articles\/2025-12-04\/india-clinches-2-billion-russia-submarine-deal-as-putin-visits\" class=\"_link_o9xde_39\" rel=\"nofollow noopener\" target=\"_blank\">Bloomberg<\/a> , som viser til kilder som har kjennskap til avtalen. Bel\u00f8pet tilsvarer i overkant av 20 milliarder norske kroner.<\/p>\n<p class=\"_paragraph_o9xde_4 _paragraph_xtcu6_10 layout-component text-serif-m layout-normal text-serif-m layout-padded\">Avtalen er blitt klar rett f\u00f8r president Vladimir Putins bes\u00f8k i <a href=\"https:\/\/www.vg.no\/tag\/india?utm_source=vg-article&amp;utm_medium=auto-tagger&amp;utm_campaign=BxJJ5l\" class=\"_link_o9xde_39\" rel=\"nofollow noopener\" target=\"_blank\">India<\/a> torsdag. De to landene har forhandlet om leieavtalen i et ti\u00e5r. <\/p>\n<p class=\"_paragraph_o9xde_4 _paragraph_xtcu6_10 layout-component text-serif-m layout-normal text-serif-m layout-padded\">Ub\u00e5ten blir st\u00f8rre enn de to som den indiske fl\u00e5ten allerede har. Det nye fart\u00f8yet skal leveres i l\u00f8pet av to \u00e5r. <\/p>\n<p class=\"_paragraph_o9xde_4 _paragraph_xtcu6_10 layout-component text-serif-m layout-normal text-serif-m layout-padded\">Leasingavtalen l\u00f8per over ti \u00e5r og skal gi India mulighet til \u00e5 utdanne mannskapet og utforme en egen ub\u00e5tstrategi med tanke p\u00e5 produksjonen i India, melder Bloomberg. <\/p>\n<p>Skal ikke brukes i krig <\/p>\n<p class=\"_paragraph_o9xde_4 _paragraph_xtcu6_10 layout-component text-serif-m layout-normal text-serif-m layout-padded\">Under leasingavtalen kan den russiske angrepsub\u00e5ten ikke brukes i krig. Den skal hjelpe India med \u00e5 trene sj\u00f8menn og forbedre atomub\u00e5t-operasjoner mens landet bygger sine egne fart\u00f8y.<\/p>\n<p class=\"_paragraph_o9xde_4 _paragraph_xtcu6_10 layout-component text-serif-m layout-normal text-serif-m layout-padded\">Den russiske ub\u00e5ten vil v\u00e6re hos Indias marine i ti \u00e5r. Den forrige russiske ub\u00e5ten, ogs\u00e5 p\u00e5 leasing i ti \u00e5r, ble returnert i 2021.<\/p>\n<p class=\"_paragraph_o9xde_4 _paragraph_xtcu6_10 layout-component text-serif-m layout-normal text-serif-m layout-padded\">India opererer for tiden 17 dieseldrevne ub\u00e5ter, melder\u00a0<a href=\"https:\/\/www.reuters.com\/business\/energy\/india-russia-oil-defence-ties-2025-12-02\/\" class=\"_link_o9xde_39\" rel=\"nofollow noopener\" target=\"_blank\">Reuters<\/a>.<\/p>\n","protected":false},"excerpt":{"rendered":"India skal leie en atomdrevet angrepsub\u00e5t av Russland, men f\u00e5r i henhold til leasingavtalen ikke bruke den i&hellip;\n","protected":false},"author":2,"featured_media":103947,"comment_status":"","ping_status":"","sticky":false,"template":"","format":"standard","meta":{"footnotes":""},"categories":[12],"tags":[20,21,24,25,15,120,22,23,13,30,28,29,14,16,188,26,27,42,43,44,45],"class_list":{"0":"post-103946","1":"post","2":"type-post","3":"status-publish","4":"format-standard","5":"has-post-thumbnail","7":"category-verden","8":"tag-breaking-news","9":"tag-breakingnews","10":"tag-featured-news","11":"tag-featurednews","12":"tag-headlines","13":"tag-india","14":"tag-latest-news","15":"tag-latestnews","16":"tag-news","17":"tag-no","18":"tag-norge","19":"tag-norway","20":"tag-nyheter","21":"tag-overskrifter","22":"tag-russland","23":"tag-top-stories","24":"tag-topstories","25":"tag-verden","26":"tag-world","27":"tag-world-news","28":"tag-worldnews"},"share_on_mastodon":{"url":"https:\/\/pubeurope.com\/@no\/115660932118580688","error":""},"_links":{"self":[{"href":"https:\/\/www.europesays.com\/no\/wp-json\/wp\/v2\/posts\/103946","targetHints":{"allow":["GET"]}}],"collection":[{"href":"https:\/\/www.europesays.com\/no\/wp-json\/wp\/v2\/posts"}],"about":[{"href":"https:\/\/www.europesays.com\/no\/wp-json\/wp\/v2\/types\/post"}],"author":[{"embeddable":true,"href":"https:\/\/www.europesays.com\/no\/wp-json\/wp\/v2\/users\/2"}],"replies":[{"embeddable":true,"href":"https:\/\/www.europesays.com\/no\/wp-json\/wp\/v2\/comments?post=103946"}],"version-history":[{"count":0,"href":"https:\/\/www.europesays.com\/no\/wp-json\/wp\/v2\/posts\/103946\/revisions"}],"wp:featuredmedia":[{"embeddable":true,"href":"https:\/\/www.europesays.com\/no\/wp-json\/wp\/v2\/media\/103947"}],"wp:attachment":[{"href":"https:\/\/www.europesays.com\/no\/wp-json\/wp\/v2\/media?parent=103946"}],"wp:term":[{"taxonomy":"category","embeddable":true,"href":"https:\/\/www.europesays.com\/no\/wp-json\/wp\/v2\/categories?post=103946"},{"taxonomy":"post_tag","embeddable":true,"href":"https:\/\/www.europesays.com\/no\/wp-json\/wp\/v2\/tags?post=103946"}],"curies":[{"name":"wp","href":"https:\/\/api.w.org\/{rel}","templated":true}]}}