{"id":103948,"date":"2025-12-04T10:56:11","date_gmt":"2025-12-04T10:56:11","guid":{"rendered":"https:\/\/www.europesays.com\/no\/103948\/"},"modified":"2025-12-04T10:56:11","modified_gmt":"2025-12-04T10:56:11","slug":"marcus-cramer-om-linn-svahns-boikott-trussel","status":"publish","type":"post","link":"https:\/\/www.europesays.com\/no\/103948\/","title":{"rendered":"Marcus Cramer om Linn Svahns boikott-trussel"},"content":{"rendered":"\n<p class=\"_lead_o9xde_2 _lead_xtcu6_50 layout-component text-serif-m layout-normal text-serif-l layout-component layout-wide layout-padded _wide_17hqh_1 layout-padded\">Italias landslagssjef synes ikke noe om svenske Linn Svahns uttalelser om mulig OL-boikott etter gr\u00f8nt lys for enkelte russiske og belarusiske ut\u00f8vere. <\/p>\n<p> <img class=\"_image_qp4xg_65 layout-component layout-wide\" data-fullscreen- data-track-element-type=\"Article image fullscreen\" data-track-name=\"ImageFullscreen\" fetchpriority=\"high\" decoding=\"sync\" loading=\"eager\" height=\"181\" itemprop=\"image\"  src=\"https:\/\/www.europesays.com\/no\/wp-content\/uploads\/2025\/12\/3a8f00e5fef357caa343c7dec04bc20b.jpg\"  style=\"object-position:50% 50%;aspect-ratio:1.75;height:auto;object-fit:cover;width:100%\" width=\"102\"\/>  <\/p>\n<ul aria-hidden=\"true\" class=\"_images_1uft6_111\">\n<li><a class=\"_link_1uft6_116\" href=\"https:\/\/www.vg.no\/forfatter\/synne-sofie-christiansen-2\" style=\"z-index:2\" title=\"Synne Sofie Christiansen\" rel=\"nofollow noopener\" target=\"_blank\"><img alt=\"Bilde av Synne Sofie Christiansen\" class=\"_image_1uft6_93\" fetchpriority=\"low\" loading=\"lazy\" decoding=\"async\" itemprop=\"image\"  src=\"https:\/\/www.europesays.com\/no\/wp-content\/uploads\/2025\/12\/1764845769_44_8d683f6f-f2ba-47ca-8bcc-2db625b33cb1\"  width=\"480\"\/><\/a><\/li>\n<li><a class=\"_link_1uft6_116\" href=\"https:\/\/www.vg.no\/forfatter\/mikal-aaserud\" style=\"z-index:1\" title=\"Mikal Emil Aaserud\" rel=\"nofollow noopener\" target=\"_blank\"><img alt=\"Bilde av Mikal Emil Aaserud\" class=\"_image_1uft6_93\" fetchpriority=\"low\" loading=\"lazy\" decoding=\"async\" itemprop=\"image\"  src=\"https:\/\/www.europesays.com\/no\/wp-content\/uploads\/2025\/12\/1764845770_441_1f4bb18c-b7b1-46ba-9b49-79ae6afd7bbd\"  width=\"480\"\/><\/a><\/li>\n<\/ul>\n<p>Gran\u00e5sen, Trondheim  Oppdatert torsdag 4. desember kl. 11:15     <\/p>\n<p class=\"_paragraph_o9xde_4 _paragraph_xtcu6_10 layout-component text-serif-m layout-normal text-serif-m layout-padded\">\u2013 Lykke til til henne som m\u00e5 bli hjemme. Jeg forst\u00e5r ikke dette. Men har hun denne meningen, s\u00e5 f\u00e5r hun bli hjemme. Jeg respekterer denne meningen hennes, men da h\u00e5per jeg at hun gj\u00f8r det, og ikke kommer tilbake p\u00e5 en annen m\u00e5te, sier Marcus Cramer til VG. <\/p>\n<p><img decoding=\"async\" alt=\"Bilde av Marcus Cramer\" class=\"_image_ygndg_42\" height=\"27\" itemprop=\"image\" loading=\"lazy\"  src=\"https:\/\/www.europesays.com\/no\/wp-content\/uploads\/2025\/12\/55813ec2-8ce0-48ee-a1cb-23c1f37071fd\"  width=\"40\"\/><strong class=\"_name_ygndg_51 title-serif-xs\">Marcus Cramer<\/strong><\/p>\n<p class=\"_paragraph_o9xde_4 text-sans-m _description_ygndg_56\">Langrennstrener, Italia <\/p>\n<p class=\"_paragraph_o9xde_4 _paragraph_xtcu6_10 layout-component text-serif-m layout-normal text-serif-m layout-padded\">Langrennseliten forbereder seg til verdenscupen i Gran\u00e5sen, der det skal gjennomf\u00f8res sprint klassisk, 20 kilometer med skibytte og 10km fristil, som alle er OL-\u00f8velser.<\/p>\n<p class=\"_paragraph_o9xde_4 _paragraph_xtcu6_10 layout-component text-serif-m layout-normal text-serif-m layout-padded\">Cramer har nettopp f\u00e5tt sp\u00f8rsm\u00e5l om hva han synes om at den svenske langrennsl\u00f8peren Linn Svahn vurderer \u00e5 boikotte OL hvis det blir russisk deltagelse. <\/p>\n<p class=\"_paragraph_o9xde_4 _paragraph_xtcu6_10 layout-component text-serif-m layout-normal text-serif-m layout-padded\">\u2013 Sp\u00f8r du meg her og n\u00e5, s\u00e5 er svaret at jeg ikke vil konkurrere, sa Svahn til <a href=\"https:\/\/www.expressen.se\/sport\/langdskidor\/linn-svahn-beredd-att-bojkotta-os-obehagligt-\/\" class=\"_link_o9xde_39\" rel=\"nofollow noopener\" target=\"_blank\">Expressen. <\/a><\/p>\n<p><img alt=\"KLAR: Linn Svahn p\u00e5 plass i Gran\u00e5sen.  Foto: Geir Olsen \/ NTB\" class=\"_image_qp4xg_65 layout-component layout-normal\" data-fullscreen- data-track-element-type=\"Article image fullscreen\" data-track-name=\"ImageFullscreen\" decoding=\"async\" loading=\"lazy\" height=\"5046\" itemprop=\"image\"  src=\"https:\/\/www.europesays.com\/no\/wp-content\/uploads\/2025\/12\/091c5ce5-3e40-4411-8d84-1f7658f78d44\"  style=\"object-position:0% 0%\" width=\"7565\"\/>KLAR: Linn Svahn p\u00e5 plass i Gran\u00e5sen.  Foto: Geir Olsen \/ NTB<\/p>\n<p class=\"_paragraph_o9xde_4 _paragraph_xtcu6_10 layout-component text-serif-m layout-normal text-serif-m layout-padded\">Tirsdag kom beskjeden at noen russiske og belarusiske ut\u00f8vere f\u00e5r delta i FIS-idretter under n\u00f8ytralt flagg. Det gjelder ikke de mest kjente ut\u00f8verne, blant annet Alexandr Bolsjunov, som har for tett tilknytning til krigen. <\/p>\n<p class=\"_paragraph_o9xde_4 _paragraph_xtcu6_10 layout-component text-serif-m layout-normal text-serif-m layout-padded\">Den st\u00f8rste stjernen som oppfyller kravene om n\u00f8ytralitet, er Saveliy Korostelev.Saveliy Korostelev. Han ble juniorverdensmester fra Lygna p\u00e5 10 km fri og stafett i 2022. Han har sl\u00e5tt Bolsjunov en rekke ganger siden, og vant den russiske skicupen sammenlagt sist sesong. Han skal ha sagt at han forbereder seg til verdenscupen i Davos.<\/p>\n<p>De 17 ut\u00f8verne som f\u00e5r delta under n\u00f8ytralt flagg<\/p>\n<p class=\"_paragraph_o9xde_4 _paragraph_xtcu6_10 _paragraph_16v91_10 layout-component text-serif-m layout-normal text-sans-m layout-padded\">Saveliy Korostelev (langrenn)<\/p>\n<p class=\"_paragraph_o9xde_4 _paragraph_xtcu6_10 _paragraph_16v91_10 layout-component text-serif-m layout-normal text-sans-m layout-padded\">Lana Prusakova (freeski)<\/p>\n<p class=\"_paragraph_o9xde_4 _paragraph_xtcu6_10 _paragraph_16v91_10 layout-component text-serif-m layout-normal text-sans-m layout-padded\">Maria Travinitsjeva (snowboard)<\/p>\n<p class=\"_paragraph_o9xde_4 _paragraph_xtcu6_10 _paragraph_16v91_10 layout-component text-serif-m layout-normal text-sans-m layout-padded\">Artem Galunin (kombinert)<\/p>\n<p class=\"_paragraph_o9xde_4 _paragraph_xtcu6_10 _paragraph_16v91_10 layout-component text-serif-m layout-normal text-sans-m layout-padded\">Ekaterina Tkatsjenko (alpint)<\/p>\n<p class=\"_paragraph_o9xde_4 _paragraph_xtcu6_10 _paragraph_16v91_10 layout-component text-serif-m layout-normal text-sans-m layout-padded\">Danil Sadrejev (hopp)<\/p>\n<p class=\"_paragraph_o9xde_4 _paragraph_xtcu6_10 _paragraph_16v91_10 layout-component text-serif-m layout-normal text-sans-m layout-padded\">Aleksei Bugaev (paraalpint)<\/p>\n<p class=\"_paragraph_o9xde_4 _paragraph_xtcu6_10 _paragraph_16v91_10 layout-component text-serif-m layout-normal text-sans-m layout-padded\">Varvara Vorontsjikhina (paraalpint)<\/p>\n<p class=\"_paragraph_o9xde_4 _paragraph_xtcu6_10 _paragraph_16v91_10 layout-component text-serif-m layout-normal text-sans-m layout-padded\">Anastasiia Bagagiin (paralangrenn)<\/p>\n<p class=\"_paragraph_o9xde_4 _paragraph_xtcu6_10 _paragraph_16v91_10 layout-component text-serif-m layout-normal text-sans-m layout-padded\">Ivan Golubkov (paralangrenn)<\/p>\n<p class=\"_paragraph_o9xde_4 _paragraph_xtcu6_10 _paragraph_16v91_10 layout-component text-serif-m layout-normal text-sans-m layout-padded\">Polina Novakovskaja (Paralympics)<\/p>\n<p class=\"_paragraph_o9xde_4 _paragraph_xtcu6_10 _paragraph_16v91_10 layout-component text-serif-m layout-normal text-sans-m layout-padded\">Mikhail Slinkin (para-snowboard)<\/p>\n<p class=\"_paragraph_o9xde_4 _paragraph_xtcu6_10 _paragraph_16v91_10 layout-component text-serif-m layout-normal text-sans-m layout-padded\">Ihar Drabiankou (freeski, Belarus)<\/p>\n<p class=\"_paragraph_o9xde_4 _paragraph_xtcu6_10 _paragraph_16v91_10 layout-component text-serif-m layout-normal text-sans-m layout-padded\">Uladzislau Vazniuk (freeski, Belarus)<\/p>\n<p class=\"_paragraph_o9xde_4 _paragraph_xtcu6_10 _paragraph_16v91_10 layout-component text-serif-m layout-normal text-sans-m layout-padded\">Anna Derugo (freeski, Belarus)<\/p>\n<p class=\"_paragraph_o9xde_4 _paragraph_xtcu6_10 _paragraph_16v91_10 layout-component text-serif-m layout-normal text-sans-m layout-padded\">Hanna Huskova (freeski, Belarus)<\/p>\n<p class=\"_paragraph_o9xde_4 _paragraph_xtcu6_10 _paragraph_16v91_10 layout-component text-serif-m layout-normal text-sans-m layout-padded\">Anastasiya Andryianava (freeski, Belarus)<\/p>\n<p>Vis mer<\/p>\n<p class=\"_paragraph_o9xde_4 _paragraph_xtcu6_10 layout-component text-serif-m layout-normal text-serif-m layout-padded\">Den beskjeden setter Cramer pris p\u00e5. Han har v\u00e6rt trener for Russland. <\/p>\n<p class=\"_paragraph_o9xde_4 _paragraph_xtcu6_10 layout-component text-serif-m layout-normal text-serif-m layout-padded\">\u2013 Jeg er glad for dette. Det er en rett avgj\u00f8relse, sier han. <\/p>\n<p class=\"_paragraph_o9xde_4 _paragraph_xtcu6_10 layout-component text-serif-m layout-normal text-serif-m layout-padded\">\u2013 Hva er din beskjed til skandinaviske ut\u00f8vere som har v\u00e6rt skeptiske?<\/p>\n<p class=\"_paragraph_o9xde_4 _paragraph_xtcu6_10 layout-component text-serif-m layout-normal text-serif-m layout-padded\">\u2013 Det er viktig at alle respekterer regelen, og s\u00e5 h\u00e5per jeg ogs\u00e5 at alle ut\u00f8verne vil ha respekt for dem, n\u00e5r de kommer tilbake. Og gir dem sjansen til \u00e5 konkurrere og ikke tenker p\u00e5 politikken, sier Cramer. <\/p>\n<p class=\"_paragraph_o9xde_4 _paragraph_xtcu6_10 layout-component text-serif-m layout-normal text-serif-m layout-padded\">Jan Thomas Jenssen \u00f8nsker russiske ut\u00f8vere velkommen, s\u00e5 lenge de oppfyller kravene om n\u00f8ytralitet. <\/p>\n<p class=\"_paragraph_o9xde_4 _paragraph_xtcu6_10 layout-component text-serif-m layout-normal text-serif-m layout-padded\">\u2013 S\u00e5 lenge de oppfyller FIS sine krav, s\u00e5 stiller de p\u00e5 lik linje som oss. Det er kanskje ikke det beste \u00ablell\u00bb, men kravene til FIS er ganske tydelige. Da har de tatt s\u00e5pass avstand fra det som foreg\u00e5r der, at da konkurrerer jeg gjerne mot dem, sier Jenssen til VG.<\/p>\n<p class=\"_paragraph_o9xde_4 _paragraph_xtcu6_10 layout-component text-serif-m layout-normal text-serif-m layout-padded\">Han sier at det ikke har v\u00e6rt noe snakk om boikott i det norske laget. <\/p>\n<p class=\"_paragraph_o9xde_4 _paragraph_xtcu6_10 layout-component text-serif-m layout-normal text-serif-m layout-padded\">\u2013 Det er veldig farlig \u00e5 begynne \u00e5 uttale seg om boikott. For n\u00e5r alt kommer til alt, s\u00e5 kjemper vi om OL-gull. Det er det vi lever for. Et sted m\u00e5 grensen g\u00e5. Men hvis Bolsjunov og de som er pro Putin og pro krig, hadde kommet inn, s\u00e5 tror jeg kanskje pipen hadde v\u00e6rt en annen, sier Jenssen. <\/p>\n<p class=\"_paragraph_o9xde_4 _paragraph_xtcu6_10 layout-component text-serif-m layout-normal text-serif-m layout-padded\">\u2013 Hva tror du ukrainerne som konkurrerer i verdenscupen tenker om at de kommer tilbake? <\/p>\n<p class=\"_paragraph_o9xde_4 _paragraph_xtcu6_10 layout-component text-serif-m layout-normal text-serif-m layout-padded\">\u2013 Nei, det er nok sikkert ikke det beste, nei. Men s\u00e5 tenker jeg at da er de vel mer ukrainvennlige enn de er russervennlige, hvis de klarer \u00e5 oppfylle alle de kravene. Det tror jeg g\u00e5r fint, sier Jenssen. <\/p>\n<p>Sp\u00f8rsm\u00e5l og svar1) Hva har IOC bestemt?<\/p>\n<p class=\"_paragraph_o9xde_4 _paragraph_xtcu6_10 _paragraph_16v91_10 layout-component text-serif-m layout-normal text-sans-m layout-padded\" itemprop=\"text\">Den internasjonale olympiske komit\u00e9 (IOC) \u00e5pner for at individuelle n\u00f8ytrale ut\u00f8vere (AIN) med russisk eller belarusisk pass kan delta i vinter-OL i Milano\/Cortina 2026 \u2013 under de samme betingelsene som i sommer-OL i Paris 2024.<\/p>\n<p>2) Hva betyr \u00abindividuell n\u00f8ytral ut\u00f8ver\u00bb?<\/p>\n<p class=\"_paragraph_o9xde_4 _paragraph_xtcu6_10 _paragraph_16v91_10 layout-component text-serif-m layout-normal text-sans-m layout-padded\" itemprop=\"text\">Ut\u00f8verne konkurrerer uten nasjonale symboler, flagg eller hymne. De representerer ikke Russland eller Belarus, men deltar under AIN-flagg og en n\u00f8ytral hymne uten tekst. Resultatene deres teller ikke i medaljeoversikten.<\/p>\n<p>3) Hvilke krav m\u00e5 oppfylles?<\/p>\n<p class=\"_paragraph_o9xde_4 _paragraph_xtcu6_10 _paragraph_16v91_10 layout-component text-serif-m layout-normal text-sans-m layout-padded\" itemprop=\"text\">For \u00e5 bli godkjent m\u00e5 ut\u00f8verne:<\/p>\n<ol class=\"_list_o9xde_3 _list_xtcu6_9 _list_16v91_9 _ordered_o9xde_79 layout-component text-serif-m layout-normal text-sans-m layout-padded\" itemprop=\"text\">\n<li class=\"_item_o9xde_30\">Kvalifisere seg gjennom ordin\u00e6re internasjonale kvalifiseringssystemer<\/li>\n<li class=\"_item_o9xde_30\">Ikke ha st\u00f8ttet krigen mot Ukraina<\/li>\n<li class=\"_item_o9xde_30\">Ikke v\u00e6re tilknyttet milit\u00e6re eller sikkerhetsstyrker<\/li>\n<li class=\"_item_o9xde_30\">Overholde alle\u00a0antidopingregler\u00a0og signere de olympiske deltagelsesvilk\u00e5rene<\/li>\n<\/ol>\n<p>4) Hvem avgj\u00f8r hvem som f\u00e5r delta?<\/p>\n<p class=\"_paragraph_o9xde_4 _paragraph_xtcu6_10 _paragraph_16v91_10 layout-component text-serif-m layout-normal text-sans-m layout-padded\" itemprop=\"text\">Et eget\u00a0AIN Eligibility Review Panel (AINERP)\u00a0vurderer hver enkelt ut\u00f8ver og st\u00f8ttepersonell. Panelet ledes av IOC-medlem\u00a0<strong class=\"_strong_o9xde_25\">Nicole Hoevertsz<\/strong>, med\u00a0<strong class=\"_strong_o9xde_25\">Pau Gasol<\/strong>\u00a0(ut\u00f8verrepresentant) og\u00a0<strong class=\"_strong_o9xde_25\">Morinari Watanabe<\/strong>\u00a0(representant for internasjonale s\u00e6rforbund). IOC\u2019s Chief Ethics and Compliance Officer fungerer som sekret\u00e6r.<\/p>\n<p>5) Vil lag kunne delta?<\/p>\n<p class=\"_paragraph_o9xde_4 _paragraph_xtcu6_10 _paragraph_16v91_10 layout-component text-serif-m layout-normal text-sans-m layout-padded\" itemprop=\"text\">Nei. Kun individuelle ut\u00f8vere f\u00e5r delta. Lag med russiske eller belarusiske ut\u00f8vere blir ikke vurdert eller invitert. Det vil si at de ikke kan delta i lagkonkurranser eller stafetter.<\/p>\n<p>6) Hvordan blir det under seremoniene?<\/p>\n<p class=\"_paragraph_o9xde_4 _paragraph_xtcu6_10 _paragraph_16v91_10 layout-component text-serif-m layout-normal text-sans-m layout-padded\" itemprop=\"text\">AIN-ut\u00f8vere g\u00e5r ikke i innmarsjen under \u00e5pningsseremonien p\u00e5 San Siro i Milano, men f\u00e5r anledning til \u00e5 oppleve arrangementet. Under seiersseremonier spilles AIN-hymnen og AIN-flagget heises. Deltagelse i avslutningsseremonien skal avgj\u00f8res under lekene.<\/p>\n","protected":false},"excerpt":{"rendered":"Italias landslagssjef synes ikke noe om svenske Linn Svahns uttalelser om mulig OL-boikott etter gr\u00f8nt lys for enkelte&hellip;\n","protected":false},"author":2,"featured_media":103949,"comment_status":"","ping_status":"","sticky":false,"template":"","format":"standard","meta":{"footnotes":""},"categories":[5],"tags":[20,21,24,25,15,19,398,22,23,17,18,13,30,28,29,14,16,26,27,3428],"class_list":{"0":"post-103948","1":"post","2":"type-post","3":"status-publish","4":"format-standard","5":"has-post-thumbnail","7":"category-overskrifter","8":"tag-breaking-news","9":"tag-breakingnews","10":"tag-featured-news","11":"tag-featurednews","12":"tag-headlines","13":"tag-hovedoppslag","14":"tag-langrenn","15":"tag-latest-news","16":"tag-latestnews","17":"tag-main-news","18":"tag-mainnews","19":"tag-news","20":"tag-no","21":"tag-norge","22":"tag-norway","23":"tag-nyheter","24":"tag-overskrifter","25":"tag-top-stories","26":"tag-topstories","27":"tag-vinter-ol"},"share_on_mastodon":{"url":"https:\/\/pubeurope.com\/@no\/115660939947477280","error":""},"_links":{"self":[{"href":"https:\/\/www.europesays.com\/no\/wp-json\/wp\/v2\/posts\/103948","targetHints":{"allow":["GET"]}}],"collection":[{"href":"https:\/\/www.europesays.com\/no\/wp-json\/wp\/v2\/posts"}],"about":[{"href":"https:\/\/www.europesays.com\/no\/wp-json\/wp\/v2\/types\/post"}],"author":[{"embeddable":true,"href":"https:\/\/www.europesays.com\/no\/wp-json\/wp\/v2\/users\/2"}],"replies":[{"embeddable":true,"href":"https:\/\/www.europesays.com\/no\/wp-json\/wp\/v2\/comments?post=103948"}],"version-history":[{"count":0,"href":"https:\/\/www.europesays.com\/no\/wp-json\/wp\/v2\/posts\/103948\/revisions"}],"wp:featuredmedia":[{"embeddable":true,"href":"https:\/\/www.europesays.com\/no\/wp-json\/wp\/v2\/media\/103949"}],"wp:attachment":[{"href":"https:\/\/www.europesays.com\/no\/wp-json\/wp\/v2\/media?parent=103948"}],"wp:term":[{"taxonomy":"category","embeddable":true,"href":"https:\/\/www.europesays.com\/no\/wp-json\/wp\/v2\/categories?post=103948"},{"taxonomy":"post_tag","embeddable":true,"href":"https:\/\/www.europesays.com\/no\/wp-json\/wp\/v2\/tags?post=103948"}],"curies":[{"name":"wp","href":"https:\/\/api.w.org\/{rel}","templated":true}]}}