{"id":103950,"date":"2025-12-04T10:58:15","date_gmt":"2025-12-04T10:58:15","guid":{"rendered":"https:\/\/www.europesays.com\/no\/103950\/"},"modified":"2025-12-04T10:58:15","modified_gmt":"2025-12-04T10:58:15","slug":"trafikkulykke-pa-e8-kjorte-rett-pa-meg-itromso-no","status":"publish","type":"post","link":"https:\/\/www.europesays.com\/no\/103950\/","title":{"rendered":"(+) Trafikkulykke p\u00e5 E8: \u2013 Kj\u00f8rte rett p\u00e5 meg &#8211; itromso.no"},"content":{"rendered":"<ol>\n<li><a href=\"https:\/\/news.google.com\/rss\/articles\/CBMibEFVX3lxTE45OUVha2NoWmJDb0l3b1pvZFNjeWx1bDBPVThhMENwTEhFU0VqU3p6a3MxcE83alB3Sk5WalRaeTFyM2VzV2U2andhNjRfLUlHYW8yYXBnOXZpazdiV0hUS2RyS1FmaG1YTTJyaQ?oc=5\" target=\"_blank\" rel=\"nofollow noopener\">(+) Trafikkulykke p\u00e5 E8: \u2013 Kj\u00f8rte rett p\u00e5 meg<\/a>&nbsp;&nbsp;itromso.no<\/li>\n<li><a href=\"https:\/\/news.google.com\/rss\/articles\/CBMif0FVX3lxTE5zb193a2NMSHZqQVlxMDJYR0NDUFZ1bFA5dUpaVk9jX2llcldXQ1JJakRoN201NWJpNHQ0dUNDQkFTMm96RkxCdThfYnNEelhCVHdvTEdlcWRGOWRzZFpyY2VfZXVsdkNIM2tRZHprNDlMenQzc180eXE4NHRSVlE?oc=5\" target=\"_blank\" rel=\"nofollow noopener\">Kultur, Trondheim | Glitrende f\u00f8rjulsstemning og K.U.K.-prat<\/a>&nbsp;&nbsp;Tr\u00f8nder-Avisa<\/li>\n<li><a href=\"https:\/\/news.google.com\/rss\/articles\/CBMiakFVX3lxTE1hQUI4TzJMeWVSX3NSVnFYSmJkVUFqazJDM0VGdVFNRjVhUVF0WXVDckVpamxtLXVxSG9jUThLQXVnZkdocklKdHVYOGtKcWQ4d19XVGdMcG5VQ1ZURTJHa3hQYXZsVjhqbEE?oc=5\" target=\"_blank\" rel=\"nofollow noopener\">Sjarmbombe som passer hele familien<\/a>&nbsp;&nbsp;adressa.no<\/li>\n<li><a href=\"https:\/\/news.google.com\/rss\/articles\/CBMihwFBVV95cUxPSzBUZDE5TWU0U0V2aVRJNjhTOGRYUXV4SnYybTdlSVBiMmpDSmVPU3RzNDNoWWZJd0ZNbmJSMVE3LXlKdEw4WEJCX2JxbTdnalNDWDBZMVo0Wm5YbGhiUGNBWml3TEg5dURLRFRiVkdwcnNTZ3RWQm5sbjNrdFRfZlZOc1VQN0E?oc=5\" target=\"_blank\" rel=\"nofollow noopener\">Begynte p\u00e5 det jevne, endte i full triumf<\/a>&nbsp;&nbsp;adressa.no<\/li>\n<li><a href=\"https:\/\/news.google.com\/rss\/articles\/CBMigwFBVV95cUxONTdvVHlOdEh0MkM4V3lTbWlrOEgyZzB0dnY1WHo1eVFPS0hTSENkMk81cXNyMHpFdjBZOXk3aDlkdEp0NjRmVXdld2g1ZktRSWJXOFYySlZ5eUxReTdRTTdkZmRkU045M182RFJWdW5EY010RUZaNEFuWEVfZFdrUzFXRQ?oc=5\" target=\"_blank\" rel=\"nofollow noopener\">En ettermiddag p\u00e5 Nye Hjorten Teater<\/a>&nbsp;&nbsp;nearadio.no<\/li>\n<\/ol>\n","protected":false},"excerpt":{"rendered":"(+) Trafikkulykke p\u00e5 E8: \u2013 Kj\u00f8rte rett p\u00e5 meg&nbsp;&nbsp;itromso.no Kultur, Trondheim | Glitrende f\u00f8rjulsstemning og K.U.K.-prat&nbsp;&nbsp;Tr\u00f8nder-Avisa Sjarmbombe som&hellip;\n","protected":false},"author":2,"featured_media":103951,"comment_status":"","ping_status":"","sticky":false,"template":"","format":"standard","meta":{"footnotes":""},"categories":[58],"tags":[8655,71,30,28,29,2889,1625,72],"class_list":{"0":"post-103950","1":"post","2":"type-post","3":"status-publish","4":"format-standard","5":"has-post-thumbnail","7":"category-underholdning","8":"tag-e8","9":"tag-entertainment","10":"tag-no","11":"tag-norge","12":"tag-norway","13":"tag-trafikkuhell","14":"tag-troms-politidistrikt","15":"tag-underholdning"},"share_on_mastodon":{"url":"https:\/\/pubeurope.com\/@no\/115660947668164794","error":""},"_links":{"self":[{"href":"https:\/\/www.europesays.com\/no\/wp-json\/wp\/v2\/posts\/103950","targetHints":{"allow":["GET"]}}],"collection":[{"href":"https:\/\/www.europesays.com\/no\/wp-json\/wp\/v2\/posts"}],"about":[{"href":"https:\/\/www.europesays.com\/no\/wp-json\/wp\/v2\/types\/post"}],"author":[{"embeddable":true,"href":"https:\/\/www.europesays.com\/no\/wp-json\/wp\/v2\/users\/2"}],"replies":[{"embeddable":true,"href":"https:\/\/www.europesays.com\/no\/wp-json\/wp\/v2\/comments?post=103950"}],"version-history":[{"count":0,"href":"https:\/\/www.europesays.com\/no\/wp-json\/wp\/v2\/posts\/103950\/revisions"}],"wp:featuredmedia":[{"embeddable":true,"href":"https:\/\/www.europesays.com\/no\/wp-json\/wp\/v2\/media\/103951"}],"wp:attachment":[{"href":"https:\/\/www.europesays.com\/no\/wp-json\/wp\/v2\/media?parent=103950"}],"wp:term":[{"taxonomy":"category","embeddable":true,"href":"https:\/\/www.europesays.com\/no\/wp-json\/wp\/v2\/categories?post=103950"},{"taxonomy":"post_tag","embeddable":true,"href":"https:\/\/www.europesays.com\/no\/wp-json\/wp\/v2\/tags?post=103950"}],"curies":[{"name":"wp","href":"https:\/\/api.w.org\/{rel}","templated":true}]}}