{"id":103955,"date":"2025-12-04T11:03:40","date_gmt":"2025-12-04T11:03:40","guid":{"rendered":"https:\/\/www.europesays.com\/no\/103955\/"},"modified":"2025-12-04T11:03:40","modified_gmt":"2025-12-04T11:03:40","slug":"vil-gi-prins-sverre-fulltidsjobb","status":"publish","type":"post","link":"https:\/\/www.europesays.com\/no\/103955\/","title":{"rendered":"Vil gi prins Sverre fulltidsjobb"},"content":{"rendered":"<p>Partiet mener nemlig at prinsen b\u00f8r f\u00e5 tilbud om fulltidsjobb som kongelig \u2013 med l\u00f8nn \u2013 i bursdagsgave.<\/p>\n<p>\u2013 Jeg vil sende mine personlige gratulasjoner til prins Sverre Magnus p\u00e5 20-\u00e5rsdagen. Han g\u00e5r n\u00e5 inn i en ny fase av de voksnes rekker med b\u00e5de mer frihet, men ogs\u00e5 mer ansvar, sier H\u00f8yres stortingsrepresentant Tage Pettersen til NTB.<\/p>\n<p>Og ansvar er stikkordet. For kongehuset trenger folk, mener H\u00f8yre.<\/p>\n<p class=\"subhead\" data-element-type=\"subhead\">\u2013 Det klart d\u00e5rligste alternativet<\/p>\n<p>\u2013 Vi trenger kronprinsen til \u00e5 representere Norge i utlandet. Da m\u00e5 det v\u00e6re noen hjemme som kan avlaste ham p\u00e5 fulltid, sier Pettersen, som med forslaget bryter med tradisjonen om at politiske partier ikke legger seg borti kongehusets virke.<\/p>\n<p>Han er imidlertid ikke den eneste som mener prins Sverre Magnus m\u00e5 f\u00e5 en tydelig rolle i kongehuset. Onsdag skrev kongehusekspert Trond Nor\u00e9n Isaksen en kronikk i <a href=\"https:\/\/www.aftenposten.no\/meninger\/kronikk\/i\/5pJxGK\/hvilken-rolle-skal-prins-sverre-magnus-ha-aa-vaere-privatperson-med-prinsetittel-er-det-klart-daarligste-alternativet\" target=\"_blank\" rel=\"nofollow noopener\">Aftenposten<\/a> der han formanet en st\u00f8rre rolle for prinsen i kongefamilien.<\/p>\n<p>\u2013 Hvilken rolle skal han ha? \u00c5 v\u00e6re privatperson med prinsetittel er det klart d\u00e5rligste alternativet, konkluderer Isaksen.<\/p>\n<p class=\"subhead\" data-element-type=\"subhead\">\u00d8nsker klart skille<\/p>\n<p>Pettersen mener det b\u00f8r v\u00e6re \u00e9n klar regel: Enten er du kongelig p\u00e5 heltid, eller s\u00e5 driver du bedrift. Ikke begge deler.<\/p>\n<p>\u2013 Det er viktig at vi unng\u00e5r situasjonen med M\u00e4rtha Louise, hvor hun representerte Norge litt, men ogs\u00e5 drev med omfattende kommersiell aktivitet hvor hun brukte prinsessetittelen, sier han.<\/p>\n<p>H\u00f8yre-toppen mener 20-\u00e5ringen fortjener \u00e5 vite hva han kan velge.<\/p>\n<p>\u2013 Det er ogs\u00e5 av respekt for Sverre Magnus at disse samtalene b\u00f8r inng\u00e5s. Han er 20 \u00e5r gammel og b\u00f8r kunne vite hvordan hans fremtid som del av kongehuset kan se ut, hvis han \u00f8nsker.<\/p>\n<p>\u2013 Dette handler ikke om \u00e5 gi mer penger og privilegier, men om \u00e5 sikre at kongehuset kan opprettholde sine plikter overfor det norske folk, fortsetter Pettersen.<\/p>\n","protected":false},"excerpt":{"rendered":"Partiet mener nemlig at prinsen b\u00f8r f\u00e5 tilbud om fulltidsjobb som kongelig \u2013 med l\u00f8nn \u2013 i bursdagsgave.&hellip;\n","protected":false},"author":2,"featured_media":103956,"comment_status":"","ping_status":"","sticky":false,"template":"","format":"standard","meta":{"footnotes":""},"categories":[5],"tags":[20,21,24,25,15,19,22,23,17,18,13,30,28,29,14,16,26,27],"class_list":{"0":"post-103955","1":"post","2":"type-post","3":"status-publish","4":"format-standard","5":"has-post-thumbnail","7":"category-overskrifter","8":"tag-breaking-news","9":"tag-breakingnews","10":"tag-featured-news","11":"tag-featurednews","12":"tag-headlines","13":"tag-hovedoppslag","14":"tag-latest-news","15":"tag-latestnews","16":"tag-main-news","17":"tag-mainnews","18":"tag-news","19":"tag-no","20":"tag-norge","21":"tag-norway","22":"tag-nyheter","23":"tag-overskrifter","24":"tag-top-stories","25":"tag-topstories"},"share_on_mastodon":{"url":"https:\/\/pubeurope.com\/@no\/115660967344380396","error":""},"_links":{"self":[{"href":"https:\/\/www.europesays.com\/no\/wp-json\/wp\/v2\/posts\/103955","targetHints":{"allow":["GET"]}}],"collection":[{"href":"https:\/\/www.europesays.com\/no\/wp-json\/wp\/v2\/posts"}],"about":[{"href":"https:\/\/www.europesays.com\/no\/wp-json\/wp\/v2\/types\/post"}],"author":[{"embeddable":true,"href":"https:\/\/www.europesays.com\/no\/wp-json\/wp\/v2\/users\/2"}],"replies":[{"embeddable":true,"href":"https:\/\/www.europesays.com\/no\/wp-json\/wp\/v2\/comments?post=103955"}],"version-history":[{"count":0,"href":"https:\/\/www.europesays.com\/no\/wp-json\/wp\/v2\/posts\/103955\/revisions"}],"wp:featuredmedia":[{"embeddable":true,"href":"https:\/\/www.europesays.com\/no\/wp-json\/wp\/v2\/media\/103956"}],"wp:attachment":[{"href":"https:\/\/www.europesays.com\/no\/wp-json\/wp\/v2\/media?parent=103955"}],"wp:term":[{"taxonomy":"category","embeddable":true,"href":"https:\/\/www.europesays.com\/no\/wp-json\/wp\/v2\/categories?post=103955"},{"taxonomy":"post_tag","embeddable":true,"href":"https:\/\/www.europesays.com\/no\/wp-json\/wp\/v2\/tags?post=103955"}],"curies":[{"name":"wp","href":"https:\/\/api.w.org\/{rel}","templated":true}]}}