{"id":103959,"date":"2025-12-04T11:07:15","date_gmt":"2025-12-04T11:07:15","guid":{"rendered":"https:\/\/www.europesays.com\/no\/103959\/"},"modified":"2025-12-04T11:07:15","modified_gmt":"2025-12-04T11:07:15","slug":"burger-king-apnet-dorene-i-kongsvinger-glamdalen","status":"publish","type":"post","link":"https:\/\/www.europesays.com\/no\/103959\/","title":{"rendered":"Burger King \u00e5pnet d\u00f8rene i Kongsvinger &#8211; Gl\u00e5mdalen"},"content":{"rendered":"<ol>\n<li><a href=\"https:\/\/news.google.com\/rss\/articles\/CBMiiAFBVV95cUxPMEdkaEl5MXlaWkhMZnV5REs0WjhCWHpNRHFQdXpSRXdlaWttQTJvS05wOGxPNzd5OWhfYVdWWDNqa1FzQTdhMEdmYmh2cEU1UlBpRnd6VUQxRTRhTlk2V0xCejl5RmNNelR0ODQ5Rjd2QTJ4VFhSTzNBT0Y3YnRoWXMxWnA1ckxq?oc=5\" target=\"_blank\" rel=\"nofollow noopener\">Burger King \u00e5pnet d\u00f8rene i Kongsvinger<\/a>&nbsp;&nbsp;Gl\u00e5mdalen<\/li>\n<li><a href=\"https:\/\/news.google.com\/rss\/articles\/CBMifEFVX3lxTE9mSF9HaENoZlU3V1hqczhYWDFRX3hER1FpdS1IcTVFTmtGM3U4QzRaWi1lalEtdEpnblVVVkpvOU9xdXZ6ZlcwcF9CVk1FanQ3NUdORHdsUU96bUg5SjgwTmdlUmZpeWQtRU5XRmotNXVDbzBZbXc2YkJ1SmY?oc=5\" target=\"_blank\" rel=\"nofollow noopener\">(+) De er forberedt p\u00e5 burger-bonanza<\/a>&nbsp;&nbsp;Mitt Kongsvinger<\/li>\n<li><a href=\"https:\/\/news.google.com\/rss\/articles\/CBMiuwFBVV95cUxNOU9sZmkzXy1DNnNtaC1YTVlSbFdpWkszMkZiQ19LNVN6M2FnbUVtWGt4VDhNYWlEaTRrbzE4T1E3TGdnSHFEWVMwY0hSYlNVeDlqQ0VxTzJoWkVaUTZYdDJySkkwUVRSTjZJNEQzV0NpR0VHazMxTmZvVkhZRDljcHVhSWxkZ0JnWmhydEtTWUZLNVR4dlUxZndla2lvb1hXajZjVklTb3VJbzVPTUxzQTE0b2RHbWt4djZj?oc=5\" target=\"_blank\" rel=\"nofollow noopener\">Emil og Theo fekk det f\u00f8rste m\u00e5ltidet: 11-\u00e5ringane m\u00f8tte opp to timar f\u00f8r opninga<\/a>&nbsp;&nbsp;os og fusa<\/li>\n<li><a href=\"https:\/\/news.google.com\/rss\/articles\/CBMidkFVX3lxTFBJZ3k1WlE5cGtKakUzMVl1S2g1TFJmTmdfZjlQUnpKaG1tQTJfQ1RBRmZvRGZkX0FUTlFTTmdaMUstTDQ1TWwxOG5aM2I5b0ZWUDAzM2tYMEVwMExQeFh2cFNDYTAyRmY0QTM4VEFfVDM0OXh1dGc?oc=5\" target=\"_blank\" rel=\"nofollow noopener\">\u2013 G\u00f8y med nytt alternativ innan kjapp mat i Os<\/a>&nbsp;&nbsp;Midtsiden<\/li>\n<li><a href=\"https:\/\/news.google.com\/rss\/articles\/CBMigwFBVV95cUxNTlozYXFLZDhoVjE4RDVQM3JHUmc5QlAyYUQ5aFROM1c3dE9VS2ZMX1lST25MN3RpT0pEWHZvZjEzWkRqZnJ4dVAzWUtXcVA4VUZZbk5nMGdoYzN5bFdQU05MaHNoS25Fa2E2RHhzSl9yRWFuZldiSmgtUTQ1QWNDa0h0VQ?oc=5\" target=\"_blank\" rel=\"nofollow noopener\">Petter Northug kommer til Kongsvinger<\/a>&nbsp;&nbsp;Gl\u00e5mdalen<\/li>\n<\/ol>\n","protected":false},"excerpt":{"rendered":"Burger King \u00e5pnet d\u00f8rene i Kongsvinger&nbsp;&nbsp;Gl\u00e5mdalen (+) De er forberedt p\u00e5 burger-bonanza&nbsp;&nbsp;Mitt Kongsvinger Emil og Theo fekk det&hellip;\n","protected":false},"author":2,"featured_media":103960,"comment_status":"","ping_status":"","sticky":false,"template":"","format":"standard","meta":{"footnotes":""},"categories":[56],"tags":[60,61,62,30,28,29],"class_list":{"0":"post-103959","1":"post","2":"type-post","3":"status-publish","4":"format-standard","5":"has-post-thumbnail","7":"category-naeringsliv","8":"tag-business","9":"tag-economy","10":"tag-naeringsliv","11":"tag-no","12":"tag-norge","13":"tag-norway"},"share_on_mastodon":{"url":"https:\/\/pubeurope.com\/@no\/115660983379660530","error":""},"_links":{"self":[{"href":"https:\/\/www.europesays.com\/no\/wp-json\/wp\/v2\/posts\/103959","targetHints":{"allow":["GET"]}}],"collection":[{"href":"https:\/\/www.europesays.com\/no\/wp-json\/wp\/v2\/posts"}],"about":[{"href":"https:\/\/www.europesays.com\/no\/wp-json\/wp\/v2\/types\/post"}],"author":[{"embeddable":true,"href":"https:\/\/www.europesays.com\/no\/wp-json\/wp\/v2\/users\/2"}],"replies":[{"embeddable":true,"href":"https:\/\/www.europesays.com\/no\/wp-json\/wp\/v2\/comments?post=103959"}],"version-history":[{"count":0,"href":"https:\/\/www.europesays.com\/no\/wp-json\/wp\/v2\/posts\/103959\/revisions"}],"wp:featuredmedia":[{"embeddable":true,"href":"https:\/\/www.europesays.com\/no\/wp-json\/wp\/v2\/media\/103960"}],"wp:attachment":[{"href":"https:\/\/www.europesays.com\/no\/wp-json\/wp\/v2\/media?parent=103959"}],"wp:term":[{"taxonomy":"category","embeddable":true,"href":"https:\/\/www.europesays.com\/no\/wp-json\/wp\/v2\/categories?post=103959"},{"taxonomy":"post_tag","embeddable":true,"href":"https:\/\/www.europesays.com\/no\/wp-json\/wp\/v2\/tags?post=103959"}],"curies":[{"name":"wp","href":"https:\/\/api.w.org\/{rel}","templated":true}]}}