{"id":103963,"date":"2025-12-04T11:09:20","date_gmt":"2025-12-04T11:09:20","guid":{"rendered":"https:\/\/www.europesays.com\/no\/103963\/"},"modified":"2025-12-04T11:09:20","modified_gmt":"2025-12-04T11:09:20","slug":"norsk-16-aring-om-svensk-drap-feil-person-ble-skutt","status":"publish","type":"post","link":"https:\/\/www.europesays.com\/no\/103963\/","title":{"rendered":"Norsk 16-\u00e5ring om svensk drap: Feil person ble skutt"},"content":{"rendered":"\n<ul class=\"_list_o9xde_3 _list_64s2r_85 _unordered_o9xde_106 text-sans-m\">\n<li class=\"_item_o9xde_30\">En 16-\u00e5ring fra Stavanger knytter seg til det kriminelle Foxtrot-nettverket og har blitt siktet for flere drapsforbund og medvirkning til drap.<\/li>\n<li class=\"_item_o9xde_30\">Svensk politi mener han spilte en sentral rolle i drapet p\u00e5 en 20-\u00e5ring i Alby. <\/li>\n<li class=\"_item_o9xde_30\">I chat-logger innr\u00f8mmer 16-\u00e5ringen \u00e5 ha hatt en rekrutteringsrolle.<\/li>\n<\/ul>\n<p>Vis mer <\/p>\n<p class=\"_paragraph_o9xde_4 _paragraph_xtcu6_10 layout-component text-serif-m layout-normal text-serif-m layout-padded\">16-\u00e5ringen knytter seg i avh\u00f8r til Foxtrot, og har selv forklart at han har hatt en rekrutteringsrolle i det kriminelle nettverket. <\/p>\n<p class=\"_paragraph_o9xde_4 _paragraph_xtcu6_10 layout-component text-serif-m layout-normal text-serif-m layout-padded\">Det var i mars i \u00e5r at 16-\u00e5ringen ble p\u00e5grepet og siktet for drapsforbunddrapsforbundDrapsforbund betyr \u00e5 inng\u00e5 en avtale om \u00e5 gjennomf\u00f8re et drap med en eller flere andre. etter at en <a href=\"https:\/\/www.vg.no\/nyheter\/i\/4Bg85G\/kripos-til-tv2-soenn-av-politimann-var-maalet\" data-track-element-type=\"Link\" data-track-id=\"link:4Bg85G\" class=\"_link_o9xde_39\" rel=\"nofollow noopener\" target=\"_blank\">17-\u00e5ring ble p\u00e5grepet med kniv<\/a> utenfor et bolighus i Stavanger. Politiet mente at m\u00e5let var ten\u00e5ringss\u00f8nnen i huset. <\/p>\n<p class=\"_paragraph_o9xde_4 _paragraph_xtcu6_10 layout-component text-serif-m layout-normal text-serif-m layout-padded\">Senere har 16-\u00e5ringen ogs\u00e5 blitt siktet for <a href=\"https:\/\/www.vg.no\/nyheter\/i\/Jb47r8\/norsk-18-aaring-paagrepet-i-storbritannia-planla-drap-med-vaapen\" data-track-element-type=\"Link\" data-track-id=\"link:Jb47r8\" class=\"_link_o9xde_39\" rel=\"nofollow noopener\" target=\"_blank\">drapsforbund i England<\/a>, medvirkning til <a href=\"https:\/\/www.vg.no\/nyheter\/i\/zABkL9\/16-aaring-siktet-for-medvirkning-til-drap-i-sverige\" data-track-element-type=\"Link\" data-track-id=\"link:zABkL9\" class=\"_link_o9xde_39\" rel=\"nofollow noopener\" target=\"_blank\">drap i Lund i Sverige<\/a> i januar og et <a href=\"https:\/\/www.politiet.no\/aktuelt-tall-og-fakta\/aktuelt\/nyheter\/2025\/06\/06\/kripos-16-aringen-siktet-i-drapsforbund-i-svensk-sak\/\" class=\"_link_o9xde_39\" rel=\"nofollow noopener\" target=\"_blank\">drapsforbund i G\u00e4vle<\/a> i februar. <\/p>\n<p class=\"_paragraph_o9xde_4 _paragraph_xtcu6_10 layout-component text-serif-m layout-normal text-serif-m layout-padded\">If\u00f8lge <a href=\"https:\/\/www.aftenposten.no\/norge\/i\/xrA19G\/drapsforbund-saken-paa-vestlandet-utvider-siktelsen-mot-16-aaring\" class=\"_link_o9xde_39\" rel=\"nofollow noopener\" target=\"_blank\">Aftenposten<\/a> er ten\u00e5ringen siktet for ytterligere fem forhold, som gjelder ett fors\u00f8k p\u00e5 drapsforbund, to forbund om brannstiftelse og to fors\u00f8k p\u00e5 forbund om brannstiftelse. <\/p>\n<p class=\"_paragraph_o9xde_4 _paragraph_xtcu6_10 layout-component text-serif-m layout-normal text-serif-m layout-padded\">I september ble det kjent at 16-\u00e5ringen ogs\u00e5 er <a href=\"https:\/\/www.vg.no\/nyheter\/i\/jQovew\/norsk-16-aaring-siktet-i-ny-drapssak-i-sverige\" data-track-element-type=\"Link\" data-track-id=\"link:jQovew\" class=\"_link_o9xde_39\" rel=\"nofollow noopener\" target=\"_blank\">siktet for medvirkning til et drap i Stockholm-omr\u00e5det<\/a> i februar, men politiet har tidligere ikke \u00f8nsket \u00e5 g\u00e5 ut med hvilket drap det er snakk om.<\/p>\n<p>Bekrefter<\/p>\n<p class=\"_paragraph_o9xde_4 _paragraph_xtcu6_10 layout-component text-serif-m layout-normal text-serif-m layout-padded\">Kripos bekrefter n\u00e5 at siktelsen gjelder drapet p\u00e5 en 20 \u00e5r gammel mann i Alby 24. februar. <\/p>\n<ul class=\"_gallery_1qa3s_23\" tabindex=\"0\">\n<li class=\"_item_1qa3s_37\" data-index=\"0\"><img decoding=\"async\" class=\"_image_foru8_23 _articleGallery_foru8_39\" data-fullscreen- width=\"845\" height=\"605\" itemprop=\"image\" loading=\"lazy\"  src=\"https:\/\/www.europesays.com\/no\/wp-content\/uploads\/2025\/12\/3b92861a-db5f-41dc-9e1e-a76501bcf3ec\"  style=\"object-position:50% 50%;aspect-ratio:var(--gallery-aspect-ratio, 16 \/ 9)\"\/>Den beslaglagte pistolen. Foto: Svensk politi<\/li>\n<li class=\"_item_1qa3s_37\" data-index=\"1\"><img decoding=\"async\" class=\"_image_foru8_23 _articleGallery_foru8_39\" data-fullscreen- width=\"793\" height=\"551\" itemprop=\"image\" loading=\"lazy\"  src=\"https:\/\/www.europesays.com\/no\/wp-content\/uploads\/2025\/12\/7af67881-d024-4aa7-bb86-83b94af1e4a5\"  style=\"object-position:50% 50%;aspect-ratio:var(--gallery-aspect-ratio, 16 \/ 9)\"\/>Foto: Svensk politi<\/li>\n<li class=\"_item_1qa3s_37\" data-index=\"2\"><img decoding=\"async\" class=\"_image_foru8_23 _articleGallery_foru8_39\" data-fullscreen- width=\"745\" height=\"697\" itemprop=\"image\" loading=\"lazy\"  src=\"https:\/\/www.europesays.com\/no\/wp-content\/uploads\/2025\/12\/e90d9df8-ec89-4b19-9009-52304511a3a2\"  style=\"object-position:50% 50%;aspect-ratio:var(--gallery-aspect-ratio, 16 \/ 9)\"\/>Foto: Svensk politi<\/li>\n<\/ul>\n<p>Den beslaglagte pistolen. Foto: Svensk politi<\/p>\n<p class=\"_paragraph_o9xde_4 _paragraph_xtcu6_10 layout-component text-serif-m layout-normal text-serif-m layout-padded\">Obduksjonen viste at han ble truffet av seks skudd i ben, hofte, buk og hodet.<\/p>\n<p class=\"_paragraph_o9xde_4 _paragraph_xtcu6_10 layout-component text-serif-m layout-normal text-serif-m layout-padded\">Den svenske etterforskningen er n\u00e5 ferdigstilt, og VG har f\u00e5tt innsyn i etterforskningsmaterialet.<\/p>\n<p class=\"_paragraph_o9xde_4 _paragraph_xtcu6_10 layout-component text-serif-m layout-normal text-serif-m layout-padded\"><strong class=\"_strong_o9xde_25\">Der kommer det frem at svensk politi mener at den norske 16-\u00e5ringen har en sentral rolle i saken.<\/strong><\/p>\n<p class=\"_paragraph_o9xde_4 _paragraph_xtcu6_10 layout-component text-serif-m layout-normal text-serif-m layout-padded\">En 18 \u00e5r gammel svensk gutt er tiltalt for \u00e5 ha skutt og drept 20-\u00e5ringen, mens to andre er tiltalt for medvirkning til drap. Den norske 16-\u00e5ringen er ikke tiltalt i den svenske saken.<\/p>\n<p class=\"_paragraph_o9xde_4 _paragraph_xtcu6_10 layout-component text-serif-m layout-normal text-serif-m layout-padded\">I avh\u00f8r hevder den utpekte skytteren at han ikke har noe med drapet \u00e5 gj\u00f8re, men at han l\u00e5nte bort mobiltelefonen sin i 1\u20132 timer til en ukjent person. <\/p>\n<ul class=\"_gallery_1qa3s_23\" tabindex=\"0\">\n<li class=\"_item_1qa3s_37\" data-index=\"0\"><img decoding=\"async\" class=\"_image_foru8_23 _articleGallery_foru8_39\" data-fullscreen- width=\"606\" height=\"810\" itemprop=\"image\" loading=\"lazy\"  src=\"https:\/\/www.europesays.com\/no\/wp-content\/uploads\/2025\/12\/99d2430e-ddf4-4f33-a3a2-cb71f7244360\"  style=\"object-position:50% 50%;aspect-ratio:var(--gallery-aspect-ratio, 16 \/ 9)\"\/>Den svenske 18-\u00e5ringen avbildet i politiets etterforskningsmateriale.  Foto: Svensk politi<\/li>\n<li class=\"_item_1qa3s_37\" data-index=\"1\"><img decoding=\"async\" class=\"_image_foru8_23 _articleGallery_foru8_39\" data-fullscreen- width=\"822\" height=\"1087\" itemprop=\"image\" loading=\"lazy\"  src=\"https:\/\/www.europesays.com\/no\/wp-content\/uploads\/2025\/12\/d86a2c9e-f526-4ec3-b3df-cc4c9663caae\"  style=\"object-position:50% 50%;aspect-ratio:var(--gallery-aspect-ratio, 16 \/ 9)\"\/>Den svenske 18-\u00e5ringen avbildet i politiets etterforskningsmateriale.  Foto: Svensk politi<\/li>\n<\/ul>\n<p>Den svenske 18-\u00e5ringen avbildet i politiets etterforskningsmateriale.  Foto: Svensk politi<\/p>\n<p class=\"_paragraph_o9xde_4 _paragraph_xtcu6_10 layout-component text-serif-m layout-normal text-serif-m layout-padded\">18-\u00e5ringens DNA er funnet p\u00e5 patroner som knyttes til drapet, og politiet har flere overv\u00e5kningsbilder som knytter ham til hendelsen.<\/p>\n<p><img alt=\"Patroner med 18-\u00e5ringens DNA p\u00e5 ble funnet langs det politiet mener var hans fluktrute fra drapet.  Foto: Svensk politi\" class=\"_image_qp4xg_65 layout-component layout-normal\" data-fullscreen- data-track-element-type=\"Article image fullscreen\" data-track-name=\"ImageFullscreen\" decoding=\"async\" loading=\"lazy\" height=\"1130\" itemprop=\"image\"  src=\"https:\/\/www.europesays.com\/no\/wp-content\/uploads\/2025\/12\/e8b83726-a1f6-465b-8cab-f9a22c2c546a\"  style=\"object-position:0% 0%\" width=\"1138\"\/>Patroner med 18-\u00e5ringens DNA p\u00e5 ble funnet langs det politiet mener var hans fluktrute fra drapet.  Foto: Svensk politi<\/p>\n<p class=\"_paragraph_o9xde_4 _paragraph_xtcu6_10 layout-component text-serif-m layout-normal text-serif-m layout-padded\">I etterforskningsmaterialet er det ogs\u00e5 lagt ved to avh\u00f8r av den norske 16-\u00e5ringen \u2013 gjennomf\u00f8rt av norsk politi.<\/p>\n<p class=\"_paragraph_o9xde_4 _paragraph_xtcu6_10 layout-component text-serif-m layout-normal text-serif-m layout-padded\">I et avh\u00f8r fra 23. september i \u00e5r bekrefter 16-\u00e5ringen at han var involvert i rekrutteringen av den utpekte skytteren, men mener at han ikke har noe med drapet eller skytingen \u00e5 gj\u00f8re. <\/p>\n<p class=\"_paragraph_o9xde_4 _paragraph_xtcu6_10 layout-component text-serif-m layout-normal text-serif-m layout-padded\">VG har forelagt 16-\u00e5ringens forsvarer, advokat J\u00f8rund L\u00e6gland, opplysningene som kommer frem i denne saken. Han \u00f8nsker ikke \u00e5 kommentere.<\/p>\n<p>\u00abGeneralen\u00bb<\/p>\n<p class=\"_paragraph_o9xde_4 _paragraph_xtcu6_10 layout-component text-serif-m layout-normal text-serif-m layout-padded\">I det svenske etterforsknings\u00admaterialet er det inkludert en rekke chattelogger fra den krypterte meldingstjenesten Signal. <\/p>\n<p class=\"_paragraph_o9xde_4 _paragraph_xtcu6_10 layout-component text-serif-m layout-normal text-serif-m layout-padded\">Der diskuteres planlegging og gjennomf\u00f8ring av drapet i Alby. Et av brukernavnene er \u00abGeneralen\u00bb, som den norske 16-\u00e5ringen bekrefter i avh\u00f8r er ham selv. <\/p>\n<p class=\"_paragraph_o9xde_4 _paragraph_xtcu6_10 layout-component text-serif-m layout-normal text-serif-m layout-padded\"><strong class=\"_strong_o9xde_25\">If\u00f8lge svensk politi har \u00abGeneralen\u00bb hatt en sentral rolle i saken, sammen med flere andre som deltok i Signal-chatten. <\/strong><\/p>\n<p class=\"_paragraph_o9xde_4 _paragraph_xtcu6_10 layout-component text-serif-m layout-normal text-serif-m layout-padded\">VG er ikke kjent med hvorvidt de andre er identifisert av svensk politi.<\/p>\n<p>\u00abAgent 47\u00bb<\/p>\n<p class=\"_paragraph_o9xde_4 _paragraph_xtcu6_10 layout-component text-serif-m layout-normal text-serif-m layout-padded\">En av dem 16-\u00e5ringen kommuniserer mye med p\u00e5 Signal er en person bak brukernavnet \u00abAgent 47\u00bb.<\/p>\n<p class=\"_paragraph_o9xde_4 _paragraph_xtcu6_10 layout-component text-serif-m layout-normal text-serif-m layout-padded\">Svensk politi mener at ogs\u00e5 denne personen er sentral i saken. <\/p>\n<p class=\"_paragraph_o9xde_4 _paragraph_xtcu6_10 layout-component text-serif-m layout-normal text-serif-m layout-padded\">16-\u00e5ringen, som uttrykker seg p\u00e5 svensk, skriver p\u00e5 et tidspunkt:<\/p>\n<p class=\"_paragraph_o9xde_4 _paragraph_xtcu6_10 layout-component text-serif-m layout-normal text-serif-m layout-padded\">\u00abBror vil ba s\u00e4ga tack f\u00f6r att jag f\u00e5r jobber f\u00f6r teamfox\/i teamfox betyder alt bror\u00bb.<\/p>\n<p><img alt=\"Den svenske 18-\u00e5ringen avbildet i politiets etterforskningsmateriale.   Foto: Svensk politi\" class=\"_image_qp4xg_65 layout-component layout-normal\" data-fullscreen- data-track-element-type=\"Article image fullscreen\" data-track-name=\"ImageFullscreen\" decoding=\"async\" loading=\"lazy\" height=\"451\" itemprop=\"image\"  src=\"https:\/\/www.europesays.com\/no\/wp-content\/uploads\/2025\/12\/f0792a13-4687-4bb6-a982-06e11f0278bb\"  style=\"object-position:0% 0%\" width=\"555\"\/>Den svenske 18-\u00e5ringen avbildet i politiets etterforskningsmateriale.   Foto: Svensk politi<\/p>\n<p class=\"_paragraph_o9xde_4 _paragraph_xtcu6_10 layout-component text-serif-m layout-normal text-serif-m layout-padded\">I avh\u00f8r kommer det frem at 16-\u00e5ringen f\u00e5 timer f\u00f8r drapet sendte en selfie av skytteren og bilde av hans ID-kort til \u00abAgent 47\u00bb. <\/p>\n<p class=\"_paragraph_o9xde_4 _paragraph_xtcu6_10 layout-component text-serif-m layout-normal text-serif-m layout-padded\">Skytteren hadde p\u00e5 forh\u00e5nd sendt dette til 16-\u00e5ringen. <\/p>\n<p class=\"_paragraph_o9xde_4 _paragraph_xtcu6_10 layout-component text-serif-m layout-normal text-serif-m layout-padded\">If\u00f8lge 16-\u00e5ringen hadde han som regel ansvar for pass og foto av de som ble rekruttert til voldsoppdrag. <\/p>\n<p class=\"_paragraph_o9xde_4 _paragraph_xtcu6_10 layout-component text-serif-m layout-normal text-serif-m layout-padded\">Den svenske politiadvokaten har ikke besvart VGs henvendelser.<\/p>\n<p><img alt=\"En gruppechat med navn \u00abTime to make money\u00bb ble brukt i forbindelse med drapet.  Foto: Svensk politi\" class=\"_image_qp4xg_65 layout-component layout-normal\" data-fullscreen- data-track-element-type=\"Article image fullscreen\" data-track-name=\"ImageFullscreen\" decoding=\"async\" loading=\"lazy\" height=\"726\" itemprop=\"image\"  src=\"https:\/\/www.europesays.com\/no\/wp-content\/uploads\/2025\/12\/3dbc57be-d230-49ba-b674-9303bb783c0c\"  style=\"object-position:0% 0%\" width=\"801\"\/>En gruppechat med navn \u00abTime to make money\u00bb ble brukt i forbindelse med drapet.  Foto: Svensk politi<\/p>\n<p class=\"_paragraph_o9xde_4 _paragraph_xtcu6_10 layout-component text-serif-m layout-normal text-serif-m layout-padded\">Da politiet p\u00e5grep den svenske 18-\u00e5ringen fant de en Signal-gruppe som het \u00abTime to make money\u00bb. <\/p>\n<p class=\"_paragraph_o9xde_4 _paragraph_xtcu6_10 layout-component text-serif-m layout-normal text-serif-m layout-padded\">I kamerarullen i appen fant de en film fra samme kveld der en person st\u00e5r med en pistol i h\u00e5nden.<\/p>\n<p>Feil m\u00e5l<\/p>\n<p class=\"_paragraph_o9xde_4 _paragraph_xtcu6_10 layout-component text-serif-m layout-normal text-serif-m layout-padded\">I avh\u00f8r sier den norske 16-\u00e5ringen at den svenske 20-\u00e5ringen som ble skutt i Alby ikke var det egentlige m\u00e5let. <\/p>\n<p class=\"_paragraph_o9xde_4 _paragraph_xtcu6_10 layout-component text-serif-m layout-normal text-serif-m layout-padded\">I et avh\u00f8r dagen etterp\u00e5 sier avh\u00f8reren at alt tyder p\u00e5 at 20-\u00e5ringen var et tilfeldig og uskyldig offer \u2013 og lurer p\u00e5 hva 16-\u00e5ringen tenker om det. <\/p>\n<p><img alt=\"Et snapchat-bilde av en pistol, funnet p\u00e5 en beslaglagt mobiltelefon.  Foto: Svensk politi\" class=\"_image_qp4xg_65 layout-component layout-normal\" data-fullscreen- data-track-element-type=\"Article image fullscreen\" data-track-name=\"ImageFullscreen\" decoding=\"async\" loading=\"lazy\" height=\"1468\" itemprop=\"image\"  src=\"https:\/\/www.europesays.com\/no\/wp-content\/uploads\/2025\/12\/873ed9e5-28e7-4c3a-b9db-68e997cf6f38\"  style=\"object-position:0% 0%\" width=\"1082\"\/>Et snapchat-bilde av en pistol, funnet p\u00e5 en beslaglagt mobiltelefon.  Foto: Svensk politi<\/p>\n<p class=\"_paragraph_o9xde_4 _paragraph_xtcu6_10 layout-component text-serif-m layout-normal text-serif-m layout-padded\">Han svarer at det ikke er noe han st\u00e5r inne for, og avviser at det var han som ledet skytteren til feil person. <\/p>\n<p class=\"_paragraph_o9xde_4 _paragraph_xtcu6_10 layout-component text-serif-m layout-normal text-serif-m layout-padded\">I avh\u00f8ret sier han at \u00abalt han ville var \u00e5 gj\u00f8re dem stolte. Han ville ikke noe annet. Han ville v\u00e6re p\u00e5 toppen. Det faktum at han er 16 \u00e5r gammel og har denne typen rollen og makt i et internasjonalt nettverk, var det som fikk ham til \u00e5 fortsette\u00bb.<\/p>\n<p class=\"_paragraph_o9xde_4 _paragraph_xtcu6_10 layout-component text-serif-m layout-normal text-serif-m layout-padded\">Moren til drapsofferet stilte i sommer opp i et intervju hos <a href=\"https:\/\/www.aftonbladet.se\/nyheter\/a\/73kwG9\/skots-ihjal-i-alby-pa-vag-hem-fran-jobbet-pa-mcdonalds\" class=\"_link_o9xde_39\" rel=\"nofollow noopener\" target=\"_blank\">Aftonbladet<\/a>, der hun fortalte at s\u00f8nnen var p\u00e5 vei hjem fra jobben p\u00e5 McDonalds da han ble skutt utenfor hjemmet sitt.<\/p>\n<p>Planla \u00e5 flykte<\/p>\n<p class=\"_paragraph_o9xde_4 _paragraph_xtcu6_10 layout-component text-serif-m layout-normal text-serif-m layout-padded\">I avh\u00f8rene nevnes ogs\u00e5 Rawa Majid \u2013 lederen av det kriminelle Foxtrot-nettverket. <\/p>\n<p><img alt=\"Lederen av Foxtrot-nettverket, Rawa Majid.   Foto: Polisen \/ TT Nyhetsbyr\u00e5n \/ NTB\" class=\"_image_qp4xg_65 layout-component layout-normal\" data-fullscreen- data-track-element-type=\"Article image fullscreen\" data-track-name=\"ImageFullscreen\" decoding=\"async\" loading=\"lazy\" height=\"583\" itemprop=\"image\"  src=\"https:\/\/www.europesays.com\/no\/wp-content\/uploads\/2025\/12\/92b12e24-43d0-42d8-8ba4-f880fc86e7d8\"  style=\"object-position:0% 0%\" width=\"545\"\/>Lederen av Foxtrot-nettverket, Rawa Majid.   Foto: Polisen \/ TT Nyhetsbyr\u00e5n \/ NTB<\/p>\n<p class=\"_paragraph_o9xde_4 _paragraph_xtcu6_10 layout-component text-serif-m layout-normal text-serif-m layout-padded\">I en chat skriver 16-\u00e5ringen blant annet at \u00abde vanskelige oppdragene ble utf\u00f8rt av de erfarne eller Fox selv.\u00bb<\/p>\n<p class=\"_paragraph_o9xde_4 _paragraph_xtcu6_10 layout-component text-serif-m layout-normal text-serif-m layout-padded\">I en Signal-chat kommer det ogs\u00e5 frem at 16-\u00e5ringen ba \u00abAgent 47\u00bb om hjelp til en flybillett ut av Norge f\u00f8r han ble p\u00e5grepet. <\/p>\n<p class=\"_paragraph_o9xde_4 _paragraph_xtcu6_10 layout-component text-serif-m layout-normal text-serif-m layout-padded\">I avh\u00f8r sier 16-\u00e5ringen:<\/p>\n<p class=\"_paragraph_o9xde_4 _paragraph_xtcu6_10 layout-component text-serif-m layout-normal text-serif-m layout-padded\">\u00abDere hadde flaks som tok meg da dere gjorde det\u00bb, og utdyper at han hadde en plan om \u00e5 r\u00f8mme landet. Han \u00f8nsker imidlertid ikke \u00e5 oppgi hvilket land. <\/p>\n<p class=\"_paragraph_o9xde_4 _paragraph_xtcu6_10 layout-component text-serif-m layout-normal text-serif-m layout-padded\">I avh\u00f8r blir han konfrontert med \u00e5 ha b\u00e5de s\u00f8kt etter flyreiser til Dubai og Marbella i Spania, noe han bekreftet \u00e5 ha gjort.<\/p>\n","protected":false},"excerpt":{"rendered":"En 16-\u00e5ring fra Stavanger knytter seg til det kriminelle Foxtrot-nettverket og har blitt siktet for flere drapsforbund og&hellip;\n","protected":false},"author":2,"featured_media":103964,"comment_status":"","ping_status":"","sticky":false,"template":"","format":"standard","meta":{"footnotes":""},"categories":[10],"tags":[20,21,377,24,25,7185,6439,6438,15,148,22,23,13,30,28,29,14,16,1306,1359,26,27],"class_list":{"0":"post-103963","1":"post","2":"type-post","3":"status-publish","4":"format-standard","5":"has-post-thumbnail","7":"category-norge","8":"tag-breaking-news","9":"tag-breakingnews","10":"tag-drap","11":"tag-featured-news","12":"tag-featurednews","13":"tag-foxtrot","14":"tag-foxtrot-nettverket","15":"tag-gjengkriminalitet","16":"tag-headlines","17":"tag-kriminalitet","18":"tag-latest-news","19":"tag-latestnews","20":"tag-news","21":"tag-no","22":"tag-norge","23":"tag-norway","24":"tag-nyheter","25":"tag-overskrifter","26":"tag-stavanger","27":"tag-sverige","28":"tag-top-stories","29":"tag-topstories"},"share_on_mastodon":{"url":"https:\/\/pubeurope.com\/@no\/115660991278926878","error":""},"_links":{"self":[{"href":"https:\/\/www.europesays.com\/no\/wp-json\/wp\/v2\/posts\/103963","targetHints":{"allow":["GET"]}}],"collection":[{"href":"https:\/\/www.europesays.com\/no\/wp-json\/wp\/v2\/posts"}],"about":[{"href":"https:\/\/www.europesays.com\/no\/wp-json\/wp\/v2\/types\/post"}],"author":[{"embeddable":true,"href":"https:\/\/www.europesays.com\/no\/wp-json\/wp\/v2\/users\/2"}],"replies":[{"embeddable":true,"href":"https:\/\/www.europesays.com\/no\/wp-json\/wp\/v2\/comments?post=103963"}],"version-history":[{"count":0,"href":"https:\/\/www.europesays.com\/no\/wp-json\/wp\/v2\/posts\/103963\/revisions"}],"wp:featuredmedia":[{"embeddable":true,"href":"https:\/\/www.europesays.com\/no\/wp-json\/wp\/v2\/media\/103964"}],"wp:attachment":[{"href":"https:\/\/www.europesays.com\/no\/wp-json\/wp\/v2\/media?parent=103963"}],"wp:term":[{"taxonomy":"category","embeddable":true,"href":"https:\/\/www.europesays.com\/no\/wp-json\/wp\/v2\/categories?post=103963"},{"taxonomy":"post_tag","embeddable":true,"href":"https:\/\/www.europesays.com\/no\/wp-json\/wp\/v2\/tags?post=103963"}],"curies":[{"name":"wp","href":"https:\/\/api.w.org\/{rel}","templated":true}]}}