{"id":103967,"date":"2025-12-04T11:18:09","date_gmt":"2025-12-04T11:18:09","guid":{"rendered":"https:\/\/www.europesays.com\/no\/103967\/"},"modified":"2025-12-04T11:18:09","modified_gmt":"2025-12-04T11:18:09","slug":"kommentar-ondskap-satt-i-system","status":"publish","type":"post","link":"https:\/\/www.europesays.com\/no\/103967\/","title":{"rendered":"Kommentar: Ondskap satt i system"},"content":{"rendered":"\n<p class=\"_prefix_nfjwc_1 layout-padded\">Meninger<br \/>Kommentar<\/p>\n<p class=\"_lead_o9xde_2 _lead_xtcu6_50 layout-component text-serif-m layout-normal text-serif-l _lead_1k67c_21 layout-component layout-normal layout-padded layout-padded\">Fengselet ble kalt \u00abslakterhuset\u00bb. Det var ofte synonymt med en grusom d\u00f8d.<\/p>\n<p>Skriver om krigen i Ukraina, sjakk, Formel 1, idrettspolitikk, m.m.. Utdannet ved NMBU og Moskvas statsuniversitet. Hobbybonde.<\/p>\n<p><a href=\"https:\/\/www.vg.no\/nyheter\/i\/16PEkl\/mailto:ole.kristian.strom@vg.no\" class=\"_button_6bkpv_2 button-label-large _filled_6bkpv_106 _button_1xhag_75\" rel=\"nofollow noopener\" target=\"_blank\">E-post<\/a><img alt=\"Slik s\u00e5 det ut i Sednaya-fengselet i Syria, der tusenvis av fanger ventet p\u00e5 skjebnen sin.  Foto: Espen Rasmussen \/ VG\" class=\"_image_qp4xg_65 layout-component layout-wide\" data-fullscreen- data-track-element-type=\"Article image fullscreen\" data-track-name=\"ImageFullscreen\" fetchpriority=\"high\" decoding=\"sync\" loading=\"eager\" height=\"3335\" itemprop=\"image\"  src=\"https:\/\/www.europesays.com\/no\/wp-content\/uploads\/2025\/12\/bec08e5e-bd8c-46b4-b6b9-c1f208b73709\"  style=\"object-position:0% 0%\" width=\"4449\"\/>Slik s\u00e5 det ut i Sednaya-fengselet i Syria, der tusenvis av fanger ventet p\u00e5 skjebnen sin.  Foto: Espen Rasmussen \/ VGTorsdag 4. desember kl. 11:47     <\/p>\n<p class=\"_paragraph_o9xde_4 _paragraph_xtcu6_10 layout-component text-serif-m layout-normal text-serif-m layout-padded\">Dette er institusjonalisert ondskap som f\u00e5r oss til \u00e5 tenke p\u00e5 j\u00f8deutryddelsene.<\/p>\n<p class=\"_paragraph_o9xde_4 _paragraph_xtcu6_10 layout-component text-serif-m layout-normal text-serif-m layout-padded\">Da president Bashar al-Assads regime plutselig kollapset i <a href=\"https:\/\/www.vg.no\/tag\/syria?utm_source=vg-article&amp;utm_medium=auto-tagger&amp;utm_campaign=16PEkl\" class=\"_link_o9xde_39\" rel=\"nofollow noopener\" target=\"_blank\">Syria<\/a>, brukte folk slegge og \u00f8ks for \u00e5 \u00e5pne celled\u00f8rene i Sednaya-fengselet.<\/p>\n<p class=\"_paragraph_o9xde_4 _paragraph_xtcu6_10 layout-component text-serif-m layout-normal text-serif-m layout-padded\">Det \u00e5pnet samtidig v\u00e5rt innsyn i et av det syriske regimets m\u00f8rkeste hemmeligheter.<\/p>\n<p class=\"_paragraph_o9xde_4 _paragraph_xtcu6_10 layout-component text-serif-m layout-normal text-serif-m layout-padded\">Det som \u00e5penbarte seg, sjokkerte ikke bare syrerne, men en hel verden.<\/p>\n<p class=\"_paragraph_o9xde_4 _paragraph_xtcu6_10 layout-component text-serif-m layout-normal text-serif-m layout-padded\">Ett \u00e5r senere f\u00e5r vi en enda bedre oppfatning av hva som skjedde, gjennom bilder av ofrene. Disse viser vi for \u00e5 synliggj\u00f8re de groteske resultatene av president Assads drapsmaskin. Mer enn 33.000 smertefullt h\u00f8yoppl\u00f8selige bilder av d\u00f8de, nesten alle menn, som ble p\u00e5grepet og drept av Assad-regimet, hovedsakelig mellom 2015 og 2024. Totalt dr\u00f8yt 10.000 personer.<\/p>\n<p class=\"_paragraph_o9xde_4 _paragraph_xtcu6_10 layout-component text-serif-m layout-normal text-serif-m layout-padded\">Ikke bare fra Sednaya-fengselet, men ogs\u00e5 fra andre fengsler der de har v\u00e6rt i etterretningens vold. En del av bildene skal v\u00e6re tatt p\u00e5 milit\u00e6rsykehus, som fangene har blitt fraktet til etter sin d\u00f8d.<\/p>\n<p><img alt=\"Like etter regimets fall, str\u00f8mmet p\u00e5r\u00f8rende til likhus for \u00e5 lete etter sine kj\u00e6re.   Foto: Kyrre Lien \/ VG\" class=\"_image_qp4xg_65 layout-component layout-normal\" data-fullscreen- data-track-element-type=\"Article image fullscreen\" data-track-name=\"ImageFullscreen\" decoding=\"async\" loading=\"lazy\" height=\"5464\" itemprop=\"image\"  src=\"https:\/\/www.europesays.com\/no\/wp-content\/uploads\/2025\/12\/dd5c529c-0eed-404e-bbe8-a4826813e763\"  style=\"object-position:0% 0%\" width=\"7282\"\/>Like etter regimets fall, str\u00f8mmet p\u00e5r\u00f8rende til likhus for \u00e5 lete etter sine kj\u00e6re.   Foto: Kyrre Lien \/ VG<\/p>\n<p class=\"_paragraph_o9xde_4 _paragraph_xtcu6_10 layout-component text-serif-m layout-normal text-serif-m layout-padded\">Rundt i hele verden sitter det n\u00e5 syrere som h\u00e5per at de kan f\u00e5 vite mer om skjebnen til sine familiemedlemmer som er savnet. <\/p>\n<p class=\"_paragraph_o9xde_4 _paragraph_xtcu6_10 layout-component text-serif-m layout-normal text-serif-m layout-padded\">Det vil koste dem mye \u00e5 g\u00e5 gjennom disse groteske bildene. Mange vil likevel gj\u00f8re det: De trenger \u00e5 vite hva som skjedde med sine kj\u00e6re.<\/p>\n<p class=\"_paragraph_o9xde_4 _paragraph_xtcu6_10 layout-component text-serif-m layout-normal text-serif-m layout-padded\">De fleste av ofrene har trolig ikke gjort noe annet galt enn \u00e5 v\u00e6re kritisk til Assads regime.<\/p>\n<p class=\"_paragraph_o9xde_4 _paragraph_xtcu6_10 layout-component text-serif-m layout-normal text-serif-m layout-padded\">Dette er mennesker som bare dr\u00f8mte om et nytt Syria.<\/p>\n<p class=\"_paragraph_o9xde_4 _paragraph_xtcu6_10 layout-component text-serif-m layout-normal text-serif-m layout-padded\">Selv om det gj\u00f8r vondt b\u00e5de for syrerne og oss andre \u00e5 se og omtale disse bildene, er det helt n\u00f8dvendig for at sannheten skal komme frem i historieb\u00f8kene.<\/p>\n<p><img alt=\"\" class=\"_image_qp4xg_65 layout-component layout-normal\" data-fullscreen- data-track-element-type=\"Article image fullscreen\" data-track-name=\"ImageFullscreen\" decoding=\"async\" loading=\"lazy\" height=\"1080\" itemprop=\"image\"  src=\"https:\/\/www.europesays.com\/no\/wp-content\/uploads\/2025\/12\/6af38d25-4397-4a03-8495-c7ae04bc85c0\"  style=\"object-position:0% 0%\" width=\"1920\"\/><\/p>\n<p class=\"_paragraph_o9xde_4 _paragraph_xtcu6_10 layout-component text-serif-m layout-normal text-serif-m layout-padded\">Om det ogs\u00e5 vil resultere i et rettsoppgj\u00f8r, er forel\u00f8pig helt uklart. Det er usikkert om den nye syriske regjeringen vil sette igang en slik prosess. Hvis det ikke skjer, er det mange med blod p\u00e5 hendene som vil slippe unna.<\/p>\n<p class=\"_paragraph_o9xde_4 _paragraph_xtcu6_10 layout-component text-serif-m layout-normal text-serif-m layout-padded\">Et annet problem er at familien al-Assad ble fl\u00f8yet til Moskva og gjemmer seg der, godt beskyttet av russiske myndigheter. Russland \u2013 og Iran \u2013 s\u00f8rget for at regimet ble sittende lenger enn det ellers ville ha klart \u00e5 holde stand. Da det plutselig kollapset, var Vladimir Putin kjapp med \u00e5 komme sin gamle venn til unnsetning.<\/p>\n<p class=\"_paragraph_o9xde_4 _paragraph_xtcu6_10 layout-component text-serif-m layout-normal text-serif-m layout-padded\">Det skjedde samtidig som letemannskaper gjennoms\u00f8kte de m\u00f8rke, labyrintlignende gangene ved hjelp av hunder og lommelykter. Slektninger str\u00f8mmet til og h\u00e5pet i det lengste at de skulle finne sine kj\u00e6re i live. <\/p>\n<p><img alt=\"Foto: Kyrre Lien \/ VG\" class=\"_image_qp4xg_65 layout-component layout-normal\" data-fullscreen- data-track-element-type=\"Article image fullscreen\" data-track-name=\"ImageFullscreen\" decoding=\"async\" loading=\"lazy\" height=\"5339\" itemprop=\"image\"  src=\"https:\/\/www.europesays.com\/no\/wp-content\/uploads\/2025\/12\/adc23b8e-2561-4c96-9a6e-457af810d4ce\"  style=\"object-position:0% 0%\" width=\"8005\"\/>Foto: Kyrre Lien \/ VG<\/p>\n<p class=\"_paragraph_o9xde_4 _paragraph_xtcu6_10 layout-component text-serif-m layout-normal text-serif-m layout-padded\">Det som m\u00f8tte dem, var skremmende. Noen av fangene hadde overlevd, andre var d\u00f8de.<\/p>\n<p class=\"_paragraph_o9xde_4 _paragraph_xtcu6_10 layout-component text-serif-m layout-normal text-serif-m layout-padded\">Fangene kunne fortelle om en virkelighet med tortur, voldtekter og d\u00f8d. Ogs\u00e5 kvinner og barn ble mishandlet.<\/p>\n<p class=\"_paragraph_o9xde_4 _paragraph_xtcu6_10 layout-component text-serif-m layout-normal text-serif-m layout-padded\">Familiemedlemmer lette blant forbrente og vansirede lik i h\u00e5p om \u00e5 kunne identifisere sine slektninger. Mange av likene viste tegn p\u00e5 tortur.<\/p>\n<p class=\"_paragraph_o9xde_4 _paragraph_xtcu6_10 layout-component text-serif-m layout-normal text-serif-m layout-padded\">De nye bildene viser med skremmende sannhet at fangene i tillegg til mishandlingen, ogs\u00e5 ble utsultet. Kragebein og skuldre stikker ut. Bildene er ikke ulike de vi har sett av nazistenes utryddelsesleire og til dels ogs\u00e5 fra Bosnia-krigen.<\/p>\n<p class=\"_paragraph_o9xde_4 _paragraph_xtcu6_10 layout-component text-serif-m layout-normal text-serif-m layout-padded\">Det beste estimatet vi har tyder p\u00e5 at minst 30 000 fanger ble drept eller d\u00f8de i Sednaya-fengselet \u2014 men det virkelige tallet kan v\u00e6re h\u00f8yere, fordi mange fanger \u00abforsvant\u00bb og mange lik ble aldri identifisert.<\/p>\n<p class=\"_paragraph_o9xde_4 _paragraph_xtcu6_10 layout-component text-serif-m layout-normal text-serif-m layout-padded\">Hvor mange syrere som alt i alt forsvant under al Assad-styret, er det trolig ingen som vet. Det hevdes <a href=\"https:\/\/news.un.org\/en\/story\/2025\/11\/1166306\" class=\"_link_o9xde_39\" rel=\"nofollow noopener\" target=\"_blank\">100.000 mennesker fortsatt er savnet<\/a>. <\/p>\n<p class=\"_paragraph_o9xde_4 _paragraph_xtcu6_10 layout-component text-serif-m layout-normal text-serif-m layout-padded\">Gjennom bildene som VG og andre medier i dag publiserer, vil forh\u00e5pentligvis noen f\u00e5 svar. Selv om sannheten er fryktelig. <\/p>\n<p>   Dette er en kommentar. Kommentaren gir uttrykk for skribentens holdning. <\/p>\n","protected":false},"excerpt":{"rendered":"MeningerKommentar Fengselet ble kalt \u00abslakterhuset\u00bb. Det var ofte synonymt med en grusom d\u00f8d. Skriver om krigen i Ukraina,&hellip;\n","protected":false},"author":2,"featured_media":103968,"comment_status":"","ping_status":"","sticky":false,"template":"","format":"standard","meta":{"footnotes":""},"categories":[12],"tags":[20,21,24,25,15,22,23,13,30,28,29,14,16,7724,26,27,42,103,43,44,45],"class_list":{"0":"post-103967","1":"post","2":"type-post","3":"status-publish","4":"format-standard","5":"has-post-thumbnail","7":"category-verden","8":"tag-breaking-news","9":"tag-breakingnews","10":"tag-featured-news","11":"tag-featurednews","12":"tag-headlines","13":"tag-latest-news","14":"tag-latestnews","15":"tag-news","16":"tag-no","17":"tag-norge","18":"tag-norway","19":"tag-nyheter","20":"tag-overskrifter","21":"tag-syria","22":"tag-top-stories","23":"tag-topstories","24":"tag-verden","25":"tag-vgmeninger","26":"tag-world","27":"tag-world-news","28":"tag-worldnews"},"share_on_mastodon":{"url":"https:\/\/pubeurope.com\/@no\/115661026949107391","error":""},"_links":{"self":[{"href":"https:\/\/www.europesays.com\/no\/wp-json\/wp\/v2\/posts\/103967","targetHints":{"allow":["GET"]}}],"collection":[{"href":"https:\/\/www.europesays.com\/no\/wp-json\/wp\/v2\/posts"}],"about":[{"href":"https:\/\/www.europesays.com\/no\/wp-json\/wp\/v2\/types\/post"}],"author":[{"embeddable":true,"href":"https:\/\/www.europesays.com\/no\/wp-json\/wp\/v2\/users\/2"}],"replies":[{"embeddable":true,"href":"https:\/\/www.europesays.com\/no\/wp-json\/wp\/v2\/comments?post=103967"}],"version-history":[{"count":0,"href":"https:\/\/www.europesays.com\/no\/wp-json\/wp\/v2\/posts\/103967\/revisions"}],"wp:featuredmedia":[{"embeddable":true,"href":"https:\/\/www.europesays.com\/no\/wp-json\/wp\/v2\/media\/103968"}],"wp:attachment":[{"href":"https:\/\/www.europesays.com\/no\/wp-json\/wp\/v2\/media?parent=103967"}],"wp:term":[{"taxonomy":"category","embeddable":true,"href":"https:\/\/www.europesays.com\/no\/wp-json\/wp\/v2\/categories?post=103967"},{"taxonomy":"post_tag","embeddable":true,"href":"https:\/\/www.europesays.com\/no\/wp-json\/wp\/v2\/tags?post=103967"}],"curies":[{"name":"wp","href":"https:\/\/api.w.org\/{rel}","templated":true}]}}