{"id":103969,"date":"2025-12-04T11:19:07","date_gmt":"2025-12-04T11:19:07","guid":{"rendered":"https:\/\/www.europesays.com\/no\/103969\/"},"modified":"2025-12-04T11:19:07","modified_gmt":"2025-12-04T11:19:07","slug":"mann-i-more-og-romsdal-pagrepet-i-stor-narkotikasak-rbnett-no","status":"publish","type":"post","link":"https:\/\/www.europesays.com\/no\/103969\/","title":{"rendered":"Mann i M\u00f8re og Romsdal p\u00e5grepet i stor narkotikasak &#8211; rbnett.no"},"content":{"rendered":"<ol>\n<li><a href=\"https:\/\/news.google.com\/rss\/articles\/CBMioAFBVV95cUxPSG5yT0tPZXZvbEZaZ0JFb2dIRVZNVm1MVklyNmlSbWdFa2VoYTN4VFRUTDdMWEdPT2ZVR0hOTUdMbWlKY2lrcndob1RoZGxWUmZkQlh0SHNZM25hSTgwSFpGNHJIejNiZUxDVFFFRFZXcW91R3FmaV9qcDc0R19LZE5GRnJHNzZpNVZSZUV6Y0pwWjRCT3ZfR2thREtUbEV1?oc=5\" target=\"_blank\" rel=\"nofollow noopener\">Mann i M\u00f8re og Romsdal p\u00e5grepet i stor narkotikasak<\/a>&nbsp;&nbsp;rbnett.no<\/li>\n<li><a href=\"https:\/\/news.google.com\/rss\/articles\/CBMieEFVX3lxTE9LVU9uU1E1ZUhMT1JzQ3otRzVydU1yWndBSWh3XzJEM2JTMEROckJwZk1TZFZTWENhNTExcnJKZE1HWENJcHpVWE9FVmxRaGVDSENRRU1XODJGdHdjQ1VOVHlnMmJTMXVVemZ5bTRDY2NtT2ZVMW1wUg?oc=5\" target=\"_blank\" rel=\"nofollow noopener\">Nyheter, Krim | Tre menn p\u00e5grepet i stor narkotikasak<\/a>&nbsp;&nbsp;Bergensavisen<\/li>\n<li><a href=\"https:\/\/news.google.com\/rss\/articles\/CBMigwFBVV95cUxNZDZxUVBGVFFrRWl1aTctd1pCYVdlOTNIZTVOUUdfaFptMlZTeXItNzJwSkF6YnphUnlZUV9WV1kxcUE0dzhRcml1VWVCVWNFQzNmNEpGenpnRFZ6dzdBdEhVU0RTaENwbjVvb1hTYVNlVUozUENDZHdyNUlVTmZRUHdRQQ?oc=5\" target=\"_blank\" rel=\"nofollow noopener\">Tre menn p\u00e5grepet i grov narkotikasak<\/a>&nbsp;&nbsp;Bergens Tidende<\/li>\n<li><a href=\"https:\/\/news.google.com\/rss\/articles\/CBMirwFBVV95cUxQcGtVMHVnX2hJVHdjRXZ4NURubWVUNS1PMXlrbjVnLVlLZ1JUeDM1N0d0Z2hnMldscXA2SDJDaDR5ejdNRm9FTkt0R2p3QVFQWUl5d2NKNDlDeEE1ZVFMeWl5cERHY0dET05CZzVNandXaFVxU2hyUk15T1lvb1pfa3hCQ0pmRmpQWDV4MElTQXpicGs1MjNrNnBqRktwNXFBaEEybkt1Q05ZcWxaQzk0?oc=5\" target=\"_blank\" rel=\"nofollow noopener\">Tre menn i 20-\u00e5rene p\u00e5grepet for grov narkotikaforbrytelse<\/a>&nbsp;&nbsp;adressa.no<\/li>\n<li><a href=\"https:\/\/news.google.com\/rss\/articles\/CBMigwFBVV95cUxNclZmQm1WYzRZNlZEQndITTctZkgwLVdpUmdTSlN6VW9ldTlrdnQtcjZyeTJoYUJBQUs5SzM1R1lTd2xQeFVITmlqV3hITmdBQ3NOcXpRc3NRNnQzY1dKS0Q0c055NTFKUUViZVVOTTBXRkN2bVUzVHIyR2JrUjZkWVhjaw?oc=5\" target=\"_blank\" rel=\"nofollow noopener\">Akutt vannstenging p\u00e5 adresser i Gimleveien<\/a>&nbsp;&nbsp;Bergens Tidende<\/li>\n<\/ol>\n","protected":false},"excerpt":{"rendered":"Mann i M\u00f8re og Romsdal p\u00e5grepet i stor narkotikasak&nbsp;&nbsp;rbnett.no Nyheter, Krim | Tre menn p\u00e5grepet i stor narkotikasak&nbsp;&nbsp;Bergensavisen&hellip;\n","protected":false},"author":2,"featured_media":103970,"comment_status":"","ping_status":"","sticky":false,"template":"","format":"standard","meta":{"footnotes":""},"categories":[10],"tags":[20,21,24,25,15,22,23,13,30,28,29,14,16,26,27],"class_list":{"0":"post-103969","1":"post","2":"type-post","3":"status-publish","4":"format-standard","5":"has-post-thumbnail","7":"category-norge","8":"tag-breaking-news","9":"tag-breakingnews","10":"tag-featured-news","11":"tag-featurednews","12":"tag-headlines","13":"tag-latest-news","14":"tag-latestnews","15":"tag-news","16":"tag-no","17":"tag-norge","18":"tag-norway","19":"tag-nyheter","20":"tag-overskrifter","21":"tag-top-stories","22":"tag-topstories"},"share_on_mastodon":{"url":"https:\/\/pubeurope.com\/@no\/115661030310610833","error":""},"_links":{"self":[{"href":"https:\/\/www.europesays.com\/no\/wp-json\/wp\/v2\/posts\/103969","targetHints":{"allow":["GET"]}}],"collection":[{"href":"https:\/\/www.europesays.com\/no\/wp-json\/wp\/v2\/posts"}],"about":[{"href":"https:\/\/www.europesays.com\/no\/wp-json\/wp\/v2\/types\/post"}],"author":[{"embeddable":true,"href":"https:\/\/www.europesays.com\/no\/wp-json\/wp\/v2\/users\/2"}],"replies":[{"embeddable":true,"href":"https:\/\/www.europesays.com\/no\/wp-json\/wp\/v2\/comments?post=103969"}],"version-history":[{"count":0,"href":"https:\/\/www.europesays.com\/no\/wp-json\/wp\/v2\/posts\/103969\/revisions"}],"wp:featuredmedia":[{"embeddable":true,"href":"https:\/\/www.europesays.com\/no\/wp-json\/wp\/v2\/media\/103970"}],"wp:attachment":[{"href":"https:\/\/www.europesays.com\/no\/wp-json\/wp\/v2\/media?parent=103969"}],"wp:term":[{"taxonomy":"category","embeddable":true,"href":"https:\/\/www.europesays.com\/no\/wp-json\/wp\/v2\/categories?post=103969"},{"taxonomy":"post_tag","embeddable":true,"href":"https:\/\/www.europesays.com\/no\/wp-json\/wp\/v2\/tags?post=103969"}],"curies":[{"name":"wp","href":"https:\/\/api.w.org\/{rel}","templated":true}]}}