{"id":103971,"date":"2025-12-04T11:20:09","date_gmt":"2025-12-04T11:20:09","guid":{"rendered":"https:\/\/www.europesays.com\/no\/103971\/"},"modified":"2025-12-04T11:20:09","modified_gmt":"2025-12-04T11:20:09","slug":"utvider-siktelse-mot-drapssiktet-16-aring-fra-stavanger-nrk-rogaland-lokale-nyheter-tv-og-radio","status":"publish","type":"post","link":"https:\/\/www.europesays.com\/no\/103971\/","title":{"rendered":"Utvider siktelse mot drapssiktet 16-\u00e5ring fra Stavanger \u2013 NRK Rogaland \u2013 Lokale nyheter, TV og radio"},"content":{"rendered":"<p>En 16-\u00e5ring fra Stavanger har siden i v\u00e5r blitt etterforsket av norsk politi. Han er allerede siktet for drapsforbund i Stavanger og drapssiktet i tre land.<\/p>\n<p>N\u00e5 utvides siktelsen, skriver Aftenbladet og Aftenposten. De f\u00e5r dette bekreftet av Kripos, som senere sendte ut en pressemelding.<\/p>\n<p>Lovbruddene i den utvidede siktelsen skal ha skjedd fra januar til mars i \u00e5r. Det gjelder et fors\u00f8k p\u00e5 drapsforbund, to forbund om brannstiiftelse og to fors\u00f8k p\u00e5 forbund om dette.<\/p>\n<p>Til NRK sier forsvarer J\u00f8rund L\u00e6gland at 16-\u00e5ringen ikke er avh\u00f8rt om forholdene som handler om forbund om brannstiftelse og fors\u00f8k p\u00e5 forbund om \u00e5 stifte brann.<\/p>\n<p>\u2013 Vi fikk siktelsen for to dager siden, sier L\u00e6gland, som enn\u00e5 ikke har snakket med klienten sin om de nye punktene i siktelsen.<\/p>\n<p><img decoding=\"async\"   src=\"data:image\/gif;base64,R0lGODlhAQABAIAAAAAAAP\/\/\/yH5BAEAAAAALAAAAAABAAEAAAIBRAA7\" loading=\"eager\" alt=\"J\u00f8rund L\u00e6gland, forsvarer\" title=\"Foto: Julie Wentzel Fr\u00f8land \/ NRK\"\/><\/p>\n<p class=\"\">J\u00f8rund L\u00e6gland forsvarer den siktede 16-\u00e5ringen. <\/p>\n<p>Foto: Julie Wentzel Fr\u00f8land \/ NRK<\/p>\n<p>Politiet: Mener 16-\u00e5ringen bedrevet rekruttering<\/p>\n<p>I en pressemelding uttaler politiadvokat John Ivar Johansen ved Kripo seg om saken.<\/p>\n<p>De nye siktelsene gjelder forhold der 16-\u00e5ringen har kommunisert digitalt med personer i utlandet om forbrytelser som skulle beg\u00e5s forskjellige steder i Sverige.<\/p>\n<p>\u2013 Dette er forhold som skjedde i tiden forut for p\u00e5gripelsen av 16-\u00e5ringen. Politiet mener at 16-\u00e5ringen har bidratt ved \u00e5 rekruttere eller fors\u00f8ke \u00e5 rekruttere personer til \u00e5 utf\u00f8re disse alvorlige handlingene, p\u00e5 vegne av andre personer, sier Johansen.<\/p>\n<p><img decoding=\"async\"   src=\"data:image\/gif;base64,R0lGODlhAQABAIAAAAAAAP\/\/\/yH5BAEAAAAALAAAAAABAAEAAAIBRAA7\" loading=\"eager\" alt=\"en mann som ser inn i kameraet\" title=\"Foto: Mia Sofie Ytreberg \/ NRK\"\/><\/p>\n<p class=\"\">John Ivar Johansen er politiadvokat hos Kripos. <\/p>\n<p>Foto: Mia Sofie Ytreberg \/ NRK<\/p>\n<p>Og fortsetter:<\/p>\n<p>\u2013 Per n\u00e5 kan vi ikke tid- eller stedfeste dette n\u00e6rmere av hensyn til den videre etterforskningen, b\u00e5de i Norge og i Sverige, sier Johansen.<\/p>\n<p>Aftenposten fikk imidlertid opplyst at de nye hendelsene skal ha skjedd i Norrk\u00f6ping.<\/p>\n<p>\u2013 Det er det som st\u00e5r i siktelsen, sier forsvareren.<\/p>\n<p>Internasjonal politietterforskning: \u2013 Tidkrevende<\/p>\n<p>Politiet mener at flere av siktelsene skjer som ledd i aktivitetene til en organisert kriminell gruppe.<\/p>\n<p>Siktelsene gjelder forhold i Norge, Sverige og Storbritannia. Totalt er ni personer siktet i saken av norsk politi.<\/p>\n<p>\u2013 Dette er en tidkrevende etterforskning av flere alvorlige forhold p\u00e5 tvers av flere landegrenser. Vi har et godt samarbeid med b\u00e5de svenske og britiske myndigheter i denne saken.<\/p>\n<p>\u2013 Etterforskningen vil trolig v\u00e6re ferdig tidlig i vinter, og hovedforhandlingene er forh\u00e5ndsberammet til mars neste \u00e5r i S\u00f8r-Rogaland tingrett, sier Johansen.<\/p>\n<p>Publisert<\/p>\n<p>04.12.2025, kl. 12.10<\/p>\n<p>Oppdatert<\/p>\n<p>04.12.2025, kl. 12.16<\/p>\n","protected":false},"excerpt":{"rendered":"En 16-\u00e5ring fra Stavanger har siden i v\u00e5r blitt etterforsket av norsk politi. Han er allerede siktet for&hellip;\n","protected":false},"author":2,"featured_media":103972,"comment_status":"","ping_status":"","sticky":false,"template":"","format":"standard","meta":{"footnotes":""},"categories":[5],"tags":[20,21,24,25,15,19,22,23,17,18,13,30,28,29,14,16,26,27],"class_list":{"0":"post-103971","1":"post","2":"type-post","3":"status-publish","4":"format-standard","5":"has-post-thumbnail","7":"category-overskrifter","8":"tag-breaking-news","9":"tag-breakingnews","10":"tag-featured-news","11":"tag-featurednews","12":"tag-headlines","13":"tag-hovedoppslag","14":"tag-latest-news","15":"tag-latestnews","16":"tag-main-news","17":"tag-mainnews","18":"tag-news","19":"tag-no","20":"tag-norge","21":"tag-norway","22":"tag-nyheter","23":"tag-overskrifter","24":"tag-top-stories","25":"tag-topstories"},"share_on_mastodon":{"url":"https:\/\/pubeurope.com\/@no\/115661034247311297","error":""},"_links":{"self":[{"href":"https:\/\/www.europesays.com\/no\/wp-json\/wp\/v2\/posts\/103971","targetHints":{"allow":["GET"]}}],"collection":[{"href":"https:\/\/www.europesays.com\/no\/wp-json\/wp\/v2\/posts"}],"about":[{"href":"https:\/\/www.europesays.com\/no\/wp-json\/wp\/v2\/types\/post"}],"author":[{"embeddable":true,"href":"https:\/\/www.europesays.com\/no\/wp-json\/wp\/v2\/users\/2"}],"replies":[{"embeddable":true,"href":"https:\/\/www.europesays.com\/no\/wp-json\/wp\/v2\/comments?post=103971"}],"version-history":[{"count":0,"href":"https:\/\/www.europesays.com\/no\/wp-json\/wp\/v2\/posts\/103971\/revisions"}],"wp:featuredmedia":[{"embeddable":true,"href":"https:\/\/www.europesays.com\/no\/wp-json\/wp\/v2\/media\/103972"}],"wp:attachment":[{"href":"https:\/\/www.europesays.com\/no\/wp-json\/wp\/v2\/media?parent=103971"}],"wp:term":[{"taxonomy":"category","embeddable":true,"href":"https:\/\/www.europesays.com\/no\/wp-json\/wp\/v2\/categories?post=103971"},{"taxonomy":"post_tag","embeddable":true,"href":"https:\/\/www.europesays.com\/no\/wp-json\/wp\/v2\/tags?post=103971"}],"curies":[{"name":"wp","href":"https:\/\/api.w.org\/{rel}","templated":true}]}}