{"id":103973,"date":"2025-12-04T11:21:34","date_gmt":"2025-12-04T11:21:34","guid":{"rendered":"https:\/\/www.europesays.com\/no\/103973\/"},"modified":"2025-12-04T11:21:34","modified_gmt":"2025-12-04T11:21:34","slug":"signert-de-mener-alvor","status":"publish","type":"post","link":"https:\/\/www.europesays.com\/no\/103973\/","title":{"rendered":"Signert: &#8211; De mener alvor"},"content":{"rendered":"<p>To av REMA 1000-ligaens store profiler, Maja Furu S\u00e6teren (22) og Julie Hulleberg (24), var p\u00e5 utg\u00e5ende kontrakter i Larvik.\u00a0<\/p>\n<p class=\"bold m-bold\" data-lab-font_weight=\"bold\">N\u00e5 har begge valgt \u00e5 forlenge med serielederen i ytterligere to \u00e5r.\u00a0<\/p>\n<p>\u2013 Jeg trives veldig med spillergruppen, milj\u00f8et og st\u00f8tteapparat rundt laget. Jeg synes vi har noe veldig bra og spennende p\u00e5 gang, og jeg \u00f8nsker \u00e5 v\u00e6re med p\u00e5 veien, sier Furu S\u00e6teren til TV 2.\u00a0<\/p>\n<p>Hulleberg s\u00e5 p\u00e5 det som et enkelt valg \u00e5 bli v\u00e6rende i Larvik.\u00a0<\/p>\n<p class=\"bold m-bold\" data-lab-font_weight=\"bold\">\u2013 Det er g\u00f8y \u00e5 v\u00e6re med p\u00e5 det vi bygger n\u00e5. Det var det jeg \u00f8nsket da jeg signerte for to \u00e5r siden ogs\u00e5 \u2013 \u00e5 st\u00e5 i den posisjonen vi gj\u00f8r n\u00e5 med at vi har alle muligheter til \u00e5 spille om gull og en plass i Champions League, forteller Hulleberg.\u00a0<\/p>\n<p>        <img class=\"image__img lazyload\" itemprop=\"image\" title=\"Foto: Torjus Sagenes \/ TV 2\" alt=\"LANDSLAGET: Julie Hulleberg fikk sin debut for de norske h\u00e5ndballjentene i 2023. Foto: Torjus Sagenes \/ TV 2\" width=\"675\" height=\"507\" bad-src=\"https:\/\/www.europesays.com\/no\/wp-content\/uploads\/2025\/12\/18349324.webp\" fetchpriority=\"auto\" \/><\/p>\n<p>      LANDSLAGET: Julie Hulleberg fikk sin debut for de norske h\u00e5ndballjentene i 2023.<br \/>\n         Foto: Torjus Sagenes \/ TV 2<\/p>\n<p>Fra slutten av 1990-tallet til 2017 var Larvik den ledende klubben p\u00e5 kvinnesiden i Norge, f\u00f8r Vipers tok over tronen. Forrige sesong var det Storhamar som vant trippelen i Norge.\u00a0<\/p>\n<p>Larvik tok seriebronse forrige sesong.\u00a0<\/p>\n<p>I innev\u00e6rende sesong st\u00e5r de med \u00e5tte seire og en uavgjort i seriespillet, og er klare for sin f\u00f8rste cupfinale p\u00e5 ni \u00e5r.<\/p>\n<p>Der m\u00f8ter de Storhamar. Cupfinalen kan du se p\u00e5 TV 2 Direkte og Play klokken 16.30 28. desember.<\/p>\n<p>\u2013 Vi er sv\u00e6rt glade for \u00e5 forlenge med Julie og Maja som to n\u00f8kkelspillere, som begge har store ambisjoner p\u00e5 egne og lagets vegne. Dette er to s\u00e6rdeles viktige signeringer for oss i Larvik, og vi er glade for \u00e5 f\u00e5 begge p\u00e5 plass s\u00e5pass tidlig i desember, sier daglig leder, Brede Csizar.<\/p>\n<p class=\"no_italic m-no_italic\" data-lab-italic=\"\" data-lab-font_weight=\"\">Nylig kvalifiserte de seg ogs\u00e5 til European League.\u00a0<\/p>\n<p class=\"bold m-bold\" data-lab-font_weight=\"bold\">\u2013 Larvik har virkelig klart \u00e5 rebrande et lag som har v\u00e6rt helt i kjelleren. Disse to signeringene viser at de mener alvor, og det er sterkt av klubben \u00e5 forlenge med to profiler som garantert har v\u00e6rt ettertraktet, sier TV 2s h\u00e5ndballekspert Bent Svele.<\/p>\n","protected":false},"excerpt":{"rendered":"To av REMA 1000-ligaens store profiler, Maja Furu S\u00e6teren (22) og Julie Hulleberg (24), var p\u00e5 utg\u00e5ende kontrakter&hellip;\n","protected":false},"author":2,"featured_media":103974,"comment_status":"","ping_status":"","sticky":false,"template":"","format":"standard","meta":{"footnotes":""},"categories":[59],"tags":[30,28,29,83,82],"class_list":{"0":"post-103973","1":"post","2":"type-post","3":"status-publish","4":"format-standard","5":"has-post-thumbnail","7":"category-sport","8":"tag-no","9":"tag-norge","10":"tag-norway","11":"tag-sport","12":"tag-sports"},"share_on_mastodon":{"url":"https:\/\/pubeurope.com\/@no\/115661038088259772","error":""},"_links":{"self":[{"href":"https:\/\/www.europesays.com\/no\/wp-json\/wp\/v2\/posts\/103973","targetHints":{"allow":["GET"]}}],"collection":[{"href":"https:\/\/www.europesays.com\/no\/wp-json\/wp\/v2\/posts"}],"about":[{"href":"https:\/\/www.europesays.com\/no\/wp-json\/wp\/v2\/types\/post"}],"author":[{"embeddable":true,"href":"https:\/\/www.europesays.com\/no\/wp-json\/wp\/v2\/users\/2"}],"replies":[{"embeddable":true,"href":"https:\/\/www.europesays.com\/no\/wp-json\/wp\/v2\/comments?post=103973"}],"version-history":[{"count":0,"href":"https:\/\/www.europesays.com\/no\/wp-json\/wp\/v2\/posts\/103973\/revisions"}],"wp:featuredmedia":[{"embeddable":true,"href":"https:\/\/www.europesays.com\/no\/wp-json\/wp\/v2\/media\/103974"}],"wp:attachment":[{"href":"https:\/\/www.europesays.com\/no\/wp-json\/wp\/v2\/media?parent=103973"}],"wp:term":[{"taxonomy":"category","embeddable":true,"href":"https:\/\/www.europesays.com\/no\/wp-json\/wp\/v2\/categories?post=103973"},{"taxonomy":"post_tag","embeddable":true,"href":"https:\/\/www.europesays.com\/no\/wp-json\/wp\/v2\/tags?post=103973"}],"curies":[{"name":"wp","href":"https:\/\/api.w.org\/{rel}","templated":true}]}}