{"id":103979,"date":"2025-12-04T11:26:11","date_gmt":"2025-12-04T11:26:11","guid":{"rendered":"https:\/\/www.europesays.com\/no\/103979\/"},"modified":"2025-12-04T11:26:11","modified_gmt":"2025-12-04T11:26:11","slug":"terje-formoe-st-olavs-orden","status":"publish","type":"post","link":"https:\/\/www.europesays.com\/no\/103979\/","title":{"rendered":"Terje Formoe, St. Olavs Orden"},"content":{"rendered":"\n<p>Kong Harald (88) utnevner Terje Formoe (75) til Ridder 1. klasse av Den Kongelige Norske St. Olavs Orden.<\/p>\n<p>Terje Formoe mottar utmerkelsen for sin innsats innen kultur og innovasjon, heter det i begrunnelsen p\u00e5 <a href=\"https:\/\/www.kongehuset.no\/nyhet.html?tid=233980&amp;sek=26939\" rel=\"Follow nofollow noopener\" target=\"_blank\">Slottets<\/a> nettsider.<\/p>\n<p>   <img decoding=\"async\" width=\"2568\" height=\"2148\" fetchpriority=\"low\"  loading=\"lazy\"  src=\"https:\/\/www.europesays.com\/no\/wp-content\/uploads\/2025\/12\/NTB_aOPxY4rLBdw.jpg\" alt=\"Kaptein Sabeltan , Terje Formoe&#10;Scan-Foto: Trond Solberg\" class=\"brick-c-cFOWSL\" style=\"--brick-image-ratio: 2568 \/ 2148;\"\/><\/p>\n<p>      KJENT FIGUR: Terje Formoe spilte i mange \u00e5r rollen som Kaptein Sabeltann.<br \/>\n      Foto: Trond Solberg\n    <\/p>\n<p>Formoe er artist, l\u00e5tskriver og forfatter. Han er mest kjent for \u00e5 v\u00e6re skaperen av Kaptein Sabeltann-universet, hvor han i en \u00e5rrekke spilte hovedrollen.<\/p>\n<p>Kaptein Sabeltann ble f\u00f8rste gang presentert i Kristiansand Dyrepark i 1990. Overrekkelsen vil finne sted ved et arrangement nettopp i Dyreparken 11. desember klokken 16.00.<\/p>\n","protected":false},"excerpt":{"rendered":"Kong Harald (88) utnevner Terje Formoe (75) til Ridder 1. klasse av Den Kongelige Norske St. Olavs Orden.&hellip;\n","protected":false},"author":2,"featured_media":103980,"comment_status":"","ping_status":"","sticky":false,"template":"","format":"standard","meta":{"footnotes":""},"categories":[10],"tags":[20,21,24,25,15,22,23,13,30,28,29,14,16,26,27],"class_list":{"0":"post-103979","1":"post","2":"type-post","3":"status-publish","4":"format-standard","5":"has-post-thumbnail","7":"category-norge","8":"tag-breaking-news","9":"tag-breakingnews","10":"tag-featured-news","11":"tag-featurednews","12":"tag-headlines","13":"tag-latest-news","14":"tag-latestnews","15":"tag-news","16":"tag-no","17":"tag-norge","18":"tag-norway","19":"tag-nyheter","20":"tag-overskrifter","21":"tag-top-stories","22":"tag-topstories"},"share_on_mastodon":{"url":"https:\/\/pubeurope.com\/@no\/115661057901405172","error":""},"_links":{"self":[{"href":"https:\/\/www.europesays.com\/no\/wp-json\/wp\/v2\/posts\/103979","targetHints":{"allow":["GET"]}}],"collection":[{"href":"https:\/\/www.europesays.com\/no\/wp-json\/wp\/v2\/posts"}],"about":[{"href":"https:\/\/www.europesays.com\/no\/wp-json\/wp\/v2\/types\/post"}],"author":[{"embeddable":true,"href":"https:\/\/www.europesays.com\/no\/wp-json\/wp\/v2\/users\/2"}],"replies":[{"embeddable":true,"href":"https:\/\/www.europesays.com\/no\/wp-json\/wp\/v2\/comments?post=103979"}],"version-history":[{"count":0,"href":"https:\/\/www.europesays.com\/no\/wp-json\/wp\/v2\/posts\/103979\/revisions"}],"wp:featuredmedia":[{"embeddable":true,"href":"https:\/\/www.europesays.com\/no\/wp-json\/wp\/v2\/media\/103980"}],"wp:attachment":[{"href":"https:\/\/www.europesays.com\/no\/wp-json\/wp\/v2\/media?parent=103979"}],"wp:term":[{"taxonomy":"category","embeddable":true,"href":"https:\/\/www.europesays.com\/no\/wp-json\/wp\/v2\/categories?post=103979"},{"taxonomy":"post_tag","embeddable":true,"href":"https:\/\/www.europesays.com\/no\/wp-json\/wp\/v2\/tags?post=103979"}],"curies":[{"name":"wp","href":"https:\/\/api.w.org\/{rel}","templated":true}]}}