{"id":103984,"date":"2025-12-04T11:33:15","date_gmt":"2025-12-04T11:33:15","guid":{"rendered":"https:\/\/www.europesays.com\/no\/103984\/"},"modified":"2025-12-04T11:33:15","modified_gmt":"2025-12-04T11:33:15","slug":"pete-hegseth-usa-pentagon-observator-kritiserer-hegseths-bruk-av-signal","status":"publish","type":"post","link":"https:\/\/www.europesays.com\/no\/103984\/","title":{"rendered":"Pete Hegseth, USA | Pentagon-observat\u00f8r kritiserer Hegseths bruk av Signal"},"content":{"rendered":"\n<p>I granskingsrapporten, som ble gjort av Pentagons generalinspekt\u00f8r, bemerkes det imidlertid at Hegseth selv kan avklassifisere materiale og at han ikke gjorde dette p\u00e5 uriktig m\u00e5te, skriver det amerikanske nyhetsbyr\u00e5et.<\/p>\n<p>Rapporten ble overlevert til amerikanske kongressrepresentanter onsdag, og en delvis sladdet versjon ventes \u00e5 offentliggj\u00f8res i l\u00f8pet av uken. Flere amerikanske folkevalgte hadde bedt om en uavhengig gransking etter at det ble kjent at Hegseth brukte meldingstjenesten til \u00e5 diskutere sensitiv milit\u00e6r informasjon.<\/p>\n<p><b>Les ogs\u00e5: <a href=\"https:\/\/www.nettavisen.no\/5-95-2760250\" rel=\"nofollow noopener\" target=\"_blank\">Nettavisen avsl\u00f8rer: T\u00e5rer og raseri p\u00e5 lukket MDG-m\u00f8te<\/a><\/b><\/p>\n<p>I minst to separate Signal-chatter ga Hegseth eksakte tidspunkter for n\u00e5r jagerfly skulle ta av og n\u00e5r bomber ville falle \u2013 f\u00f8r mannskapene som gjennomf\u00f8rte disse angrepene var i luften. Det satte b\u00e5de mannskapene og oppdraget i fare, if\u00f8lge granskingsrapporten.<\/p>\n<p>Hegseths bruk av Signal kom til lys da Jeffrey Goldberg, som er redakt\u00f8r i The Atlantic, ble lagt til en Signal-gruppesamtale av dav\u00e6rende nasjonal sikkerhetsr\u00e5dgiver Mike Waltz. Gruppen inkluderte visepresident J.D. Vance, utenriksminister Marco Rubio, etterretningssjef Tulsi Gabbard og flere andre h\u00f8ytst\u00e5ende tjenestepersoner.<\/p>\n<p>Gruppesamtalene var opprettet for \u00e5 diskutere et amerikansk angrep mot houthi-militsen i Jemen.<\/p>\n<p>    Vil du se neste video?<\/p>\n<p>    <a href=\"https:\/\/www.nettavisen.no\/fredrik-solvang\/jonas-gahr-store\/debatten\/fredrik-solvang-himler-av-jonas-gahr-store-men-i-alle\/v\/5-95-2751917\" class=\"recommend-poster\" data-adp-clicklabel=\"video-recommend\" data-adp-clickvalue=\"poster\" rel=\"nofollow noopener\" target=\"_blank\"><br \/>\n      <img decoding=\"async\" width=\"200\" height=\"200\" loading=\"lazy\" src=\"https:\/\/www.europesays.com\/no\/wp-content\/uploads\/2025\/11\/Solvang+bredde.jpg\" alt=\"\" class=\"brick-c-cFOWSL\" style=\"--brick-image-ratio: 200 \/ 200;\"\/><\/p>\n<p>Himler av St\u00f8re: \u2013 Men i alle\u20261:06<\/p>\n<p>    <\/a><\/p>\n","protected":false},"excerpt":{"rendered":"I granskingsrapporten, som ble gjort av Pentagons generalinspekt\u00f8r, bemerkes det imidlertid at Hegseth selv kan avklassifisere materiale og&hellip;\n","protected":false},"author":2,"featured_media":103985,"comment_status":"","ping_status":"","sticky":false,"template":"","format":"standard","meta":{"footnotes":""},"categories":[12],"tags":[20,21,24,25,15,22,23,13,30,28,29,14,16,26,27,42,43,44,45],"class_list":{"0":"post-103984","1":"post","2":"type-post","3":"status-publish","4":"format-standard","5":"has-post-thumbnail","7":"category-verden","8":"tag-breaking-news","9":"tag-breakingnews","10":"tag-featured-news","11":"tag-featurednews","12":"tag-headlines","13":"tag-latest-news","14":"tag-latestnews","15":"tag-news","16":"tag-no","17":"tag-norge","18":"tag-norway","19":"tag-nyheter","20":"tag-overskrifter","21":"tag-top-stories","22":"tag-topstories","23":"tag-verden","24":"tag-world","25":"tag-world-news","26":"tag-worldnews"},"share_on_mastodon":{"url":"https:\/\/pubeurope.com\/@no\/115661085654711434","error":""},"_links":{"self":[{"href":"https:\/\/www.europesays.com\/no\/wp-json\/wp\/v2\/posts\/103984","targetHints":{"allow":["GET"]}}],"collection":[{"href":"https:\/\/www.europesays.com\/no\/wp-json\/wp\/v2\/posts"}],"about":[{"href":"https:\/\/www.europesays.com\/no\/wp-json\/wp\/v2\/types\/post"}],"author":[{"embeddable":true,"href":"https:\/\/www.europesays.com\/no\/wp-json\/wp\/v2\/users\/2"}],"replies":[{"embeddable":true,"href":"https:\/\/www.europesays.com\/no\/wp-json\/wp\/v2\/comments?post=103984"}],"version-history":[{"count":0,"href":"https:\/\/www.europesays.com\/no\/wp-json\/wp\/v2\/posts\/103984\/revisions"}],"wp:featuredmedia":[{"embeddable":true,"href":"https:\/\/www.europesays.com\/no\/wp-json\/wp\/v2\/media\/103985"}],"wp:attachment":[{"href":"https:\/\/www.europesays.com\/no\/wp-json\/wp\/v2\/media?parent=103984"}],"wp:term":[{"taxonomy":"category","embeddable":true,"href":"https:\/\/www.europesays.com\/no\/wp-json\/wp\/v2\/categories?post=103984"},{"taxonomy":"post_tag","embeddable":true,"href":"https:\/\/www.europesays.com\/no\/wp-json\/wp\/v2\/tags?post=103984"}],"curies":[{"name":"wp","href":"https:\/\/api.w.org\/{rel}","templated":true}]}}