{"id":103986,"date":"2025-12-04T11:34:08","date_gmt":"2025-12-04T11:34:08","guid":{"rendered":"https:\/\/www.europesays.com\/no\/103986\/"},"modified":"2025-12-04T11:34:08","modified_gmt":"2025-12-04T11:34:08","slug":"arbeiderpartiet-tor-andre-johnsen-overkjorer-ap-de-har-dummet-seg-ut","status":"publish","type":"post","link":"https:\/\/www.europesays.com\/no\/103986\/","title":{"rendered":"Arbeiderpartiet, Tor Andre Johnsen | Overkj\u00f8rer Ap: \u2013 De har dummet seg ut"},"content":{"rendered":"\n<p>STORTINGET (Nettavisen): \u2013 Denne har mange lag, og den er til \u00e5 grine av, sier Geir Pollestad til Nettavisen.<\/p>\n<p>I neven har Sp-toppen l\u00f8ken sin. En diger l\u00f8k. R\u00f8d i fargen, og dyrket p\u00e5 Innlandet. Men EU liker ikke l\u00f8ken til Pollestad. EU vil forby den, og Arbeiderpartiet er hjertens enig. <\/p>\n<p>For EU strammer n\u00e5 inn grenseverdiene for tungmetaller i matvarer som l\u00f8k. <a href=\"https:\/\/www.nettavisen.no\/nyheter\/redd-for-loken-ma-skaffe-seg-noen-baller\/s\/5-95-2748182\" rel=\"Follow nofollow noopener\" target=\"_blank\">Dette rammer s\u00e6rlig l\u00f8kb\u00f8nder i Innlandet, hvor jordsmonnet kan overstige EUs innstrammede verdier<\/a>.<\/p>\n<p><b>Gr\u00e5t i MDG, dr\u00f8ye Ap-teknikker og dette var Listhaug-regjeringen Norge ikke fikk: Du<\/b><b> kan abonnere p\u00e5 podkasten p\u00e5 b\u00e5de <\/b><b><a href=\"https:\/\/open.spotify.com\/show\/07dARiGPuzxxUniKtD7SJW?si=-KOtwAnQT_ubEyw3e1hWqw\" rel=\"nofollow noopener\" target=\"_blank\">Spotify<\/a> og <a href=\"https:\/\/podcasts.apple.com\/no\/podcast\/gilbrant-suvatne\/id1835874398?l=nb\" rel=\"nofollow noopener\" target=\"_blank\">Apple<\/a>.<\/b><\/p>\n<p>Tok med egen l\u00f8k<\/p>\n<p>Ap-regjeringen hadde tenkt \u00e5 innf\u00f8re EU-direktivet, men s\u00e5 v\u00e5knet l\u00f8kens redningsmann: Tor Andr\u00e9 Johnsen (Frp). Det er han som har tatt med l\u00f8k for anledningen.<\/p>\n<p>\u2013 Dette g\u00e5r ikke an! Ap-regjeringen har sovet i timen og dummet seg ut. Heldigvis merket vi dette p\u00e5 Stortinget. Vi fikk samlet troppene, sier Johnsen og ser bort p\u00e5 en gjeng han sjelden er s\u00e6rlig enig med. <\/p>\n<p>Her st\u00e5r det sosialister, klimasosialister, marxister og klimafolket: nevnte Pollestad (Sp), Geir J\u00f8rgensen (R), Ingrid Fiskaa (SV), Erlend Larsen (H), Une Bastholm (MDG) og Harry Valderhaug (KrF) er alle en del av Johnsens l\u00f8kmafia. <\/p>\n<p>Johnsen m\u00e5 bare smile. <\/p>\n<p>\u2013 N\u00e5 er det viktigste \u00e5 redde norsk l\u00f8kproduksjon, sier han.<\/p>\n<p>45 prosent av l\u00f8ken i Norge dyrkes i Innlandet, hvor det er mye alunskiferjord. I dag er det tillatt med 0,05 milligram kadmium per kilo l\u00f8k, men i det nye regelverket er det bare lov med 0,03 milligram kadmium per kilo. For mye kadmium kan gi nyreskader, beinskj\u00f8rhet og \u00f8kt risiko for kreft.<\/p>\n<p><b>Lest denne? <a rel=\"Follow nofollow noopener\" href=\"https:\/\/www.nettavisen.no\/nyheter\/nrk-podkast-avpublisert-harselerte-med-mdg-profil-eivind-tradal\/s\/5-95-2757209\" target=\"_blank\">NRK-podkast avpublisert: Harselerte med MDG-profil<\/a><\/b><\/p>\n<p>L\u00f8kgeriljaen<\/p>\n<p>Et bredt flertall p\u00e5 Stortinget, best\u00e5ende av samtlige partier utenom Arbeiderpartiet, stemmer n\u00e5 for \u00e5 utsette innf\u00f8ringen av de nye grenseverdiene <\/p>\n<p>\u2013 Her har regjeringen \u00e5penbart ikke gjort jobben sin, og n\u00e5 m\u00e5 Stortinget rydde opp, sier Erlend Larsen (H). <\/p>\n<p>Tor Andr\u00e9 Johnsen sier utsettelsen gir n\u00e6ringen tid til \u00e5 forberede seg p\u00e5 det verste, mens politikerne jobber for andre l\u00f8sninger.<\/p>\n<p><b>Les ogs\u00e5 denne: <a href=\"https:\/\/www.nettavisen.no\/nyheter\/nettavisen-avslorer-rodt-tok-rotta-pa-sv-fjernet-islamsk-rad-pa-overtid\/s\/5-95-2757300\" rel=\"Follow nofollow noopener\" target=\"_blank\">Nettavisen avsl\u00f8rer: Slik tok de rotta p\u00e5 SV p\u00e5 tampen<\/a><\/b><\/p>\n<p>\u2013 Minste motstands vei akkurat n\u00e5 var en utsettelse. Vi kunne jo ikke la regjeringen innf\u00f8re dette og frata folk levebr\u00f8det over natten. S\u00e5 m\u00e5 vi se p\u00e5 hva annet som kan gj\u00f8res opp mot Brussel, sier han.<\/p>\n<p>Utsettelsen gjelder ett \u00e5r, og gir alts\u00e5 Stortinget og regjeringen mer tid til \u00e5 se videre p\u00e5 l\u00f8ken sin. <\/p>\n<p>Une Aina Bastholm (MDG) er ogs\u00e5 en del av l\u00f8kgeriljaen til Tor Andre Johnsen.<\/p>\n<p>Jeg mener vi b\u00f8r begrense antall debatter med EU og ikke forsinke prosesser un\u00f8dig. Men i dette tilfellet m\u00e5 gr\u00f8ntn\u00e6ringen f\u00e5 tid til \u00e5 tilpasse seg, sier hun. <\/p>\n<p>Ingrid Fiskaa nikker.<\/p>\n<p>\u2013 Arbeiderpartiet er hjertelig velkommen til \u00e5 v\u00e6re med oss, s\u00e5 det blir rent flertall. De er blitt invitert inn i gjengen.<\/p>\n","protected":false},"excerpt":{"rendered":"STORTINGET (Nettavisen): \u2013 Denne har mange lag, og den er til \u00e5 grine av, sier Geir Pollestad til&hellip;\n","protected":false},"author":2,"featured_media":103987,"comment_status":"","ping_status":"","sticky":false,"template":"","format":"standard","meta":{"footnotes":""},"categories":[10],"tags":[20,21,24,25,15,22,23,13,30,28,29,14,16,26,27],"class_list":{"0":"post-103986","1":"post","2":"type-post","3":"status-publish","4":"format-standard","5":"has-post-thumbnail","7":"category-norge","8":"tag-breaking-news","9":"tag-breakingnews","10":"tag-featured-news","11":"tag-featurednews","12":"tag-headlines","13":"tag-latest-news","14":"tag-latestnews","15":"tag-news","16":"tag-no","17":"tag-norge","18":"tag-norway","19":"tag-nyheter","20":"tag-overskrifter","21":"tag-top-stories","22":"tag-topstories"},"share_on_mastodon":{"url":"https:\/\/pubeurope.com\/@no\/115661089233477624","error":""},"_links":{"self":[{"href":"https:\/\/www.europesays.com\/no\/wp-json\/wp\/v2\/posts\/103986","targetHints":{"allow":["GET"]}}],"collection":[{"href":"https:\/\/www.europesays.com\/no\/wp-json\/wp\/v2\/posts"}],"about":[{"href":"https:\/\/www.europesays.com\/no\/wp-json\/wp\/v2\/types\/post"}],"author":[{"embeddable":true,"href":"https:\/\/www.europesays.com\/no\/wp-json\/wp\/v2\/users\/2"}],"replies":[{"embeddable":true,"href":"https:\/\/www.europesays.com\/no\/wp-json\/wp\/v2\/comments?post=103986"}],"version-history":[{"count":0,"href":"https:\/\/www.europesays.com\/no\/wp-json\/wp\/v2\/posts\/103986\/revisions"}],"wp:featuredmedia":[{"embeddable":true,"href":"https:\/\/www.europesays.com\/no\/wp-json\/wp\/v2\/media\/103987"}],"wp:attachment":[{"href":"https:\/\/www.europesays.com\/no\/wp-json\/wp\/v2\/media?parent=103986"}],"wp:term":[{"taxonomy":"category","embeddable":true,"href":"https:\/\/www.europesays.com\/no\/wp-json\/wp\/v2\/categories?post=103986"},{"taxonomy":"post_tag","embeddable":true,"href":"https:\/\/www.europesays.com\/no\/wp-json\/wp\/v2\/tags?post=103986"}],"curies":[{"name":"wp","href":"https:\/\/api.w.org\/{rel}","templated":true}]}}