{"id":103988,"date":"2025-12-04T11:38:10","date_gmt":"2025-12-04T11:38:10","guid":{"rendered":"https:\/\/www.europesays.com\/no\/103988\/"},"modified":"2025-12-04T11:38:10","modified_gmt":"2025-12-04T11:38:10","slug":"foynhagen-artister-foynhagen-med-storslipp","status":"publish","type":"post","link":"https:\/\/www.europesays.com\/no\/103988\/","title":{"rendered":"Foynhagen, Artister | Foynhagen med storslipp"},"content":{"rendered":"\n<p>\u2013 Det er alltid godt \u00e5 kunne slippe de f\u00f8rste artistene etter \u00e5 ha jobbet hardt de siste m\u00e5nedene med \u00e5 sette et program. De artistene vi slipper n\u00e5 treffer bredt b\u00e5de i sjanger og alder, sier daglig leder i Foynhagen, Kim Alexander Holm\u00f8y.<\/p>\n<p>            Disse artistene kommer til Foynhagen i 2026<\/p>\n<p>2. mai: Kjartan Lauritzen<\/p>\n<p>5. juni: Dumdum Boys<\/p>\n<p>6. juni: Bernhoft<\/p>\n<p>8. juli: deLillos<\/p>\n<p>16. juli: Ram\u00f3n<\/p>\n<p>17. juli: Erik &amp; Kriss + K\u00f8de<\/p>\n<p>23. juli: Chris Holsten<\/p>\n<p>24. juli: Synne Vo<\/p>\n<p>29. juli: CC Cowboys<\/p>\n<p>30. juli: Manfred Manns Earth Band<\/p>\n<p>7. august: Klovner i Kamp<\/p>\n<p>15. august: Raga Rockers<\/p>\n<p>20. august: In Flames + Gaerea<\/p>\n<p>5. september: Halva Priset<\/p>\n<p>  Publikumsfavoritter<\/p>\n<p>\u2013 P\u00e5 en og samme sesong samler vi de fire store: Dumdum Boys, Raga Rockers, CC Cowboys og deLillos. Det er artister som virkelig er publikumsfavoritter i T\u00f8nsberg, sier Holm\u00f8y, og fortsetter:<\/p>\n<p><b>\u2013 I tillegg utvider vi det musikalske spekteret, som normalt er p\u00e5 Brygga, ved \u00e5 f\u00e5 bes\u00f8k av et av verdens st\u00f8rste metalband, In Flames. De gj\u00f8r en eksklusiv konsert hos oss p\u00e5 \u00d8stlandet.<\/b><\/p>\n<p>   <img decoding=\"async\" width=\"3194\" height=\"2129\" fetchpriority=\"low\"  loading=\"lazy\"  src=\"https:\/\/www.europesays.com\/no\/wp-content\/uploads\/2025\/12\/cueres_scp-mangler_navn_E0seq_XoLZo.jpg\" alt=\"\" class=\"brick-c-cFOWSL\" style=\"--brick-image-ratio: 3194 \/ 2129;\"\/><\/p>\n<p>      METAL: Vokalist Anders Frid\u00e9n og resten av det svenske heavy metal-bandet \u00abIn Flames\u00bb spiller i T\u00f8nsberg 20. august.<br \/>\n      Foto: Thomas Frey\n    <\/p>\n<p>Holm\u00f8y trekker ogs\u00e5 frem noen av de norske artistene.<\/p>\n<p>\u2013 Vi har med oss noen av Norges mest popul\u00e6re navn akkurat n\u00e5, som Ram\u00f3n, Chris Holsten, Synne Vo og Kjartan Lauritzen.<\/p>\n<p><b>\u2013 Det blir festgaranti med Erik &amp; Kriss og Halva Priset, og vi vet at konsertene med Klovner i Kamp og Manfred Mann\u2019s Earth Band blir popul\u00e6re, legger han til.<\/b><\/p>\n<p>   <img decoding=\"async\" width=\"3862\" height=\"2664\" fetchpriority=\"low\"  loading=\"lazy\"  src=\"https:\/\/www.europesays.com\/no\/wp-content\/uploads\/2025\/12\/5_76_2108908+Kjartan+Lauritzen+7.jpg\" alt=\"\" class=\"brick-c-cFOWSL\" style=\"--brick-image-ratio: 3862 \/ 2664;\"\/><\/p>\n<p>      TIL T\u00d8NSBERG: Kjartan Lauritzen spilte p\u00e5 Slottsfjell i 2023. N\u00e5 kommer den popul\u00e6re Balestrand-artisten tilbake til byen.<br \/>\n      Foto: Kirvil H\u00e5berg\n    <\/p>\n<p>  Kommer flere navn<\/p>\n<p>Dette er Foynhagens f\u00f8rste slipp for 2026. P\u00e5 ny\u00e5ret kommer flere navn, opplyser Holm\u00f8y.<\/p>\n<p><b>\u2013 Jeg kan r\u00f8pe s\u00e5pass at det jobbes med flere utenlandske artister, stand-up, mat- og vinarrangement, og ikke minst aktiviteter rundt fotball-VM, som vi kommer til \u00e5 kj\u00f8re storvisning p\u00e5. <\/b><\/p>\n<p>  <a href=\"https:\/\/www.tb.no\/5-76-2703600\" class=\"related-teaser has-image default-story-teaser article--c-eRUmMG article--c-eRUmMG-jKCPdD-design-default\" rel=\"nofollow noopener\" target=\"_blank\"><\/p>\n<p>    <img decoding=\"async\" loading=\"lazy\"  src=\"https:\/\/www.europesays.com\/no\/wp-content\/uploads\/2025\/12\/IMG_1438.JPG\" alt=\"\" class=\"brick-c-cFOWSL\" style=\"\"\/><\/p>\n<p>\n            Les ogs\u00e5<\/p>\n<p>              Jon Terje gj\u00f8r storeslem \u2013 skapte en halv milliard i omsetning\n        <\/p>\n<p>  <\/a><\/p>\n<p>  <a href=\"https:\/\/www.tb.no\/5-76-2725335\" class=\"related-teaser has-image default-feature-teaser article--c-eRUmMG article--c-eRUmMG-jKCPdD-design-default\" rel=\"nofollow noopener\" target=\"_blank\"><\/p>\n<p>    <img decoding=\"async\" loading=\"lazy\"  src=\"https:\/\/www.europesays.com\/no\/wp-content\/uploads\/2025\/12\/5_76_2169725_IMG_5821.jpg\" alt=\"\" class=\"brick-c-cFOWSL\" style=\"\"\/><\/p>\n<p>\n            Les ogs\u00e5<\/p>\n<p>              Mens foreldre i frivilligheten m\u00e5 jobbe dugnad for \u00e5 skaffe penger, stikker det offentlige av med millioner lag og foreninger kunne f\u00e5tt\n        <\/p>\n<p>  <\/a><\/p>\n<p>  <a href=\"https:\/\/www.tb.no\/5-76-2739909\" class=\"related-teaser has-image default-story-teaser article--c-eRUmMG article--c-eRUmMG-jKCPdD-design-default\" rel=\"nofollow noopener\" target=\"_blank\"><\/p>\n<p>    <img decoding=\"async\" loading=\"lazy\"  src=\"https:\/\/www.europesays.com\/no\/wp-content\/uploads\/2025\/12\/DSC_8232+%281%29.jpg\" alt=\"\" class=\"brick-c-cFOWSL\" style=\"\"\/><\/p>\n<p>\n            Les ogs\u00e5<\/p>\n<p>              Bussturen ble til et mareritt: \u2013 Jeg er fortsatt i sjokk\n        <\/p>\n<p>  <\/a><\/p>\n","protected":false},"excerpt":{"rendered":"\u2013 Det er alltid godt \u00e5 kunne slippe de f\u00f8rste artistene etter \u00e5 ha jobbet hardt de siste&hellip;\n","protected":false},"author":2,"featured_media":103989,"comment_status":"","ping_status":"","sticky":false,"template":"","format":"standard","meta":{"footnotes":""},"categories":[58],"tags":[36,7022,71,13075,410,30,28,29,1510,431,72],"class_list":{"0":"post-103988","1":"post","2":"type-post","3":"status-publish","4":"format-standard","5":"has-post-thumbnail","7":"category-underholdning","8":"tag-art","9":"tag-artister","10":"tag-entertainment","11":"tag-foynhagen","12":"tag-kultur","13":"tag-no","14":"tag-norge","15":"tag-norway","16":"tag-story","17":"tag-tonsberg","18":"tag-underholdning"},"share_on_mastodon":{"url":"https:\/\/pubeurope.com\/@no\/115661105205193048","error":""},"_links":{"self":[{"href":"https:\/\/www.europesays.com\/no\/wp-json\/wp\/v2\/posts\/103988","targetHints":{"allow":["GET"]}}],"collection":[{"href":"https:\/\/www.europesays.com\/no\/wp-json\/wp\/v2\/posts"}],"about":[{"href":"https:\/\/www.europesays.com\/no\/wp-json\/wp\/v2\/types\/post"}],"author":[{"embeddable":true,"href":"https:\/\/www.europesays.com\/no\/wp-json\/wp\/v2\/users\/2"}],"replies":[{"embeddable":true,"href":"https:\/\/www.europesays.com\/no\/wp-json\/wp\/v2\/comments?post=103988"}],"version-history":[{"count":0,"href":"https:\/\/www.europesays.com\/no\/wp-json\/wp\/v2\/posts\/103988\/revisions"}],"wp:featuredmedia":[{"embeddable":true,"href":"https:\/\/www.europesays.com\/no\/wp-json\/wp\/v2\/media\/103989"}],"wp:attachment":[{"href":"https:\/\/www.europesays.com\/no\/wp-json\/wp\/v2\/media?parent=103988"}],"wp:term":[{"taxonomy":"category","embeddable":true,"href":"https:\/\/www.europesays.com\/no\/wp-json\/wp\/v2\/categories?post=103988"},{"taxonomy":"post_tag","embeddable":true,"href":"https:\/\/www.europesays.com\/no\/wp-json\/wp\/v2\/tags?post=103988"}],"curies":[{"name":"wp","href":"https:\/\/api.w.org\/{rel}","templated":true}]}}